{"id":254278,"date":"2025-07-09T09:30:24","date_gmt":"2025-07-09T09:30:24","guid":{"rendered":"https:\/\/www.europesays.com\/de\/254278\/"},"modified":"2025-07-09T09:30:24","modified_gmt":"2025-07-09T09:30:24","slug":"rostige-liebeserklaerung-gelsenkirchen-horst-setzt-zeichen","status":"publish","type":"post","link":"https:\/\/www.europesays.com\/de\/254278\/","title":{"rendered":"Rostige Liebeserkl\u00e4rung: Gelsenkirchen-Horst setzt Zeichen"},"content":{"rendered":"<p class=\"font-sans font-medium\">Gelsenkirchen-Horst. Dieses neue Kunstwerk soll auch ausw\u00e4rtige Besucher nach Gelsenkirchen-Horst locken. Darum gehen die Initiatoren damit einen besonderen Weg. <\/p>\n<p>Schalke hat sie <a href=\"https:\/\/www.waz.de\/staedte\/gelsenkirchen\/article240827210\/Schalke-putzt-sich-als-Selfie-Motiv-fuer-Gelsenkirchen-heraus.html\" data-category-full-path=\"\/staedte\/gelsenkirchen\/\" data-paid-status=\"premium\" data-article-publish-date=\"1702655773\" target=\"_blank\" rel=\"nofollow noopener\">seit Ende 2023<\/a>, die Skulptur mit dem Schriftzug \u201eSchalke\u201c. <a href=\"https:\/\/www.waz.de\/staedte\/gelsenkirchen\/article242113248\/Vorbild-Schalke-Diese-Skulptur-soll-bald-in-Buer-stehen.html\" data-category-full-path=\"\/staedte\/gelsenkirchen\/\" data-paid-status=\"premium\" data-article-publish-date=\"1713266755\" target=\"_blank\" rel=\"nofollow noopener\">Buer wollte eigentlich schon zur Fu\u00dfball-Europameisterschaft im Fr\u00fchjahr 2024 nachziehen<\/a>. Passiert ist aber &#8211; nichts. Stattdessen hat in diesem inoffiziellen Wettbewerb Horst die Nase vorn. Und wie das in der alten Freiheit fast nicht anders zu erwarten war, geht der Verein Zukunft Horst als Initiator einen ganz besonderen Weg.<\/p>\n<p>Vier Meter lang, zwei Meter hoch und 16 Tonnen schwer ist das neueste Stadtteilprojekt auf dem Josef-B\u00fcscher-Platz gegen\u00fcber vom Schloss Horst, das Akteurinnen und Akteure gemeinsam mit Vertretenden der Stadt vor einigen Tagen vorstellten. Gleicherma\u00dfen gedacht als k\u00fcnstlerisches Ortbekenntnis und Fotospot, beeindruckt die Skulptur allein schon mit ihrer Gr\u00f6\u00dfe und Form: als glatt geschliffener Betonquader. Auf den einander gegen\u00fcberliegenden L\u00e4ngsseiten sind jeweils f\u00fcnf schr\u00e4g gestellte Metall-Buchstaben angebracht, die das Wort \u201eHorst\u201c bilden &#8211; \u201enicht in genormter Schreibmaschinenschrift, sondern bewusst k\u00fcnstlerisch inszeniert\u201c, so Daniel Schacht, Vorsitzender des Vereins Zukunft Horst. <\/p>\n<p>   Darum ist die Skulptur in Gelsenkirchen-Horst noch nicht vollendet  <\/p>\n<p>Geschaffen wurde das auff\u00e4llige Objekt von dem \u00fcberregional bekannten <a href=\"https:\/\/www.waz.de\/lokales\/gelsenkirchen\/article407468867\/kuenstler-verewigt-taylor-swift-mit-graffiti-in-gelsenkirchen.html\" data-category-full-path=\"https:\/\/www.waz.de\/lokales\/gelsenkirchen\/\" data-paid-status=\"default\" data-article-publish-date=\"1728963229\" rel=\"nofollow noopener\" target=\"_blank\">Gelsenkirchener PopArt- und Streetart-K\u00fcnstler Beni Veltum<\/a>, umgesetzt vom ebenfalls in Gelsenkirchen ans\u00e4ssigen Lichtwerbeunternehmen Klostermann GmbH. \u201eWir wollten ein starkes, selbstbewusstes Zeichen setzen \u2013 etwas, das Horst nach au\u00dfen strahlen l\u00e4sst und zugleich zur Identifikation mit dem Stadtteil beitr\u00e4gt\u201c, betonte Dr. Constantin Verse, zweiter Vorsitzender des Vereins Zukunft Horst, bei der Pr\u00e4sentation und verwies auf das Herz, das den zweiten Buchstaben des Wortes ersetzt und so einen Eindruck von lockerer Spontaneit\u00e4t erzeugt.<\/p>\n<p>Wie sehr dies Programm ist, wird die Zukunft zeigen, ganz buchst\u00e4blich. Denn die Skulptur ist offiziell noch nicht vollendet: Der metallene Schriftzug auf der L\u00e4ngsseite beginnt erst nach Kontakt mit Wasser durch nat\u00fcrliche Oxidation zu korrodieren. Dieser gewollte Alterungsprozess wird das endg\u00fcltige rostbraune Erscheinungsbild in den kommenden Wochen pr\u00e4gen. Erst danach soll das Werk durch Veltum offiziell den Horsterinnen und Horstern \u00fcbergeben werden.<\/p>\n<p>  F\u00fcr die Skulptur kooperierten Verein Zukunft Horst, B\u00fcrger und Stadt Gelsenkirchen   <\/p>\n<p>    <img decoding=\"async\" src=\"https:\/\/www.europesays.com\/de\/wp-content\/uploads\/2025\/07\/409465876_1752044966_v16_9_1200.jpeg\" class=\"block w-full aspect-[16\/9] \" alt=\"Kunstwerk \u201eHORST\u201c in Gelsenkirchen\" title=\"Die Metall-Buchstaben, die das Wort \u201eHorst\u201c bilden, sind aufgesetzt. Wind und Regen ausgesetzt, sollen sie bewusst korrodieren. Erst mit diesem \u201eEdelrost\u201c ist das Kunstwerk von Beni Veltum vollendet. \" loading=\"lazy\"\/><\/p>\n<p>\n      Die Metall-Buchstaben, die das Wort \u201eHorst\u201c bilden, sind aufgesetzt. Wind und Regen ausgesetzt, sollen sie bewusst korrodieren. Erst mit diesem \u201eEdelrost\u201c ist das Kunstwerk von Beni Veltum vollendet.<br \/>\n      \u00a9 FUNKE Foto Services | Christoph Wojtyczka\n    <\/p>\n<p>Die Idee zu dem Projekt entstand kurz nach <a href=\"https:\/\/www.waz.de\/staedte\/gelsenkirchen\/article241718382\/Wie-ein-Verein-Gelsenkirchen-Horsts-Zukunft-anpacken-will.html\" data-category-full-path=\"\/staedte\/gelsenkirchen\/\" data-paid-status=\"premium\" data-article-publish-date=\"1708436085\" target=\"_blank\" rel=\"nofollow noopener\">Gr\u00fcndung des Vereins im vergangenen Jahr<\/a> \u2013 inspiriert vom bekannten \u201eSchalke\u201c-Schriftzug am Grilloplatz. Das \u201eStadtteil-Statement\u201c soll nicht nur Bewohnerinnen und Bewohner ansprechen, sondern auch Besucherinnen und Besucher nach Horst locken, so die st\u00e4dtische Wirtschaftsf\u00f6rderin Dr. Uta Willim. <\/p>\n<p>   Gelsenkirchen-Newsletter: Jetzt anmelden!<\/p>\n<p class=\"text-body2 mt-2\">Nachrichten, Service, Reportagen: Jeden Tag wissen, was in unserer Stadt los ist.<\/p>\n<p class=\"text-caption text-copy-secondary\">\n          Mit meiner Anmeldung zum Newsletter stimme ich der<br \/>\n          <a href=\"https:\/\/www.waz.de\/services\/newsletter-adconsent\" class=\"text-overline text-copy-accent-negative dark:underline\" rel=\"nofollow noopener\" target=\"_blank\">Werbevereinbarung<\/a><br \/>\n          zu.\n        <\/p>\n<p><strong>Sie wollen keine Nachricht aus Gelsenkirchen verpassen? <a href=\"https:\/\/www.waz.de\/staedte\/gelsenkirchen\/article229659256\/Gelsenkirchen-So-abonnieren-Sie-unseren-WAZ-Newsletter.html\" data-category-full-path=\"\/staedte\/gelsenkirchen\/\" data-paid-status=\"free\" data-article-publish-date=\"1596115466\" rel=\"nofollow noopener\" target=\"_blank\">Abonnieren Sie hier unseren t\u00e4glichen Newsletter<\/a>. Mehr aus unserer Lokalredaktion gibt es auf unseren <a href=\"https:\/\/www.facebook.com\/WAZGelsenkirchen\/?locale=de_DE\" target=\"_blank\" rel=\"nofollow noopener\">Facebook<\/a>&#8211; und <a href=\"https:\/\/www.instagram.com\/wazgelsenkirchen_getaggt\/\" target=\"_blank\" rel=\"nofollow noopener\">Instagram-Kan\u00e4len.<\/a> Abonnieren Sie auch unser t\u00e4gliches, kostenloses News-Update auf <a href=\"https:\/\/www.waz.de\/staedte\/gelsenkirchen\/article241929358\/Neu-bei-WhatsApp-Jetzt-die-WAZ-Gelsenkirchen-abonnieren.html\" data-category-full-path=\"\/staedte\/gelsenkirchen\/\" data-paid-status=\"default\" data-article-publish-date=\"1711449600\" rel=\"nofollow noopener\" target=\"_blank\">WhatsApp<\/a>. Oder besuchen Sie die WAZ Gelsenkirchen jetzt auf <a href=\"https:\/\/www.tiktok.com\/@waz_gelsenkirchen?lang=de-DE\" target=\"_blank\" rel=\"nofollow noopener\">TikTok<\/a>. <\/strong><\/p>\n<p>\u201eDas Projekt zeigt beispielhaft, was m\u00f6glich ist, wenn Stadt, B\u00fcrgerschaft und Wirtschaft gemeinsam an einem Strang ziehen\u201c, betonte Konstantin Noll, der neu eingesetzte City-Manager f\u00fcr Horst. Die Kosten in H\u00f6he eines niedrigen f\u00fcnfstelligen Betrags \u00fcbernimmt letztlich die Stadt. Eine entsprechende Finanzierung war im Rahmen der Haushaltsberatungen vom Rat beschlossen worden. Der urspr\u00fcnglich f\u00fcr die Fu\u00dfballeuropameisterschaft installierte rote Selfierahmen wurde etwas versetzt, um dem Kunstwerk Raum zu geben und es in Blickrichtung zur Stra\u00dfe optimal zu platzieren.<\/p>\n<p>  <script async src=\"\/\/www.instagram.com\/embed.js\"><\/script><script async src=\"\/\/www.tiktok.com\/embed.js\"><\/script><\/p>\n","protected":false},"excerpt":{"rendered":"Gelsenkirchen-Horst. Dieses neue Kunstwerk soll auch ausw\u00e4rtige Besucher nach Gelsenkirchen-Horst locken. Darum gehen die Initiatoren damit einen besonderen&hellip;\n","protected":false},"author":2,"featured_media":254279,"comment_status":"","ping_status":"","sticky":false,"template":"","format":"standard","meta":{"footnotes":""},"categories":[1848],"tags":[3364,29,548,663,3934,3658,30,13,14,15,1209,12],"class_list":{"0":"post-254278","1":"post","2":"type-post","3":"status-publish","4":"format-standard","5":"has-post-thumbnail","7":"category-gelsenkirchen","8":"tag-de","9":"tag-deutschland","10":"tag-eu","11":"tag-europa","12":"tag-europe","13":"tag-gelsenkirchen","14":"tag-germany","15":"tag-headlines","16":"tag-nachrichten","17":"tag-news","18":"tag-nordrhein-westfalen","19":"tag-schlagzeilen"},"share_on_mastodon":{"url":"https:\/\/pubeurope.com\/@de\/114822579915146126","error":""},"_links":{"self":[{"href":"https:\/\/www.europesays.com\/de\/wp-json\/wp\/v2\/posts\/254278","targetHints":{"allow":["GET"]}}],"collection":[{"href":"https:\/\/www.europesays.com\/de\/wp-json\/wp\/v2\/posts"}],"about":[{"href":"https:\/\/www.europesays.com\/de\/wp-json\/wp\/v2\/types\/post"}],"author":[{"embeddable":true,"href":"https:\/\/www.europesays.com\/de\/wp-json\/wp\/v2\/users\/2"}],"replies":[{"embeddable":true,"href":"https:\/\/www.europesays.com\/de\/wp-json\/wp\/v2\/comments?post=254278"}],"version-history":[{"count":0,"href":"https:\/\/www.europesays.com\/de\/wp-json\/wp\/v2\/posts\/254278\/revisions"}],"wp:featuredmedia":[{"embeddable":true,"href":"https:\/\/www.europesays.com\/de\/wp-json\/wp\/v2\/media\/254279"}],"wp:attachment":[{"href":"https:\/\/www.europesays.com\/de\/wp-json\/wp\/v2\/media?parent=254278"}],"wp:term":[{"taxonomy":"category","embeddable":true,"href":"https:\/\/www.europesays.com\/de\/wp-json\/wp\/v2\/categories?post=254278"},{"taxonomy":"post_tag","embeddable":true,"href":"https:\/\/www.europesays.com\/de\/wp-json\/wp\/v2\/tags?post=254278"}],"curies":[{"name":"wp","href":"https:\/\/api.w.org\/{rel}","templated":true}]}}