{"id":254379,"date":"2025-07-09T10:23:11","date_gmt":"2025-07-09T10:23:11","guid":{"rendered":"https:\/\/www.europesays.com\/de\/254379\/"},"modified":"2025-07-09T10:23:11","modified_gmt":"2025-07-09T10:23:11","slug":"hamburg-quartiere-sollen-durch-neue-parkregelung-entlastet-werden","status":"publish","type":"post","link":"https:\/\/www.europesays.com\/de\/254379\/","title":{"rendered":"Hamburg: Quartiere sollen durch neue Parkregelung entlastet werden"},"content":{"rendered":"<p>        <img decoding=\"async\" src=\"https:\/\/www.europesays.com\/de\/wp-content\/uploads\/2025\/07\/anwohnerparken146.webp\" alt=\"Ein Schild &quot;Parkscheinautomat&quot; steht in einem Gebiet mit Bewohnerparken in Hamburg St. Georg\" title=\"Ein Schild &quot;Parkscheinautomat&quot; steht in einem Gebiet mit Bewohnerparken in Hamburg St. Georg | NDR, Alexander Heinz\" class=\"responsive\"\/><\/p>\n<p>AUDIO: Parkraum f\u00fcr Anwohnende: Rot-Gr\u00fcn will Nachbarschaftsparken ausweiten (1 Min)<\/p>\n<p>\n            Stand: 09.07.2025 11:55 Uhr<\/p>\n<p class=\"preface\">SPD und Gr\u00fcne wollen in Hamburg Park-and-Ride-Anlagen auch f\u00fcr Anwohnerinnen und Anwohner freigeben. So sollen Quartiere entlastet und vorhandene Fl\u00e4chen effizienter genutzt werden.<\/p>\n<p class=\"\">\nSeit Februar l\u00e4uft im Bezirk Wandsbek auf den zwei Park-and-Ride-Anlagen Meiendorfer Weg und Volksdorf ein Pilotprojekt mit dem Namen &#8222;Nachbarschaftsparken&#8220;. Dort k\u00f6nnen Anwohnerinnen und Anwohner f\u00fcr 50 Euro im Monat einen Stellplatz mieten. Laut SPD und Gr\u00fcnen werden die Fl\u00e4chen so besser ausgelastet und die Stra\u00dfen gleichzeitig entlastet.<\/p>\n<p>    Anlagen bisher oft nur zur H\u00e4lfte belegt<\/p>\n<p class=\"\">\nDie insgesamt 35 Park-and-Ride-Fl\u00e4chen in Hamburg sind sehr unterschiedliche ausgelastet, wie eine Auswertung f\u00fcr das erste Quartal 2025 zeigt. Demnach lag die durchschnittliche Auslastung in dieser Zeit an der Horner Rennbahn bei 100 Prozent, in Niendorf Markt bei 99 Prozent und in Bergedorf bei 99 Prozent. Anlagen in Volksdorf, der Steinfurther Allee, Neugraben, Meiendorfer Weg und Langenhorn Markt wurden zum Teil nur zu unter 50 Prozent genutzt.<\/p>\n<p>    B\u00fcrgerschaft entscheidet am 16. Juli<\/p>\n<p class=\"\">\nSPD und Gr\u00fcne haben zur Ausweitung des Pilotprojektes &#8211; wie im Koalitionsvertrag vereinbart &#8211; einen gemeinsamen Antrag in die B\u00fcrgerschaft eingebracht. \u00dcber den Vorschlag wird in der n\u00e4chsten Sitzung am Mittwoch, den 16. Juli, entschieden. Ziel ist es, die Fl\u00e4chen weiterhin Pendlerinnen und Pendlern anzubieten, aber gleichzeitig auch den Anwohnerinnen und Anwohnern eine neue Option zu geben.<\/p>\n<p>    Park-and-Ride hilft, Verkehr zu reduzieren<\/p>\n<p class=\"\">\nPendlerinnen und Pendler k\u00f6nnen auf den Park-and-Ride-Anlagen gegen eine geringe Geb\u00fchr ihr Auto abstellen und dort dann auf U- oder S-Bahn umsteigen. Damit sollen weniger Autos in die Innenstadt kommen und der Verkehr insgesamt reduziert werden. Die Geb\u00fchr liegt bei 2 Euro f\u00fcr 24 Stunden, 20 Euro f\u00fcr 30 Tage beziehungsweise 100 Euro pro Jahr.<\/p>\n<p>        <img decoding=\"async\" src=\"https:\/\/www.europesays.com\/de\/wp-content\/uploads\/2025\/07\/anwohnerparken146.webp\" alt=\"Ein Schild &quot;Parkscheinautomat&quot; steht in einem Gebiet mit Bewohnerparken in Hamburg St. Georg\" title=\"Ein Schild &quot;Parkscheinautomat&quot; steht in einem Gebiet mit Bewohnerparken in Hamburg St. Georg | NDR, Alexander Heinz\" class=\"responsive\" loading=\"lazy\"\/><\/p>\n<p>Handwerker und Pflegedienste k\u00f6nnen in Hamburg nun leichter in Bewohnerparkzonen parken. Es wurden mehr Ausnahmegenehmigungen erteilt. (19.09.2024)<\/p>\n<p>        <img decoding=\"async\" src=\"https:\/\/www.europesays.com\/de\/wp-content\/uploads\/2025\/07\/parkandride140.webp\" alt=\"Park+Ride-Anlage an der S-Bahn-Station Elbgaustra\u00dfe in Hamburg.\" title=\"Park+Ride-Anlage an der S-Bahn-Station Elbgaustra\u00dfe in Hamburg. | picture alliance \/ dpa, Daniel reinhardt\" class=\"responsive\" loading=\"lazy\"\/><\/p>\n<p>Das Auto am Stadtrand parken und mit der Bahn in die Innenstadt fahren: In Hamburg nutzen immer mehr Menschen die P+R-Anlagen an U- und S-Bahnh\u00f6fen.<\/p>\n<p>Dieses Thema im Programm:<\/p>\n<p>                NDR 90,3 | NDR 90,3 Aktuell | 09.07.2025 | 10:00 Uhr<\/p>\n","protected":false},"excerpt":{"rendered":"AUDIO: Parkraum f\u00fcr Anwohnende: Rot-Gr\u00fcn will Nachbarschaftsparken ausweiten (1 Min) Stand: 09.07.2025 11:55 Uhr SPD und Gr\u00fcne wollen&hellip;\n","protected":false},"author":2,"featured_media":254380,"comment_status":"","ping_status":"","sticky":false,"template":"","format":"standard","meta":{"footnotes":""},"categories":[1826],"tags":[14497,513,77755,29,30,692,691,8430,77756],"class_list":{"0":"post-254379","1":"post","2":"type-post","3":"status-publish","4":"format-standard","5":"has-post-thumbnail","7":"category-hamburg","8":"tag-anwohnerparken","9":"tag-auto","10":"tag-bewohnerparken","11":"tag-deutschland","12":"tag-germany","13":"tag-hamburg","14":"tag-hh","15":"tag-parkplaetze","16":"tag-parkzonen"},"share_on_mastodon":{"url":"https:\/\/pubeurope.com\/@de\/114822788277473973","error":""},"_links":{"self":[{"href":"https:\/\/www.europesays.com\/de\/wp-json\/wp\/v2\/posts\/254379","targetHints":{"allow":["GET"]}}],"collection":[{"href":"https:\/\/www.europesays.com\/de\/wp-json\/wp\/v2\/posts"}],"about":[{"href":"https:\/\/www.europesays.com\/de\/wp-json\/wp\/v2\/types\/post"}],"author":[{"embeddable":true,"href":"https:\/\/www.europesays.com\/de\/wp-json\/wp\/v2\/users\/2"}],"replies":[{"embeddable":true,"href":"https:\/\/www.europesays.com\/de\/wp-json\/wp\/v2\/comments?post=254379"}],"version-history":[{"count":0,"href":"https:\/\/www.europesays.com\/de\/wp-json\/wp\/v2\/posts\/254379\/revisions"}],"wp:featuredmedia":[{"embeddable":true,"href":"https:\/\/www.europesays.com\/de\/wp-json\/wp\/v2\/media\/254380"}],"wp:attachment":[{"href":"https:\/\/www.europesays.com\/de\/wp-json\/wp\/v2\/media?parent=254379"}],"wp:term":[{"taxonomy":"category","embeddable":true,"href":"https:\/\/www.europesays.com\/de\/wp-json\/wp\/v2\/categories?post=254379"},{"taxonomy":"post_tag","embeddable":true,"href":"https:\/\/www.europesays.com\/de\/wp-json\/wp\/v2\/tags?post=254379"}],"curies":[{"name":"wp","href":"https:\/\/api.w.org\/{rel}","templated":true}]}}