{"id":254509,"date":"2025-07-09T11:33:10","date_gmt":"2025-07-09T11:33:10","guid":{"rendered":"https:\/\/www.europesays.com\/de\/254509\/"},"modified":"2025-07-09T11:33:10","modified_gmt":"2025-07-09T11:33:10","slug":"duesseldorf-hund-angebunden-und-maul-mit-panzertape-zugeklebt","status":"publish","type":"post","link":"https:\/\/www.europesays.com\/de\/254509\/","title":{"rendered":"D\u00fcsseldorf: Hund angebunden und Maul mit Panzertape zugeklebt"},"content":{"rendered":"<p class=\"text_ohne_einzug richtext text-em-55 !leading-serif mx-6 desktop:mx-0\"> \u201eWir sind entsetzt\u201c &#8211; damit beginnt ein Post des D\u00fcsseldorfer Tierheims bei <a href=\"https:\/\/rp-online.de\/thema\/facebook\/\" rel=\"nofollow noopener\" target=\"_blank\">Facebook<\/a>. Grund daf\u00fcr ist ein schlimmer Fund in Unterbach, dort war ein Hund mit zugeklebtem Maul an einem Baum angebunden. \u201eIch bin jetzt seit 30 Jahren hier bei Tierheim\u201c, sagt die Leiterin Melanie Gordon, \u201eaber das habe ich noch nicht erlebt.\u201c Auch im Netz ist das Entsetzen gro\u00dfe, der Post bei Facebook hat bereits rund 800 Kommentare.<\/p>\n<p class=\"richtext text-em-55 !leading-serif mx-6 desktop:mx-0\">Was war geschehen? Spazierg\u00e4nger hatten am Dienstag in einem W\u00e4ldchen in dem \u00f6stlichen Stadtteil einen Labrador gefunden, der an einen Baum angebunden war. Das Unfassbare: Dem Tier war das Maul mit Panzerklebeband zugeklebt worden. \u201eAu\u00dferdem war ihm noch ein Halti, also ein Stoffmaulkorb, angelegt\u201c, sagte Gordon. Es sei dem Hund unm\u00f6glich gewesen, zu hecheln oder zu bellen, um auf sich aufmerksam zu machen. \u201eDer Arme konnte nur winseln.\u201c<\/p>\n<p class=\"richtext text-em-55 !leading-serif mx-6 desktop:mx-0\">Die Finder h\u00e4tten das Klebeband entfernt, damit das Tier erst einmal wieder richtig atmen konnte. Das ging jedoch nicht ohne Verletzungen, denn dem Hund wurde durch das sehr fest klebende Band Fell vom Maul gerissen. \u201eDie ganze Nase ist so verletzt, dass er erst einmal behandelt werden muss\u201c, sagte Gordon.<\/p>\n<p class=\"richtext text-em-55 !leading-serif mx-6 desktop:mx-0\">Insgesamt gehe es dem Tier aber gut. \u201eWir haben ihm am ersten Tag erst einmal Zeit gegeben, sich zu erholen und an die neue Situation zu gew\u00f6hnen. Am Mittwoch wird sich ein Tierarzt um ihn k\u00fcmmern.\u201c Wie alt der Hund ist, kann Gordon noch nicht sagen. \u201eWir haben uns die Z\u00e4hne noch nicht angeguckt, aber es ist ein eher junges Modell.\u201c Er habe einen eher ungest\u00fcmen Charakter.<\/p>\n<p class=\"richtext text-em-55 !leading-serif mx-6 desktop:mx-0\">Dass Tiere irgendwo angebunden und zur\u00fcckgelassen werden, w\u00fcrden sie im <a href=\"https:\/\/rp-online.de\/thema\/tierheim\/\" rel=\"nofollow noopener\" target=\"_blank\">Tierheim<\/a> h\u00e4ufiger erleben, geh\u00e4uft vor den <a href=\"https:\/\/rp-online.de\/thema\/sommerferien\/\" rel=\"nofollow noopener\" target=\"_blank\">Sommerferien<\/a>. Einen solch krassen Fall habe es aber in D\u00fcsseldorf und Umgebung bislang noch nicht gegeben. \u201eVielleicht wollten die Besitzer, dass das Tier nicht bellen kann oder gar, dass es gar nicht gefunden wird.\u201c<\/p>\n<p class=\"richtext text-em-55 !leading-serif mx-6 desktop:mx-0\">Jetzt versucht das Tierheim, die Besitzer des Hundes zu ermitteln. Wer Hinweise geben kann, m\u00f6ge sich unter der Rufnummer 0211-651850 melden. \u201eErste Hinweise haben wir bereits bekommen, den m\u00fcssen wir jetzt erst einmal nachgehen\u201c, sagte Gordon. Da bereits viele Anfragen beim Tierheim eingegangen seien, hier noch der Hinweis: Der Hund steht aktuell nicht zu Vermittlung. Da es sich um einen Fundhund handle, sei er nicht Eigentum des Tierheims. \u201eWir bitten daher, von weiteren Anfragen abzusehen.\u201c<\/p>\n","protected":false},"excerpt":{"rendered":"\u201eWir sind entsetzt\u201c &#8211; damit beginnt ein Post des D\u00fcsseldorfer Tierheims bei Facebook. Grund daf\u00fcr ist ein schlimmer&hellip;\n","protected":false},"author":2,"featured_media":254510,"comment_status":"","ping_status":"","sticky":false,"template":"","format":"standard","meta":{"footnotes":""},"categories":[1831],"tags":[77794,11036,6507,3364,29,3405,32628,291,30,604,77793,1209,17547,77795,2631,41152,2486],"class_list":{"0":"post-254509","1":"post","2":"type-post","3":"status-publish","4":"format-standard","5":"has-post-thumbnail","7":"category-duesseldorf","8":"tag-angebunden","9":"tag-baum","10":"tag-beginnt","11":"tag-de","12":"tag-deutschland","13":"tag-duesseldorf","14":"tag-entsetzt","15":"tag-facebook","16":"tag-germany","17":"tag-hund","18":"tag-maul","19":"tag-nordrhein-westfalen","20":"tag-post","21":"tag-stoffmaulkorb","22":"tag-tier","23":"tag-tierarzt","24":"tag-tierheim"},"share_on_mastodon":{"url":"https:\/\/pubeurope.com\/@de\/114823063781941127","error":""},"_links":{"self":[{"href":"https:\/\/www.europesays.com\/de\/wp-json\/wp\/v2\/posts\/254509","targetHints":{"allow":["GET"]}}],"collection":[{"href":"https:\/\/www.europesays.com\/de\/wp-json\/wp\/v2\/posts"}],"about":[{"href":"https:\/\/www.europesays.com\/de\/wp-json\/wp\/v2\/types\/post"}],"author":[{"embeddable":true,"href":"https:\/\/www.europesays.com\/de\/wp-json\/wp\/v2\/users\/2"}],"replies":[{"embeddable":true,"href":"https:\/\/www.europesays.com\/de\/wp-json\/wp\/v2\/comments?post=254509"}],"version-history":[{"count":0,"href":"https:\/\/www.europesays.com\/de\/wp-json\/wp\/v2\/posts\/254509\/revisions"}],"wp:featuredmedia":[{"embeddable":true,"href":"https:\/\/www.europesays.com\/de\/wp-json\/wp\/v2\/media\/254510"}],"wp:attachment":[{"href":"https:\/\/www.europesays.com\/de\/wp-json\/wp\/v2\/media?parent=254509"}],"wp:term":[{"taxonomy":"category","embeddable":true,"href":"https:\/\/www.europesays.com\/de\/wp-json\/wp\/v2\/categories?post=254509"},{"taxonomy":"post_tag","embeddable":true,"href":"https:\/\/www.europesays.com\/de\/wp-json\/wp\/v2\/tags?post=254509"}],"curies":[{"name":"wp","href":"https:\/\/api.w.org\/{rel}","templated":true}]}}