{"id":254578,"date":"2025-07-09T12:10:20","date_gmt":"2025-07-09T12:10:20","guid":{"rendered":"https:\/\/www.europesays.com\/de\/254578\/"},"modified":"2025-07-09T12:10:20","modified_gmt":"2025-07-09T12:10:20","slug":"zeiten-tickets-anfahrt-parken-wetter","status":"publish","type":"post","link":"https:\/\/www.europesays.com\/de\/254578\/","title":{"rendered":"Zeiten, Tickets, Anfahrt, Parken &#038; Wetter"},"content":{"rendered":"<p>        <img decoding=\"async\" src=\"https:\/\/www.europesays.com\/de\/wp-content\/uploads\/2025\/03\/rs-badge-recommendation.png\" alt=\"ROLLING STONE Badge\"\/><\/p>\n<p>Empfehlungen der\u00a0Redaktion<\/p>\n<p>Am Freitag (11. Juli) spielt<a href=\"https:\/\/www.rollingstone.de\/iron-maiden-manager-smartphones-3017049\/\" target=\"_blank\" rel=\"noopener\"> Iron Maiden<\/a> in der VELTINS-Arena in Gelsenkirchen. Es ist das erste ihrer f\u00fcnf Deutschland-Konzerte. Nach Gelsenkirchen geht es weiter nach Bremen, Frankfurt, Stuttgart und Berlin. Die Shows sind Teil ihrer \u201eRun For Your Lives World Tour\u201c, die im Mai in Mailand gestartet ist. Insgesamt sollen in Europa 32 Konzerte stattfinden.<\/p>\n<p>Hier alle Informationen zur Show der britischen Heavy-Metal-Band in Gelsenkirchen:<\/p>\n<p>Zeiten &amp; Support<\/p>\n<p>Auch wenn es keine offizielle Setlist gibt, kann sich grob an vergangenen Konzerten orientiert werden. Laut \u201eSetlist.fm\u201c k\u00f6nnte die Setlist so aussehen:<\/p>\n<ol>\n<li>Murders in the Rue Morgue<\/li>\n<li>Wrathchild<\/li>\n<li>Killers<\/li>\n<li>Phantom of the Opera<\/li>\n<li>The Number of the Beast<\/li>\n<li>The Clairvoyant<\/li>\n<li>Powerslave<\/li>\n<li>2 Minutes to Midnight<\/li>\n<li>Rime of the Ancient Mariner<\/li>\n<li>Run to the Hills<\/li>\n<li>Seventh Son of a Seventh Son<\/li>\n<li>The Trooper<\/li>\n<li>Hallowed Be Thy Name<\/li>\n<li>Iron Maiden<\/li>\n<li>Aces High<\/li>\n<li>Fear of the Dark<\/li>\n<li>Wasted Years<\/li>\n<\/ol>\n<p>Tickets<\/p>\n<p>Es sind noch wenige Tickets \u00fcber <a href=\"https:\/\/www.eventim.de\/event\/iron-maiden-run-for-your-lives-world-tour-202526-veltins-arena-19165222\/?_gl=1*17ztzvz*_gcl_aw*R0NMLjE3NTIwNDk0NTQuQ2p3S0NBandwcmpEQmhCVEVpd0ExbTFkMHRMQjdBWjlkaGRLN2pmN243dzk3ejRQQ1ltTUdYNEhnYjQ1cGZ1LVZkMUZ3c01qNlFNa3dCb0MtZElRQXZEX0J3RQ..*FPAU*NzA2NjU3ODc1LjE3NTAwNzE1ODQ.*_ga*MjIwMDMwODA3LjE3NTAwNzE1ODM.*_ga_4FPWG6DFLY*czE3NTIwNDk0NDUkbzE1JGcxJHQxNzUyMDQ5NDU3JGo0OCRsMCRoMTY4NTcwOTUwNg..&amp;affiliate=FSL\" target=\"_blank\" rel=\"noopener\">Eventim<\/a> erh\u00e4ltlich. Stehpl\u00e4tze im Unterrang kosten rund 105 Euro. Sitzpl\u00e4tze sind im regul\u00e4ren Handel nicht mehr verf\u00fcgbar.<\/p>\n<p>Anfahrt<br \/>\nAnreise mit dem Auto oder Motorrad<\/p>\n<p>Adresse: Rudi-Assauer-Platz 1, 45891 Gelsenkirchen<\/p>\n<p>Anfahrt zur VELTINS-Arena<\/p>\n<p>Mit dem Auto gelangt man \u00fcber die Ausfahrt 6 (Gelsenkirchen-Buer) an der A2 und die Ausfahrt 17 (Gelsenkirchen-Schalke) an der A42 direkt zur Arena. Ab den Anschlussstellen bitte der Beschilderung zur VELTINS-Arena folgen.<\/p>\n<p>Anreise mit Navigationssystem<\/p>\n<p>Zu den Parkpl\u00e4tzen A, B, C1, C2, C3 und Kinocenter, \u201eAdenauerallee\u201c eingeben. Zu den Parkpl\u00e4tzen D1, D2, D3, D4, E1 und E2,\u00a0 \u201eWilly-Brandt-Allee\u201c eingeben.<\/p>\n<p>Zufahrt VIP-Parkpl\u00e4tze<\/p>\n<p>Die VIP-Parkpl\u00e4tze P1, PH1 und P2 erreicht man \u00fcber den Stan-Libuda-Weg, den VIP-Parkplatz P3 \u00fcber den Ernst-Kuzorra-Weg und den P7 \u00fcber den Berni-Klodt-Weg.<\/p>\n<p>Parken<\/p>\n<p>Insgesamt stehen 14.000 Parkpl\u00e4tze vor Ort zur Verf\u00fcgung.<\/p>\n<p>Anreise mit \u00f6ffentlichen Verkehrsmitteln<\/p>\n<p>Nutzer \u00f6ffentlicher Verkehrsmittel gelangen am g\u00fcnstigsten mit der Stra\u00dfenbahnlinie 302 zum Vereinsgel\u00e4nde, die von Bochum Hbf \u00fcber Gelsenkirchen Hbf in Richtung GE-Buer zur Haltestelle \u201eVELTINS-Arena\u201c verkehrt.<\/p>\n<p>Vom Hauptbahnhof Gelsenkirchen<\/p>\n<p>Im 1. Untergeschoss des Bahnhofs befindet sich die Stra\u00dfenbahn-Haltestelle. Mit der Stra\u00dfenbahnlinie 302 (Richtung GE-Buer) kann man bis zur Haltestelle \u201eVELTINS-Arena\u201c fahren. Die Fahrt dauert ca. 15 Minuten. In ihrer Mobilit\u00e4t eingeschr\u00e4nkte Personen sollten schon an der Haltestelle \u201eWilly-Brandt-Allee\u201c aussteigen, da diese Haltestelle barrierefrei und nur unwesentlich weiter von der Arena entfernt ist. Fahrplan-Informationen der Stra\u00dfenbahn findet man in der Fahrplanauskunft des VRR (Verkehrsverbund Rhein-Ruhr).<\/p>\n<p>Wetter<\/p>\n<p>Das Wetter am Konzerttag soll warm, aber bew\u00f6lkt sein. Mittags werden etwa 21 Grad erwartet, gegen Abend soll sich die Sonne wieder etwas zeigen, die Temperaturen bleiben dabei stabil. Ab 22 Uhr k\u00fchlt es leicht auf etwa 18 Grad ab. Regen ist f\u00fcr den Tag nicht vorhergesagt.<\/p>\n","protected":false},"excerpt":{"rendered":"Empfehlungen der\u00a0Redaktion Am Freitag (11. Juli) spielt Iron Maiden in der VELTINS-Arena in Gelsenkirchen. Es ist das erste&hellip;\n","protected":false},"author":2,"featured_media":254579,"comment_status":"","ping_status":"","sticky":false,"template":"","format":"standard","meta":{"footnotes":""},"categories":[1848],"tags":[4407,3364,29,548,663,3934,3658,30,13,10946,14,15,1209,12,4757,1973,19774],"class_list":{"0":"post-254578","1":"post","2":"type-post","3":"status-publish","4":"format-standard","5":"has-post-thumbnail","7":"category-gelsenkirchen","8":"tag-anfahrt","9":"tag-de","10":"tag-deutschland","11":"tag-eu","12":"tag-europa","13":"tag-europe","14":"tag-gelsenkirchen","15":"tag-germany","16":"tag-headlines","17":"tag-iron-maiden","18":"tag-nachrichten","19":"tag-news","20":"tag-nordrhein-westfalen","21":"tag-schlagzeilen","22":"tag-veltins-arena","23":"tag-wetter","24":"tag-zeiten"},"share_on_mastodon":{"url":"https:\/\/pubeurope.com\/@de\/114823209376587572","error":""},"_links":{"self":[{"href":"https:\/\/www.europesays.com\/de\/wp-json\/wp\/v2\/posts\/254578","targetHints":{"allow":["GET"]}}],"collection":[{"href":"https:\/\/www.europesays.com\/de\/wp-json\/wp\/v2\/posts"}],"about":[{"href":"https:\/\/www.europesays.com\/de\/wp-json\/wp\/v2\/types\/post"}],"author":[{"embeddable":true,"href":"https:\/\/www.europesays.com\/de\/wp-json\/wp\/v2\/users\/2"}],"replies":[{"embeddable":true,"href":"https:\/\/www.europesays.com\/de\/wp-json\/wp\/v2\/comments?post=254578"}],"version-history":[{"count":0,"href":"https:\/\/www.europesays.com\/de\/wp-json\/wp\/v2\/posts\/254578\/revisions"}],"wp:featuredmedia":[{"embeddable":true,"href":"https:\/\/www.europesays.com\/de\/wp-json\/wp\/v2\/media\/254579"}],"wp:attachment":[{"href":"https:\/\/www.europesays.com\/de\/wp-json\/wp\/v2\/media?parent=254578"}],"wp:term":[{"taxonomy":"category","embeddable":true,"href":"https:\/\/www.europesays.com\/de\/wp-json\/wp\/v2\/categories?post=254578"},{"taxonomy":"post_tag","embeddable":true,"href":"https:\/\/www.europesays.com\/de\/wp-json\/wp\/v2\/tags?post=254578"}],"curies":[{"name":"wp","href":"https:\/\/api.w.org\/{rel}","templated":true}]}}