{"id":254603,"date":"2025-07-09T12:25:14","date_gmt":"2025-07-09T12:25:14","guid":{"rendered":"https:\/\/www.europesays.com\/de\/254603\/"},"modified":"2025-07-09T12:25:14","modified_gmt":"2025-07-09T12:25:14","slug":"nobelpreistraeger-starten-ukraine-petition-pro-physik-de","status":"publish","type":"post","link":"https:\/\/www.europesays.com\/de\/254603\/","title":{"rendered":"Nobelpreistr\u00e4ger starten Ukraine-Petition \u2022 pro-physik.de"},"content":{"rendered":"<p>\u201eWir werden uns f\u00fcr immer an unsere Erlebnisse w\u00e4hrend dieser Reise erinnern\u201c, erkl\u00e4rt Krausz. \u201eDie Gefahr durch Bomben und Drohnen war allgegenw\u00e4rtig\u201c, erinnert sich der Nobelpreistr\u00e4ger. \u201eDas dumpfe Ger\u00e4usch der Explosionen abgefangener Raketen und Drohnen in der Ferne machte uns bewusst, dass wir uns mitten in einem Krieg befanden.\u201c In der Nacht bevor Krausz und Haroche Kiew verlie\u00dfen, um mit dem Zug nach Budapest zur\u00fcckzufahren, erfuhren sie, dass eine Rakete ein Hotel in Kryvyi Rih getroffen hatte, in dem Freiwillige einer humanit\u00e4ren Organisation \u2013 B\u00fcrger aus der Ukraine, Gro\u00dfbritannien und den USA \u2013 untergebracht waren. F\u00fcnf Menschen wurden get\u00f6tet und mehr als ein Dutzend schwer verletzt. Es war ein russischer Angriff auf zivile Infrastruktur, hei\u00dft es in der Erkl\u00e4rung, ein Ziel ohne jegliche milit\u00e4rische Bedeutung, ein Kriegsverbrechen.<\/p>\n","protected":false},"excerpt":{"rendered":"\u201eWir werden uns f\u00fcr immer an unsere Erlebnisse w\u00e4hrend dieser Reise erinnern\u201c, erkl\u00e4rt Krausz. \u201eDie Gefahr durch Bomben&hellip;\n","protected":false},"author":2,"featured_media":254604,"comment_status":"","ping_status":"","sticky":false,"template":"","format":"standard","meta":{"footnotes":""},"categories":[4012],"tags":[331,332,13,14,15,12,317],"class_list":{"0":"post-254603","1":"post","2":"type-post","3":"status-publish","4":"format-standard","5":"has-post-thumbnail","7":"category-ukraine","8":"tag-aktuelle-nachrichten","9":"tag-aktuelle-news","10":"tag-headlines","11":"tag-nachrichten","12":"tag-news","13":"tag-schlagzeilen","14":"tag-ukraine"},"share_on_mastodon":{"url":"https:\/\/pubeurope.com\/@de\/114823268111818490","error":""},"_links":{"self":[{"href":"https:\/\/www.europesays.com\/de\/wp-json\/wp\/v2\/posts\/254603","targetHints":{"allow":["GET"]}}],"collection":[{"href":"https:\/\/www.europesays.com\/de\/wp-json\/wp\/v2\/posts"}],"about":[{"href":"https:\/\/www.europesays.com\/de\/wp-json\/wp\/v2\/types\/post"}],"author":[{"embeddable":true,"href":"https:\/\/www.europesays.com\/de\/wp-json\/wp\/v2\/users\/2"}],"replies":[{"embeddable":true,"href":"https:\/\/www.europesays.com\/de\/wp-json\/wp\/v2\/comments?post=254603"}],"version-history":[{"count":0,"href":"https:\/\/www.europesays.com\/de\/wp-json\/wp\/v2\/posts\/254603\/revisions"}],"wp:featuredmedia":[{"embeddable":true,"href":"https:\/\/www.europesays.com\/de\/wp-json\/wp\/v2\/media\/254604"}],"wp:attachment":[{"href":"https:\/\/www.europesays.com\/de\/wp-json\/wp\/v2\/media?parent=254603"}],"wp:term":[{"taxonomy":"category","embeddable":true,"href":"https:\/\/www.europesays.com\/de\/wp-json\/wp\/v2\/categories?post=254603"},{"taxonomy":"post_tag","embeddable":true,"href":"https:\/\/www.europesays.com\/de\/wp-json\/wp\/v2\/tags?post=254603"}],"curies":[{"name":"wp","href":"https:\/\/api.w.org\/{rel}","templated":true}]}}