{"id":255474,"date":"2025-07-09T20:14:10","date_gmt":"2025-07-09T20:14:10","guid":{"rendered":"https:\/\/www.europesays.com\/de\/255474\/"},"modified":"2025-07-09T20:14:10","modified_gmt":"2025-07-09T20:14:10","slug":"fca-profi-erhaelt-strafbefehl-wegen-koerperverletzung","status":"publish","type":"post","link":"https:\/\/www.europesays.com\/de\/255474\/","title":{"rendered":"FCA-Profi erh\u00e4lt Strafbefehl wegen K\u00f6rperverletzung"},"content":{"rendered":"<p class=\"mb-6 text-xs md:text-m lg:text-l font-serif group-[.font-sans]:font-sans \">\n    Als Anfang Februar eine Bekannte einen Fu\u00dfball-Profi des <a href=\"https:\/\/augsburger-allgemeine.de\/sport\/fc-augsburg\/\" target=\"_self\" class=\"underline \" rel=\"nofollow noopener\">FC Augsburg<\/a> wegen eines \u201eSachverhalts mit sexuellem Hintergrund\u201c anzeigt, reagiert die Augsburger Staatsanwaltschaft schnell und rigoros. <a href=\"https:\/\/www.augsburger-allgemeine.de\/sport\/fc-augsburg-u-haft-nach-sex-vorwuerfen-staatsanwaltschaft-ermittelt-gegen-fca-profi-14-105970834\" target=\"_self\" class=\"underline \" rel=\"nofollow noopener\">Sie beantragt einen Haftbefehl, den das Amtsgericht Augsburg auch erl\u00e4sst. Der Bundesliga-Spieler muss wegen angeblicher Fluchtgefahr drei Tage in Untersuchungshaft.<\/a> Ein paar Tage sp\u00e4ter wird der Haftbefehl au\u00dfer Vollzug gesetzt,<a href=\"https:\/\/www.augsburger-allgemeine.de\/sport\/fc-augsburg\/aufhebung-des-haftbefehls-gegen-fca-profi-neue-entwicklungen-im-ermittlungsfall-107669317\" target=\"_self\" class=\"underline \" rel=\"nofollow noopener\"> Ende M\u00e4rz endg\u00fcltig aufgehoben<\/a>. Schon damals konnte dies als ein Indiz daf\u00fcr gelten, dass sich der schwere Vorwurf bei den Ermittlungen nicht erh\u00e4rtete. Drei Monate sp\u00e4ter sind die Ermittlungen abgeschlossen.\n  <\/p>\n<ul data-module-id=\"DragDropModule\" class=\"flex flex-wrap justify-start group-[.no-bookmarks]:hidden\">\n<li class=\"mb-3 mr-3\">\n    Robert G\u00f6tz<\/p>\n<p>      Icon Haken im Kreis gesetzt<\/p>\n<p>      Icon Plus im Kreis<\/p>\n<\/li>\n<li class=\"mb-3 mr-3\">\n    FC Augsburg<\/p>\n<p>      Icon Haken im Kreis gesetzt<\/p>\n<p>      Icon Plus im Kreis<\/p>\n<\/li>\n<li class=\"mb-3 mr-3\">\n    Staatsanwaltschaft<\/p>\n<p>      Icon Haken im Kreis gesetzt<\/p>\n<p>      Icon Plus im Kreis<\/p>\n<\/li>\n<\/ul>\n","protected":false},"excerpt":{"rendered":"Als Anfang Februar eine Bekannte einen Fu\u00dfball-Profi des FC Augsburg wegen eines \u201eSachverhalts mit sexuellem Hintergrund\u201c anzeigt, reagiert&hellip;\n","protected":false},"author":2,"featured_media":255475,"comment_status":"","ping_status":"","sticky":false,"template":"","format":"standard","meta":{"footnotes":""},"categories":[1846],"tags":[680,772,3364,29,548,663,3934,30,13,14,15,12],"class_list":{"0":"post-255474","1":"post","2":"type-post","3":"status-publish","4":"format-standard","5":"has-post-thumbnail","7":"category-augsburg","8":"tag-augsburg","9":"tag-bayern","10":"tag-de","11":"tag-deutschland","12":"tag-eu","13":"tag-europa","14":"tag-europe","15":"tag-germany","16":"tag-headlines","17":"tag-nachrichten","18":"tag-news","19":"tag-schlagzeilen"},"share_on_mastodon":{"url":"https:\/\/pubeurope.com\/@de\/114825111989899184","error":""},"_links":{"self":[{"href":"https:\/\/www.europesays.com\/de\/wp-json\/wp\/v2\/posts\/255474","targetHints":{"allow":["GET"]}}],"collection":[{"href":"https:\/\/www.europesays.com\/de\/wp-json\/wp\/v2\/posts"}],"about":[{"href":"https:\/\/www.europesays.com\/de\/wp-json\/wp\/v2\/types\/post"}],"author":[{"embeddable":true,"href":"https:\/\/www.europesays.com\/de\/wp-json\/wp\/v2\/users\/2"}],"replies":[{"embeddable":true,"href":"https:\/\/www.europesays.com\/de\/wp-json\/wp\/v2\/comments?post=255474"}],"version-history":[{"count":0,"href":"https:\/\/www.europesays.com\/de\/wp-json\/wp\/v2\/posts\/255474\/revisions"}],"wp:featuredmedia":[{"embeddable":true,"href":"https:\/\/www.europesays.com\/de\/wp-json\/wp\/v2\/media\/255475"}],"wp:attachment":[{"href":"https:\/\/www.europesays.com\/de\/wp-json\/wp\/v2\/media?parent=255474"}],"wp:term":[{"taxonomy":"category","embeddable":true,"href":"https:\/\/www.europesays.com\/de\/wp-json\/wp\/v2\/categories?post=255474"},{"taxonomy":"post_tag","embeddable":true,"href":"https:\/\/www.europesays.com\/de\/wp-json\/wp\/v2\/tags?post=255474"}],"curies":[{"name":"wp","href":"https:\/\/api.w.org\/{rel}","templated":true}]}}