{"id":255549,"date":"2025-07-09T20:57:12","date_gmt":"2025-07-09T20:57:12","guid":{"rendered":"https:\/\/www.europesays.com\/de\/255549\/"},"modified":"2025-07-09T20:57:12","modified_gmt":"2025-07-09T20:57:12","slug":"neue-wendung-bei-nick-woltemade-stuttgart-boss-aeussert-sich","status":"publish","type":"post","link":"https:\/\/www.europesays.com\/de\/255549\/","title":{"rendered":"Neue Wendung bei Nick Woltemade? Stuttgart-Boss \u00e4u\u00dfert sich"},"content":{"rendered":"<p>FC Bayern will Nationalspieler <\/p>\n<p>Neue Wendung bei Woltemade? Stuttgart-Boss \u00e4u\u00dfert sich<\/p>\n<p>09.07.2025 &#8211; 21:42 UhrLesedauer: 2 Min.<\/p>\n<p><a href=\"#focus-0\" class=\"transition-colors duration-200 focus-within:text-magenta block text-current relative\" data-sctrack=\"FocusGalleryImage.Reference\"><img fetchpriority=\"high\" data-testid=\"Opener.Image\" style=\"--lqipURL:url('https:\/\/images.t-online.de\/2025\/07\/tUr7orRq00Qm\/29x106:2382x1340\/fit-in\/150x0\/filters:blur(25)\/auch-in-der-kommenden-saison-im-trikot-des-vfb-stuttgart-nick-woltemade-will-dem-vernehmen-nach-zum-fc-bayern-muenchen-wechseln.jpg')\"   loading=\"eager\" src=\"https:\/\/www.europesays.com\/de\/wp-content\/uploads\/2025\/07\/auch-in-der-kommenden-saison-im-trikot-des-vfb-stuttgart-nick-woltemade-will-dem-vernehmen-nach-zum-.jpeg\" alt=\"Auch in der kommenden Saison im Trikot des VfB Stuttgart? Nick Woltemade will dem Vernehmen nach zum FC Bayern M\u00fcnchen wechseln.\" title=\"Auch in der kommenden Saison im Trikot des VfB Stuttgart? Nick Woltemade will dem Vernehmen nach zum FC Bayern M\u00fcnchen wechseln.\" width=\"2382\" height=\"1340\" class=\"bg-[url:var(--lqipURL)] bg-cover bg-center flex h-full w-full max-w-full\" decoding=\"async\"\/><img style=\"--width:32;--height:32\" loading=\"lazy\" src=\"https:\/\/www.t-online.de\/s\/paper\/_next\/static\/media\/zoom-in.f7dae02f.svg\" alt=\"Vergr\u00f6\u00dfern des Bildes\" title=\"Vergr\u00f6\u00dfern des Bildes\" class=\"block h-[calc(var(--height)_\/_16_*_1rem)] w-[calc(var(--width)_\/_16_*_1rem)] max-w-none absolute bottom-8 right-8 rounded-4 bg-snow p-8\" decoding=\"async\"\/><\/a><\/p>\n<p>Auch in der kommenden Saison im Trikot des VfB Stuttgart? Nick Woltemade will dem Vernehmen nach zum FC Bayern M\u00fcnchen wechseln. (Quelle: IMAGO\/Marco Steinbrenner\/DeFodi Images\/imago-images-bilder)<\/p>\n<p class=\"font-bold text-18 leading-17\">Der deutsche Rekordmeister will den VfB-Angreifer verpflichten. Aus Stuttgart aber kommen nun andere Signale.<\/p>\n<p class=\"text-18 leading-17\">Der Transfer-Poker um <a class=\"transition-colors duration-200 cursor-pointer text-inherit no-underline text-salemsfur md:hover:text-magenta md:hover:border-magenta md:focus:text-magenta border-current border-b border-solid break-words\" href=\"https:\/\/www.t-online.de\/themen\/nick-woltemade\/\" data-sctrack=\"BodyAnchor\" rel=\"nofollow noopener\" target=\"_blank\">Nick Woltemade<\/a> geht offenbar in die n\u00e4chste Runde: Nun hat sich Sportvorstand Fabian Wohlgemuth von Woltemades Klub <a class=\"transition-colors duration-200 cursor-pointer text-inherit no-underline text-salemsfur md:hover:text-magenta md:hover:border-magenta md:focus:text-magenta border-current border-b border-solid break-words\" href=\"https:\/\/www.t-online.de\/themen\/vfb-stuttgart\/\" data-sctrack=\"BodyAnchor\" rel=\"nofollow noopener\" target=\"_blank\">VfB Stuttgart<\/a> zum anhaltenden Werben des <a class=\"transition-colors duration-200 cursor-pointer text-inherit no-underline text-salemsfur md:hover:text-magenta md:hover:border-magenta md:focus:text-magenta border-current border-b border-solid break-words\" href=\"https:\/\/www.t-online.de\/themen\/fc-bayern-muenchen\/\" data-sctrack=\"BodyAnchor\" rel=\"nofollow noopener\" target=\"_blank\">FC Bayern M\u00fcnchen<\/a> um den deutschen Nationalspieler ge\u00e4u\u00dfert. Und hat klar Stellung bezogen: &#8222;Nein&#8220; antwortete Wohlgemuth auf die Reporterfrage, ob er mit einem Woltemade-Abschied in diesem Sommer rechne.<\/p>\n<p class=\"text-18 leading-17\">Mehr noch: Der deutsche Fu\u00dfball-Rekordmeister habe zwar &#8222;sein Interesse&#8220; hinterlegt, sagte der 46-J\u00e4hrige beim Trainingsauftakt des Pokalsiegers vor rund 1.000 Fans weiter. Aber: &#8222;Wir haben vor fast schon anderthalb Jahren mit Nick eine langfristige Vereinbarung getroffen und die hat Bestand&#8220;, meinte Wohlgemuth weiter. &#8222;Und deshalb gehen wir davon aus, dass Nick auch in der n\u00e4chsten Saison bei uns Fu\u00dfball spielen wird und bei uns seine Qualit\u00e4ten zeigen kann.&#8220;<\/p>\n<p class=\"text-18 leading-17\">Der 23-J\u00e4hrige soll sich Medienberichten zufolge mit den Bayern schon einig sein. Verhandlungspunkt zwischen den M\u00fcnchner und Stuttgarter Vereinsbossen sei demnach die Abl\u00f6sesumme. \u00dcber 30, 50, 80 oder gar 100 Millionen Euro als Gebot oder Forderung wurde schon munter spekuliert.<\/p>\n<p class=\"text-18 leading-17\">Die Frage, ob es ein Angebot der Bayern gebe, wollte VfB-Sportvorstand Wohlgemuth nicht beantworten. &#8222;Wenn dann \u00fcberhaupt Gespr\u00e4che stattfinden, ist das eine Sache zwischen den beiden Vereinen&#8220;, sagte er.<\/p>\n<p class=\"text-18 leading-17\">Dass der Bedarf der Bayern an einem Offensivspieler durch die schwere Verletzung von <a class=\"transition-colors duration-200 cursor-pointer text-inherit no-underline text-salemsfur md:hover:text-magenta md:hover:border-magenta md:focus:text-magenta border-current border-b border-solid break-words\" href=\"https:\/\/www.t-online.de\/themen\/jamal-musiala\/\" data-sctrack=\"BodyAnchor\" rel=\"nofollow noopener\" target=\"_blank\">Jamal Musiala<\/a> gestiegen ist, wird Woltemade nicht g\u00fcnstiger machen. Verst\u00e4ndlicherweise sei das mediale Interesse im Sommerloch gro\u00df, meinte Wohlgemuth. &#8222;Da scheppert dann das eine oder andere Statement doch ein bisschen mehr als in anderen Phasen innerhalb der Saison&#8220;, meinte er, &#8222;aber das \u00e4ndert ja nichts an der Faktenlage.&#8220;<\/p>\n<p class=\"text-18 leading-17\">Abl\u00f6sefrei war der St\u00fcrmer von <a class=\"transition-colors duration-200 cursor-pointer text-inherit no-underline text-salemsfur md:hover:text-magenta md:hover:border-magenta md:focus:text-magenta border-current border-b border-solid break-words\" href=\"https:\/\/www.t-online.de\/themen\/sv-werder-bremen\/\" data-sctrack=\"BodyAnchor\" rel=\"nofollow noopener\" target=\"_blank\">Werder Bremen<\/a> im vergangenen Sommer zum VfB gewechselt. Sein Vertrag in Stuttgart l\u00e4uft noch bis Ende Juni 2028. Nach schwierigen ersten Monaten im L\u00e4ndle hatte sich Woltemade unter Trainer <a class=\"transition-colors duration-200 cursor-pointer text-inherit no-underline text-salemsfur md:hover:text-magenta md:hover:border-magenta md:focus:text-magenta border-current border-b border-solid break-words\" href=\"https:\/\/www.t-online.de\/themen\/sebastian-hoeness\/\" data-sctrack=\"BodyAnchor\" rel=\"nofollow noopener\" target=\"_blank\">Sebastian Hoene\u00df<\/a> in der R\u00fcckrunde zum Trumpf entwickelt.<\/p>\n","protected":false},"excerpt":{"rendered":"FC Bayern will Nationalspieler Neue Wendung bei Woltemade? Stuttgart-Boss \u00e4u\u00dfert sich 09.07.2025 &#8211; 21:42 UhrLesedauer: 2 Min. Auch&hellip;\n","protected":false},"author":2,"featured_media":255550,"comment_status":"","ping_status":"","sticky":false,"template":"","format":"standard","meta":{"footnotes":""},"categories":[1830],"tags":[1634,3364,29,22906,458,30,1770,1441,2915,59788],"class_list":{"0":"post-255549","1":"post","2":"type-post","3":"status-publish","4":"format-standard","5":"has-post-thumbnail","7":"category-stuttgart","8":"tag-baden-wuerttemberg","9":"tag-de","10":"tag-deutschland","11":"tag-fabian-wohlgemuth","12":"tag-fc-bayern-muenchen","13":"tag-germany","14":"tag-nick-woltemade","15":"tag-stuttgart","16":"tag-vfb-stuttgart","17":"tag-woltemade"},"share_on_mastodon":{"url":"https:\/\/pubeurope.com\/@de\/114825281346207843","error":""},"_links":{"self":[{"href":"https:\/\/www.europesays.com\/de\/wp-json\/wp\/v2\/posts\/255549","targetHints":{"allow":["GET"]}}],"collection":[{"href":"https:\/\/www.europesays.com\/de\/wp-json\/wp\/v2\/posts"}],"about":[{"href":"https:\/\/www.europesays.com\/de\/wp-json\/wp\/v2\/types\/post"}],"author":[{"embeddable":true,"href":"https:\/\/www.europesays.com\/de\/wp-json\/wp\/v2\/users\/2"}],"replies":[{"embeddable":true,"href":"https:\/\/www.europesays.com\/de\/wp-json\/wp\/v2\/comments?post=255549"}],"version-history":[{"count":0,"href":"https:\/\/www.europesays.com\/de\/wp-json\/wp\/v2\/posts\/255549\/revisions"}],"wp:featuredmedia":[{"embeddable":true,"href":"https:\/\/www.europesays.com\/de\/wp-json\/wp\/v2\/media\/255550"}],"wp:attachment":[{"href":"https:\/\/www.europesays.com\/de\/wp-json\/wp\/v2\/media?parent=255549"}],"wp:term":[{"taxonomy":"category","embeddable":true,"href":"https:\/\/www.europesays.com\/de\/wp-json\/wp\/v2\/categories?post=255549"},{"taxonomy":"post_tag","embeddable":true,"href":"https:\/\/www.europesays.com\/de\/wp-json\/wp\/v2\/tags?post=255549"}],"curies":[{"name":"wp","href":"https:\/\/api.w.org\/{rel}","templated":true}]}}