{"id":255581,"date":"2025-07-09T21:14:14","date_gmt":"2025-07-09T21:14:14","guid":{"rendered":"https:\/\/www.europesays.com\/de\/255581\/"},"modified":"2025-07-09T21:14:14","modified_gmt":"2025-07-09T21:14:14","slug":"angelika-toma-begeistert-in-gmunden-salztv-nachrichten-aus-dem-salzkammergut","status":"publish","type":"post","link":"https:\/\/www.europesays.com\/de\/255581\/","title":{"rendered":"Angelika Toma begeistert in Gmunden \u2013 salzTV \u2013 Nachrichten aus dem Salzkammergut"},"content":{"rendered":"<p>Angelika Toma pr\u00e4sentierte am 4. Juli 2025 im Atelier am Markt in Gmunden ihre Blumenbilder und las aus ihrem Roman\u00a0\u201eIMOSCHENKOS PICASSO und die Unwiederbringlichen\u201c. Viele Besucherinnen und Besucher kamen, um Kunst und kritische Literatur in besonderer Atmosph\u00e4re zu erleben.<\/p>\n<p>Im Zentrum stand nicht nur die Malerei, sondern auch die Geschichte. Der Roman, inspiriert von wahren Begebenheiten im kommunistischen Rum\u00e4nien, beleuchtet das Kunstmilieu mit Tiefgang und gesellschaftlicher Sch\u00e4rfe. \u201eIch schreibe, was mich bewegt und was oft unter den Teppich gekehrt wird\u201c, sagte Toma w\u00e4hrend der Lesung.<\/p>\n<p>Die Werke der K\u00fcnstlerin, entstanden in ihrem Atelier22 am Gmundnerberg, zeigen florale Motive \u2013 farbenfroh, kraftvoll, fast wie ein Blick durchs Schl\u00fcsselloch in ihre Gedankenwelt. Daher harmonieren Bild und Buch: beide erz\u00e4hlen von Verg\u00e4nglichkeit, St\u00e4rke und Mut.<\/p>\n<p>Toma, die auf drei Jahrzehnte Erfahrung als Grafikerin, K\u00fcnstlerin und Art Direktorin zur\u00fcckblickt, verbindet Kunst mit Haltung. Ihr zweites Buch\u00a0\u201eINNERE WELTEN \u2013 Ein Leben f\u00fcr die Kunst\u201c\u00a0richtet sich an Kunstschaffende und jene, die es werden wollen.<\/p>\n<p>Zudem bot der Abend Gelegenheit f\u00fcr pers\u00f6nliche Gespr\u00e4che: Fragen zur politischen Lage damals, zur Rolle der Kunst heute oder zur Entstehung des Buches wurden offen diskutiert.<\/p>\n<p>\u201eEs geht nicht nur um \u00c4sthetik\u201c, so die Autorin, \u201esondern um Verantwortung.\u201c Die Lesung war nicht nur literarisch wertvoll, sondern auch ein Denkansto\u00df.<\/p>\n<p>Die Ausstellung l\u00e4uft noch bis 18. Juli 2025. Ge\u00f6ffnet ist dienstags, donnerstags, freitags und samstags jeweils vormittags; donnerstags und freitags auch am Nachmittag.<br \/>Angelika Toma \u00fcberzeugte in Gmunden mit einer eindrucksvollen Kombination aus Kunst und kritischer Literatur. Die Veranstaltung war intensiv, inspirierend und absolut sehenswert.<\/p>\n<p>Bericht und Fotos: Wilfried Fischer<\/p>\n<p><a href=\"https:\/\/www.salz-tv.at\/wp-content\/uploads\/2025\/07\/DSC_8957.jpg\" data-slb-active=\"1\" data-slb-asset=\"146921301\" data-slb-internal=\"0\" data-slb-group=\"196645\" rel=\"nofollow noopener\" target=\"_blank\"><img loading=\"lazy\" decoding=\"async\" width=\"1024\" height=\"865\" data-id=\"196646\" src=\"https:\/\/www.europesays.com\/de\/wp-content\/uploads\/2025\/07\/DSC_8957-1024x865.jpg\" alt=\"\" class=\"wp-image-196646\"  \/><\/a><\/p>\n<p><a href=\"https:\/\/www.salz-tv.at\/wp-content\/uploads\/2025\/07\/DSC_8966.jpg\" data-slb-active=\"1\" data-slb-asset=\"306227747\" data-slb-internal=\"0\" data-slb-group=\"196645\" rel=\"nofollow noopener\" target=\"_blank\"><img loading=\"lazy\" decoding=\"async\" width=\"1024\" height=\"778\" data-id=\"196649\" src=\"https:\/\/www.europesays.com\/de\/wp-content\/uploads\/2025\/07\/DSC_8966-1024x778.jpg\" alt=\"\" class=\"wp-image-196649\"  \/><\/a><\/p>\n<p><a href=\"https:\/\/www.salz-tv.at\/wp-content\/uploads\/2025\/07\/DSC_8971.jpg\" data-slb-active=\"1\" data-slb-asset=\"1358807391\" data-slb-internal=\"0\" data-slb-group=\"196645\" rel=\"nofollow noopener\" target=\"_blank\"><img loading=\"lazy\" decoding=\"async\" width=\"1024\" height=\"931\" data-id=\"196648\" src=\"https:\/\/www.europesays.com\/de\/wp-content\/uploads\/2025\/07\/DSC_8971-1024x931.jpg\" alt=\"\" class=\"wp-image-196648\"  \/><\/a><\/p>\n<p><a href=\"https:\/\/www.salz-tv.at\/wp-content\/uploads\/2025\/07\/DSC_8980.jpg\" data-slb-active=\"1\" data-slb-asset=\"1798353844\" data-slb-internal=\"0\" data-slb-group=\"196645\" rel=\"nofollow noopener\" target=\"_blank\"><img loading=\"lazy\" decoding=\"async\" width=\"1024\" height=\"407\" data-id=\"196647\" src=\"https:\/\/www.europesays.com\/de\/wp-content\/uploads\/2025\/07\/DSC_8980-1024x407.jpg\" alt=\"\" class=\"wp-image-196647\"  \/><\/a><\/p>\n","protected":false},"excerpt":{"rendered":"Angelika Toma pr\u00e4sentierte am 4. Juli 2025 im Atelier am Markt in Gmunden ihre Blumenbilder und las aus&hellip;\n","protected":false},"author":2,"featured_media":255582,"comment_status":"","ping_status":"","sticky":false,"template":"","format":"standard","meta":{"footnotes":""},"categories":[1774],"tags":[1784,1785,29,214,30,215],"class_list":{"0":"post-255581","1":"post","2":"type-post","3":"status-publish","4":"format-standard","5":"has-post-thumbnail","7":"category-buecher","8":"tag-books","9":"tag-buecher","10":"tag-deutschland","11":"tag-entertainment","12":"tag-germany","13":"tag-unterhaltung"},"share_on_mastodon":{"url":"https:\/\/pubeurope.com\/@de\/114825348250631493","error":""},"_links":{"self":[{"href":"https:\/\/www.europesays.com\/de\/wp-json\/wp\/v2\/posts\/255581","targetHints":{"allow":["GET"]}}],"collection":[{"href":"https:\/\/www.europesays.com\/de\/wp-json\/wp\/v2\/posts"}],"about":[{"href":"https:\/\/www.europesays.com\/de\/wp-json\/wp\/v2\/types\/post"}],"author":[{"embeddable":true,"href":"https:\/\/www.europesays.com\/de\/wp-json\/wp\/v2\/users\/2"}],"replies":[{"embeddable":true,"href":"https:\/\/www.europesays.com\/de\/wp-json\/wp\/v2\/comments?post=255581"}],"version-history":[{"count":0,"href":"https:\/\/www.europesays.com\/de\/wp-json\/wp\/v2\/posts\/255581\/revisions"}],"wp:featuredmedia":[{"embeddable":true,"href":"https:\/\/www.europesays.com\/de\/wp-json\/wp\/v2\/media\/255582"}],"wp:attachment":[{"href":"https:\/\/www.europesays.com\/de\/wp-json\/wp\/v2\/media?parent=255581"}],"wp:term":[{"taxonomy":"category","embeddable":true,"href":"https:\/\/www.europesays.com\/de\/wp-json\/wp\/v2\/categories?post=255581"},{"taxonomy":"post_tag","embeddable":true,"href":"https:\/\/www.europesays.com\/de\/wp-json\/wp\/v2\/tags?post=255581"}],"curies":[{"name":"wp","href":"https:\/\/api.w.org\/{rel}","templated":true}]}}