{"id":255614,"date":"2025-07-09T21:31:16","date_gmt":"2025-07-09T21:31:16","guid":{"rendered":"https:\/\/www.europesays.com\/de\/255614\/"},"modified":"2025-07-09T21:31:16","modified_gmt":"2025-07-09T21:31:16","slug":"hilde-und-peter-janssen-feiern-gnadenhochzeit-in-giesenkirchen","status":"publish","type":"post","link":"https:\/\/www.europesays.com\/de\/255614\/","title":{"rendered":"Hilde und Peter Jan\u00dfen feiern Gnadenhochzeit in Giesenkirchen"},"content":{"rendered":"<p class=\"text_ohne_einzug richtext text-em-55 !leading-serif mx-6 desktop:mx-0\">  <a href=\"https:\/\/rp-online.de\/thema\/veilchendienstag\/\" rel=\"nofollow noopener\" target=\"_blank\">Veilchendienstag<\/a> 1953: Bunt kost\u00fcmierte Jecke feiern ausgelassen in der M\u00f6nchengladbacher Innenstadt. Sie ist mit ihren Freundinnen unterwegs, er mit seinen Freunden. Spontan hakt er sie unter und schunkelt fr\u00f6hlich im Takt der Karnevalsschlager. Sie gef\u00e4llt ihm, er gef\u00e4llt ihr. Aber: Verabredungen sind nicht so einfach in der damaligen Zeit. Es gibt keine Handys, keine SMS, kein WhatsApp, keine sozialen Medien.<\/p>\n","protected":false},"excerpt":{"rendered":"Veilchendienstag 1953: Bunt kost\u00fcmierte Jecke feiern ausgelassen in der M\u00f6nchengladbacher Innenstadt. Sie ist mit ihren Freundinnen unterwegs, er&hellip;\n","protected":false},"author":2,"featured_media":255615,"comment_status":"","ping_status":"","sticky":false,"template":"","format":"standard","meta":{"footnotes":""},"categories":[1849],"tags":[58168,3274,3364,29,548,663,3934,30,23163,13,78054,7006,78055,4455,26433,14,15,1209,7253,29330,12,1918,14972,626],"class_list":{"0":"post-255614","1":"post","2":"type-post","3":"status-publish","4":"format-standard","5":"has-post-thumbnail","7":"category-moenchengladbach","8":"tag-ferienwohnungen","9":"tag-kirche","10":"tag-de","11":"tag-deutschland","12":"tag-eu","13":"tag-europa","14":"tag-europe","15":"tag-germany","16":"tag-giesenkirchen","17":"tag-headlines","18":"tag-hilde","19":"tag-janssen","20":"tag-janssens","21":"tag-moenchengladbach","22":"tag-moenchengladbacher","23":"tag-nachrichten","24":"tag-news","25":"tag-nordrhein-westfalen","26":"tag-peter","27":"tag-rheydt","28":"tag-schlagzeilen","29":"tag-sohn","30":"tag-ulrich","31":"tag-wohnung"},"share_on_mastodon":{"url":"https:\/\/pubeurope.com\/@de\/114825415186671592","error":""},"_links":{"self":[{"href":"https:\/\/www.europesays.com\/de\/wp-json\/wp\/v2\/posts\/255614","targetHints":{"allow":["GET"]}}],"collection":[{"href":"https:\/\/www.europesays.com\/de\/wp-json\/wp\/v2\/posts"}],"about":[{"href":"https:\/\/www.europesays.com\/de\/wp-json\/wp\/v2\/types\/post"}],"author":[{"embeddable":true,"href":"https:\/\/www.europesays.com\/de\/wp-json\/wp\/v2\/users\/2"}],"replies":[{"embeddable":true,"href":"https:\/\/www.europesays.com\/de\/wp-json\/wp\/v2\/comments?post=255614"}],"version-history":[{"count":0,"href":"https:\/\/www.europesays.com\/de\/wp-json\/wp\/v2\/posts\/255614\/revisions"}],"wp:featuredmedia":[{"embeddable":true,"href":"https:\/\/www.europesays.com\/de\/wp-json\/wp\/v2\/media\/255615"}],"wp:attachment":[{"href":"https:\/\/www.europesays.com\/de\/wp-json\/wp\/v2\/media?parent=255614"}],"wp:term":[{"taxonomy":"category","embeddable":true,"href":"https:\/\/www.europesays.com\/de\/wp-json\/wp\/v2\/categories?post=255614"},{"taxonomy":"post_tag","embeddable":true,"href":"https:\/\/www.europesays.com\/de\/wp-json\/wp\/v2\/tags?post=255614"}],"curies":[{"name":"wp","href":"https:\/\/api.w.org\/{rel}","templated":true}]}}