{"id":255715,"date":"2025-07-09T22:28:20","date_gmt":"2025-07-09T22:28:20","guid":{"rendered":"https:\/\/www.europesays.com\/de\/255715\/"},"modified":"2025-07-09T22:28:20","modified_gmt":"2025-07-09T22:28:20","slug":"hertha-bsc-verlaengert-mit-toptalent-mamuzah-lum","status":"publish","type":"post","link":"https:\/\/www.europesays.com\/de\/255715\/","title":{"rendered":"Hertha BSC verl\u00e4ngert mit Toptalent Mamuzah Lum"},"content":{"rendered":"<p><a href=\"https:\/\/www.rbb24.de\/sport\/fussball\/hertha-bsc\/\" rel=\"nofollow noopener\" target=\"_blank\">Hertha BSC<\/a> kann nach Kennet Eichhorn ein n\u00e4chstes gro\u00dfes Talent langfristig an sich binden. Der Fu\u00dfball-Zweitligist verk\u00fcndete am Mittwochabend, dass Eigengew\u00e4chs Boris Mamuzah Lum seinen Vertrag verl\u00e4ngert hat.<\/p>\n<p>&#8222;Bobos Verl\u00e4ngerung macht uns stolz und ist das n\u00e4chste starke Signal f\u00fcr unseren gemeinsamen Berliner Weg&#8220;, kommentiert Herthas Sportdirektor Benjamin Weber die Verl\u00e4ngerung. &#8222;Er bringt fu\u00dfballerisch unheimlich viel mit, hat bereits wertvolle Erfahrungen bei den Profis sammeln k\u00f6nnen und besitzt enormes Potenzial. Wir freuen uns, dass sein Weg im blau-wei\u00dfen Trikot weitergeht.&#8220;<\/p>\n<p>Der erst 17-j\u00e4hrige Mamuzah Lum sagt zu seinem langfristigen Verbleib: &#8222;Das ist mein zehntes Jahr im Verein und ich bin sehr gl\u00fccklich, auch weiterhin dieses Trikot tragen zu d\u00fcrfen. Ich m\u00f6chte weiterhin hart arbeiten, mich weiterentwickeln und so viele Profi-Spiele wie m\u00f6glich f\u00fcr Hertha machen.&#8220;<\/p>\n<p>Der defensive Mittelfeldspieler wechselte 2016 in die Akademie des Hauptstadtklubs. In der vergangenen Saison feierte der geb\u00fcrtige Berliner mit nur 16 Jahren sein Deb\u00fct bei den Profis und wurde damit zum j\u00fcngsten Deb\u00fctanten der Vereinsgeschichte. Mamuzah Lum erhielt 2024 die Fritz-Walter-Medaille in Bronze, zudem ist er derzeit aktiver Nationalspieler der deutschen U18-Auswahl.<\/p>\n<p>Mamuzah Lum absolviert derzeit die komplette Saisonvorbereitung der Hertha-Profis unter Trainer Stefan Leitl. In der kommenden Spielzeit werden somit wohl weitere Eins\u00e4tze in der 2. Bundesliga folgen.<\/p>\n<p>Sendung: rbb|24 inforadio, 09.07.2025, 20 Uhr<\/p>\n","protected":false},"excerpt":{"rendered":"Hertha BSC kann nach Kennet Eichhorn ein n\u00e4chstes gro\u00dfes Talent langfristig an sich binden. Der Fu\u00dfball-Zweitligist verk\u00fcndete am&hellip;\n","protected":false},"author":2,"featured_media":255716,"comment_status":"","ping_status":"","sticky":false,"template":"","format":"standard","meta":{"footnotes":""},"categories":[1825],"tags":[1941,1939,296,1937,29,30,1940,1938],"class_list":{"0":"post-255715","1":"post","2":"type-post","3":"status-publish","4":"format-standard","5":"has-post-thumbnail","7":"category-berlin","8":"tag-aktuelle-nachrichten-aus-berlin","9":"tag-aktuelle-news-aus-berlin","10":"tag-berlin","11":"tag-berlin-news","12":"tag-deutschland","13":"tag-germany","14":"tag-nachrichten-aus-berlin","15":"tag-news-aus-berlin"},"share_on_mastodon":{"url":"https:\/\/pubeurope.com\/@de\/114825641304695842","error":""},"_links":{"self":[{"href":"https:\/\/www.europesays.com\/de\/wp-json\/wp\/v2\/posts\/255715","targetHints":{"allow":["GET"]}}],"collection":[{"href":"https:\/\/www.europesays.com\/de\/wp-json\/wp\/v2\/posts"}],"about":[{"href":"https:\/\/www.europesays.com\/de\/wp-json\/wp\/v2\/types\/post"}],"author":[{"embeddable":true,"href":"https:\/\/www.europesays.com\/de\/wp-json\/wp\/v2\/users\/2"}],"replies":[{"embeddable":true,"href":"https:\/\/www.europesays.com\/de\/wp-json\/wp\/v2\/comments?post=255715"}],"version-history":[{"count":0,"href":"https:\/\/www.europesays.com\/de\/wp-json\/wp\/v2\/posts\/255715\/revisions"}],"wp:featuredmedia":[{"embeddable":true,"href":"https:\/\/www.europesays.com\/de\/wp-json\/wp\/v2\/media\/255716"}],"wp:attachment":[{"href":"https:\/\/www.europesays.com\/de\/wp-json\/wp\/v2\/media?parent=255715"}],"wp:term":[{"taxonomy":"category","embeddable":true,"href":"https:\/\/www.europesays.com\/de\/wp-json\/wp\/v2\/categories?post=255715"},{"taxonomy":"post_tag","embeddable":true,"href":"https:\/\/www.europesays.com\/de\/wp-json\/wp\/v2\/tags?post=255715"}],"curies":[{"name":"wp","href":"https:\/\/api.w.org\/{rel}","templated":true}]}}