{"id":255717,"date":"2025-07-09T22:29:37","date_gmt":"2025-07-09T22:29:37","guid":{"rendered":"https:\/\/www.europesays.com\/de\/255717\/"},"modified":"2025-07-09T22:29:37","modified_gmt":"2025-07-09T22:29:37","slug":"review-berlin-fashion-week-ss-2026","status":"publish","type":"post","link":"https:\/\/www.europesays.com\/de\/255717\/","title":{"rendered":"Review Berlin Fashion Week SS 2026"},"content":{"rendered":"<p>\u00a0<\/p>\n<p style=\"font-weight: 400;\">Von Holger Jacobs<\/p>\n<p><a href=\"https:\/\/kultur24-berlin.de\/review-berlin-fashion-week-ss-2026\/holger-juni-2015-100-698\/\" rel=\"attachment wp-att-50689 noopener\" target=\"_blank\"><img loading=\"lazy\" decoding=\"async\" class=\"alignnone size-full wp-image-50689\" src=\"https:\/\/www.europesays.com\/de\/wp-content\/uploads\/2025\/07\/Holger-Juni-2015-100-1.jpg\" alt=\"\" width=\"90\" height=\"100\"\/><\/a><\/p>\n<p style=\"font-weight: 400;\">08.07.2025<\/p>\n<p>please find 30 photos from the runway shows in a personal selection below<\/p>\n<p>Die Wiederentdeckung von eleganter Casual Wear mit raffinierten Schnitten und Materialien<\/p>\n<p style=\"font-weight: 400;\">Mode aus Berlin bedeutet seit vielen Jahren in erster Linie verr\u00fcckte Klamotten, <strong>Club Wear<\/strong>, f\u00fcr N\u00e4chte im Club Berghain oder im Tresor, aber weniger tragbare Mode f\u00fcr das t\u00e4gliche Leben auf den Stra\u00dfen der Hauptstadt.<\/p>\n<p><a href=\"https:\/\/kultur24-berlin.de\/review-berlin-fashion-week-ss-2026\/00-damur-c-d-leonardo-800\/\" rel=\"attachment wp-att-50693 noopener\" target=\"_blank\"><img decoding=\"async\" aria-describedby=\"caption-attachment-50693\" loading=\"lazy\" class=\"size-medium wp-image-50693\" src=\"https:\/\/www.europesays.com\/de\/wp-content\/uploads\/2025\/07\/00-DAMUR-c-D.Leonardo-800-194x300.jpg\" alt=\"\" width=\"194\" height=\"300\"  \/><\/a><\/p>\n<p id=\"caption-attachment-50693\" class=\"wp-caption-text\">DAMUR Fashion, Kit Kat Club, ph: Leonardo<\/p>\n<p style=\"font-weight: 400;\">Der sogenannte <strong>Casual Wear<\/strong> wird in der Regel von Modeketten wie Zara, H&amp;M, COS und \u00c4hnlichem bedient.<br \/>Zu g\u00fcnstigen Preisen und f\u00fcr jeden erschwinglich. Von Fast Fashion Ketten wie Primark will ich erst gar nicht reden.<\/p>\n<p><a href=\"https:\/\/kultur24-berlin.de\/review-berlin-fashion-week-ss-2026\/01-zara-boutique-berlin-9-7-25-900\/\" rel=\"attachment wp-att-50694 noopener\" target=\"_blank\"><img decoding=\"async\" aria-describedby=\"caption-attachment-50694\" loading=\"lazy\" class=\"size-medium wp-image-50694\" src=\"https:\/\/www.europesays.com\/de\/wp-content\/uploads\/2025\/07\/01-Zara-Boutique-Berlin-9.7.25-900-300x205.jpg\" alt=\"\" width=\"300\" height=\"205\"  \/><\/a><\/p>\n<p id=\"caption-attachment-50694\" class=\"wp-caption-text\">ZARA, Berlin, ph: Holger Jacobs<\/p>\n<p style=\"font-weight: 400;\">Dagegen anzukommen ist als junger Designer schwer.<br \/>Zumal die gro\u00dfen Mode-Ketten die Trends von der Stra\u00dfe schnell aufgreifen und als Kopie nach nur wenigen Monaten in die L\u00e4den bringen.<br \/>In diesem Sommer sind es wohl eng anliegende Tops, weite Jeans und bauchfrei.<\/p>\n<p style=\"font-weight: 400;\">Um trotzdem auf diesem hei\u00df umk\u00e4mpften Markt zu bestehen, braucht es geniale Ideen und Stoffe, die die Gro\u00dfindustrie aus Kostengr\u00fcnden nicht verwendet.<\/p>\n<p><a href=\"https:\/\/kultur24-berlin.de\/review-berlin-fashion-week-ss-2026\/02-melanie-parzenczewski-1-800\/\" rel=\"attachment wp-att-50695 noopener\" target=\"_blank\"><img decoding=\"async\" aria-describedby=\"caption-attachment-50695\" loading=\"lazy\" class=\"size-medium wp-image-50695\" src=\"https:\/\/www.europesays.com\/de\/wp-content\/uploads\/2025\/07\/02-Melanie-Parzenczewski-1-800-236x300.jpg\" alt=\"\" width=\"236\" height=\"300\"  \/><\/a><\/p>\n<p id=\"caption-attachment-50695\" class=\"wp-caption-text\">Melanie Parzenczewski Fashion (left), ph: Holger Jacobs<\/p>\n<p style=\"font-weight: 400;\">W\u00e4hrend dieser BERLN FASHION WEEK f\u00fcr die Fr\u00fchjahr\/ Sommermode 2026 konnte ich jetzt vermehrt Designer sehen, die genau diesen Weg versuchen zu gehen:<br \/>Klassik, aber mit einem Touch des 21. Jahrhunderts.<\/p>\n<p><a href=\"https:\/\/kultur24-berlin.de\/review-berlin-fashion-week-ss-2026\/03-david-koma_ss26_runway16_by_finnegan_koichi_godenschweger-1-800\/\" rel=\"attachment wp-att-50696 noopener\" target=\"_blank\"><img decoding=\"async\" aria-describedby=\"caption-attachment-50696\" loading=\"lazy\" class=\"size-medium wp-image-50696\" src=\"https:\/\/www.europesays.com\/de\/wp-content\/uploads\/2025\/07\/03-DAVID-KOMA_SS26_Runway16_by_Finnegan_Koichi_Godenschweger-1-800-209x300.jpg\" alt=\"\" width=\"209\" height=\"300\"  \/><\/a><\/p>\n<p id=\"caption-attachment-50696\" class=\"wp-caption-text\">DAVID KOMA Fashion, ph: Finnegan\/ BFW<\/p>\n<p style=\"font-weight: 400;\">So findet man viele Herren Jackets, lange M\u00e4ntel und lange Damenkleider aus gewebten Stoffen oder leichten Mikrofasern.<\/p>\n<p style=\"font-weight: 400;\">Auch viele Hemdblusenkleider (lange Herrenhemden, die von Frauen als eine Art Minikleid getragen werden), mal l\u00e4nger, mal k\u00fcrzer, mit geometrischen Mustern und raffinierten Schnitten, waren auf den Shows zu sehen.<\/p>\n<p><a href=\"https:\/\/kultur24-berlin.de\/review-berlin-fashion-week-ss-2026\/04-buzigahill_ss26-andreas-hofrichter-800\/\" rel=\"attachment wp-att-50697 noopener\" target=\"_blank\"><img decoding=\"async\" aria-describedby=\"caption-attachment-50697\" loading=\"lazy\" class=\"size-medium wp-image-50697\" src=\"https:\/\/www.europesays.com\/de\/wp-content\/uploads\/2025\/07\/04-Buzigahill_SS26-Andreas-Hofrichter-800-201x300.jpg\" alt=\"\" width=\"201\" height=\"300\"  \/><\/a><\/p>\n<p id=\"caption-attachment-50697\" class=\"wp-caption-text\">BUZIGAHILL Fashion, ph: Hofrichter\/ BFW<\/p>\n<p style=\"font-weight: 400;\">Marken, die klassische Elemente in ihr Design aufnahmen, sind AVENIR, COLRS, DAVID KOMA, ESTHER PERBANDT (mit eigener Luxus-Kollektion), GMBH, HADERLUMP, MARC CAIN (war nat\u00fcrlich immer schon klassisch und dadurch sehr verk\u00e4uflich), MARCEL OSTERTAG, MARKE, MILK OF LIME, REBEKKA RUETZ und SF 1OG (hei\u00dft \u00fcbrigens: Seitenfl\u00fcgel 1. Obergeschoss).<br \/>Besonders die Fashion Show von DANNY RENICKE hat mir gefallen (siehe Bilderserie weiter unten).<\/p>\n<p>Die Locations<\/p>\n<p style=\"font-weight: 400;\">Eine weitere Besonderheit der BERLIN FASHION WEEK ist, \u00e4hnlich wie bei anderen Kultur Events der Stadt, die Wahl ungew\u00f6hnlicher Orte, von denen es in Berlin ja reichlich gibt.<br \/>Dieses Mal waren drei neue Locations die Hotspots der Berlin Fashion Week:<\/p>\n<p>Der Pei Bau<\/p>\n<p style=\"font-weight: 400;\">Der \u201ePei-Bau\u201c, ein moderner Anbau des Deutschen Historischen Museums mit spektakul\u00e4rem, gl\u00e4sernem Treppenaufgang, welcher 2004 vom dem ber\u00fchmten chinesischen Architekten PEI (Glaspyramide am Louvre) errichtet wurde.<\/p>\n<p><a href=\"https:\/\/kultur24-berlin.de\/review-berlin-fashion-week-ss-2026\/05-d-h-m-pei-bau-c-jacobs-1a-900\/\" rel=\"attachment wp-att-50699 noopener\" target=\"_blank\"><img decoding=\"async\" aria-describedby=\"caption-attachment-50699\" loading=\"lazy\" class=\"size-medium wp-image-50699\" src=\"https:\/\/www.europesays.com\/de\/wp-content\/uploads\/2025\/07\/05-D.H.M.-Pei-Bau-c-Jacobs-1a-900-300x169.jpg\" alt=\"\" width=\"300\" height=\"169\"  \/><\/a><\/p>\n<p id=\"caption-attachment-50699\" class=\"wp-caption-text\">Pei-Bau, Deutsches Historisches Museum, ph: Holger Jacobs<\/p>\n<p style=\"font-weight: 400;\">Hier zeigte die Baden-W\u00fcrttembergische Modemarke MARC CAIN seine Fr\u00fchjahr\/ Sommer Kollektion 2026 mit dem niederl\u00e4ndischen Supermodel ROMEE STRIJD. Der Laufsteg erstreckte sich \u00fcber drei Etagen.<\/p>\n<p><a href=\"https:\/\/kultur24-berlin.de\/review-berlin-fashion-week-ss-2026\/05a-marc-cain-d-h-m-3-900\/\" rel=\"attachment wp-att-50700 noopener\" target=\"_blank\"><img decoding=\"async\" aria-describedby=\"caption-attachment-50700\" loading=\"lazy\" class=\"size-medium wp-image-50700\" src=\"https:\/\/www.europesays.com\/de\/wp-content\/uploads\/2025\/07\/05a-Marc-Cain-D.H.M.-3-900-300x218.jpg\" alt=\"\" width=\"300\" height=\"218\"  \/><\/a><\/p>\n<p id=\"caption-attachment-50700\" class=\"wp-caption-text\">Pei-Bau, MARC CAIN Fashion Show, ph: Holger Jacobs<\/p>\n<p style=\"font-weight: 400;\">Genial!<\/p>\n<p><a href=\"https:\/\/youtube.com\/shorts\/8oUk354veJ4?si=Zkmz7AISmNUkUD6E\" target=\"_blank\" rel=\"noopener\"><img decoding=\"async\" aria-describedby=\"caption-attachment-50711\" loading=\"lazy\" class=\"size-medium wp-image-50711\" src=\"https:\/\/www.europesays.com\/de\/wp-content\/uploads\/2025\/07\/Marc-Cain-Romee-Strijd-c-Jacobs-3-800a-168x300.jpg\" alt=\"\" width=\"168\" height=\"300\"  \/><\/a><\/p>\n<p id=\"caption-attachment-50711\" class=\"wp-caption-text\">MARC CAIN SS 2026, Model Romee Strijd, Video: Holger Jacobs<\/p>\n<p>Caf\u00e9 Kranzler<\/p>\n<p style=\"font-weight: 400;\">Der zweite besondere Ort war das ehemalige Caf\u00e9 Kranzler am Kudamm.<\/p>\n<p><a href=\"https:\/\/kultur24-berlin.de\/review-berlin-fashion-week-ss-2026\/06-kranzler-raum-berlin-0-900\/\" rel=\"attachment wp-att-50702 noopener\" target=\"_blank\"><img decoding=\"async\" aria-describedby=\"caption-attachment-50702\" loading=\"lazy\" class=\"size-medium wp-image-50702\" src=\"https:\/\/www.europesays.com\/de\/wp-content\/uploads\/2025\/07\/06-Kranzler-Raum.Berlin-0-900-300x203.jpg\" alt=\"\" width=\"300\" height=\"203\"  \/><\/a><\/p>\n<p id=\"caption-attachment-50702\" class=\"wp-caption-text\">Caf\u00e9 Kranzler 2025, ph: Holger Jacobs<\/p>\n<p style=\"font-weight: 400;\">Diese Westberliner Institution, nach Zerst\u00f6rung im 2. Weltkrieg durch den Architekten Hanns Dustmann 1958 neu errichtet, wurde im Jahre 2000 geschlossen. Mehrere unterschiedliche Benutzer folgten, bis 2015 das endg\u00fcltige \u201eAus\u201c kam.<br \/>Das Geb\u00e4ude steht mittlerweile unter Denkmalschutz und soll ab 2026 im Innenbereich komplett renoviert und umgestaltet werden.<br \/>Im begr\u00fcnten Innenhof sollen einmal Veranstaltungen stattfinden.<\/p>\n<p><a href=\"https:\/\/kultur24-berlin.de\/review-berlin-fashion-week-ss-2026\/07-kranzler-raum-berlin-3-900\/\" rel=\"attachment wp-att-50703 noopener\" target=\"_blank\"><img decoding=\"async\" aria-describedby=\"caption-attachment-50703\" loading=\"lazy\" class=\"size-medium wp-image-50703\" src=\"https:\/\/www.europesays.com\/de\/wp-content\/uploads\/2025\/07\/07-Kranzler-Raum.Berlin-3-900-300x198.jpg\" alt=\"\" width=\"300\" height=\"198\"  \/><\/a><\/p>\n<p id=\"caption-attachment-50703\" class=\"wp-caption-text\">Caf\u00e9 Kranzler, RAUM.BERLIN, ph: Holger Jacobs<\/p>\n<p style=\"font-weight: 400;\">Bis dahin wird das Caf\u00e9 Kranzler f\u00fcr Events aller Art vermietet.<br \/>Unter der Bezeichnung <strong>\u201eRaum.Berlin\u201c<\/strong> wurden zur Berlin Fashion Week vom Fashion Council Germany im Caf\u00e9 Kranzler sowohl Podiumsdiskussionen zum Thema Nachhaltigkeit abgehalten (\u201eMetamorphosis\u201c), als auch Modekollektionen von Marken wie AVENIR, LAU DE SOUSA oder PLNGNS gezeigt.<\/p>\n<p><a href=\"https:\/\/kultur24-berlin.de\/review-berlin-fashion-week-ss-2026\/09-kranzler-raum-berlin-6-900\/\" rel=\"attachment wp-att-50705 noopener\" target=\"_blank\"><img decoding=\"async\" aria-describedby=\"caption-attachment-50705\" loading=\"lazy\" class=\"size-medium wp-image-50705\" src=\"https:\/\/www.europesays.com\/de\/wp-content\/uploads\/2025\/07\/09-Kranzler-Raum.Berlin-6-900-300x210.jpg\" alt=\"\" width=\"300\" height=\"210\"  \/><\/a><\/p>\n<p id=\"caption-attachment-50705\" class=\"wp-caption-text\">Caf\u00e9 Kranzler, AVENIR Fashion, ph: Holger jacobs<\/p>\n<p style=\"font-weight: 400;\">Weiterhin diente es als Meeting Point f\u00fcr die Kooperation vom Fashion Council Germany mit dem online H\u00e4ndler EBAY unter der Bezeichnung \u201ePre-Loved\u201c.<\/p>\n<p><a href=\"https:\/\/kultur24-berlin.de\/review-berlin-fashion-week-ss-2026\/10-kranzler-raum-berlin-ebay-1-800\/\" rel=\"attachment wp-att-50706 noopener\" target=\"_blank\"><img decoding=\"async\" aria-describedby=\"caption-attachment-50706\" loading=\"lazy\" class=\"size-medium wp-image-50706\" src=\"https:\/\/www.europesays.com\/de\/wp-content\/uploads\/2025\/07\/10-Kranzler-Raum.Berlin-Ebay-1-800-217x300.jpg\" alt=\"\" width=\"217\" height=\"300\"  \/><\/a><\/p>\n<p id=\"caption-attachment-50706\" class=\"wp-caption-text\">Caf\u00e9 Kranzler, PRE-LOVED by EBAY, ph: Holger Jacobs<\/p>\n<p style=\"font-weight: 400;\"><strong>Vintage Mode<\/strong> ist in aller Munde und nach wie vor ein gro\u00dfes Thema in der Szene.<br \/>Das Problem ist nur, dass der Verkauf von alten Kleidungsst\u00fccken den Verkauf von neuen Modeartikeln u.U. verhindert oder doch zu mindestens einschr\u00e4nkt.<br \/>Das w\u00e4re nat\u00fcrlich kontraproduktiv f\u00fcr die wirtschaftliche Entwicklung der Mode-Branche.<br \/>Vielleicht wird es in der Zukunft m\u00f6glich sein, dass der Verkauf von alten und neuen Kleidungsst\u00fccken nebeneinander funktioniert, ohne dass der eine dem anderen etwas wegnimmt.<br \/>Zumal sich zum Wiederverkauf von Kleidung eigentlich nur hochwertige Mode eignet.<\/p>\n<p>F\u00fcrst \u2013 Kudamm Karr\u00e9<\/p>\n<p style=\"font-weight: 400;\">Der dritte ungew\u00f6hnliche Ort war die Baustelle zum neuen Kudamm-Karr\u00e9 des Architekten-Teams Kleihus+Kleihus, welches zuk\u00fcnftig die Bezeichnung \u201eF\u00dcRST\u201c tragen soll.<br \/>Adresse: Kudamm 207\/ 208.<\/p>\n<p><a href=\"https:\/\/kultur24-berlin.de\/review-berlin-fashion-week-ss-2026\/11-kudamm-karree-kleihuskleihus-800\/\" rel=\"attachment wp-att-50707 noopener\" target=\"_blank\"><img decoding=\"async\" aria-describedby=\"caption-attachment-50707\" loading=\"lazy\" class=\"size-medium wp-image-50707\" src=\"https:\/\/www.europesays.com\/de\/wp-content\/uploads\/2025\/07\/11-Kudamm-Karree-KleihusKleihus-800-300x213.jpg\" alt=\"\" width=\"300\" height=\"213\"  \/><\/a><\/p>\n<p id=\"caption-attachment-50707\" class=\"wp-caption-text\">F\u00fcrst-Kudamm-Kare\u00e9 \u00a9 Kleihus+Kleihus<\/p>\n<p style=\"font-weight: 400;\">Das sogenannte \u201eF\u00fcrst\u201c stammt aus den 60er Jahren, als die im Krieg zerst\u00f6rten H\u00e4user am Kurf\u00fcrsten Damm durch m\u00f6glichst viele, billige Neubauten ersetzt werden sollten.<br \/>Weshalb es am Kudamm auch immer noch so viele h\u00e4ssliche, moderne H\u00e4user gibt.<br \/>In den 90er Jahren hatte der Immobilien-Unternehmer RAFAEL ROTH mehrere Geb\u00e4ude und dazu ein 33-Stockwerk gro\u00dfes Hochhaus zwischen dem Kudamm und der Lietzenburger Stra\u00dfe erworben und dieses Ensemble, sp\u00e4ter \u201eKudamm-Karr\u00e9\u201c genannt, sanieren lassen.<br \/>2002 verkaufte er wieder alles.<br \/>Danach wechselten die Besitzer h\u00e4ufig, sogar ein russischer Oligarch war dabei.<br \/>Seit 2019 geh\u00f6rt es dem israelischen Investor AMIR DAYAN, der es nun komplett neu entstehen l\u00e4sst.<\/p>\n<p><a href=\"https:\/\/kultur24-berlin.de\/review-berlin-fashion-week-ss-2026\/12-fuerst-c-jacobs-2-900\/\" rel=\"attachment wp-att-50708 noopener\" target=\"_blank\"><img decoding=\"async\" aria-describedby=\"caption-attachment-50708\" loading=\"lazy\" class=\"size-medium wp-image-50708\" src=\"https:\/\/www.europesays.com\/de\/wp-content\/uploads\/2025\/07\/12-Fuerst-c-Jacobs-2-900-300x205.jpg\" alt=\"\" width=\"300\" height=\"205\"  \/><\/a><\/p>\n<p id=\"caption-attachment-50708\" class=\"wp-caption-text\">F\u00fcrst -Kudamm-Karre\u00e9 Juli 2025, ph: Holger Jacobs<\/p>\n<p style=\"font-weight: 400;\">Als die Baustelle 2023 wegen finanzieller Engp\u00e4sse ein Jahr lang dicht machen musste, sah sich der Berliner Senst gezwungen mit 800.000 Euro einzuspringen, um den Weiterbau zu garantieren.<br \/>Die \u201eF\u00fcrst\u201c-Gruppe selber schoss noch einmal 290 Millionen Euro hinzu.<br \/>Die Gesamtinvestition liegt bei ca. 1 Milliarde Euro.<br \/>Jetzt soll alles sp\u00e4testens 2026 fertig werden.<br \/>Mit einem neuen Theatersaal f\u00fcr die Kom\u00f6die am Kudamm, einem 5D Kino, einem REWE Gro\u00dfmarkt, Co-Working Spaces und einem zum Museum umgebauten Atombunker im zweiten Tiefgeschoss\u2026<\/p>\n<p><a href=\"https:\/\/kultur24-berlin.de\/review-berlin-fashion-week-ss-2026\/13-fuerst-c-jacobs-1-900\/\" rel=\"attachment wp-att-50709 noopener\" target=\"_blank\"><img decoding=\"async\" aria-describedby=\"caption-attachment-50709\" loading=\"lazy\" class=\"size-medium wp-image-50709\" src=\"https:\/\/www.europesays.com\/de\/wp-content\/uploads\/2025\/07\/13-Fuerst-c-Jacobs-1-900-300x195.jpg\" alt=\"\" width=\"300\" height=\"195\"  \/><\/a><\/p>\n<p id=\"caption-attachment-50709\" class=\"wp-caption-text\">F\u00fcrst -Kudamm-Karre\u00e9 Juli 2025, ph: Holger Jacobs<\/p>\n<p style=\"font-weight: 400;\">In einem Teil dieses Geb\u00e4ude-Komplexes zeigte die Agentur Nowadays mit ihrem Format \u201eNewest\u201c zur Berlin Fashion Week die Modenschauen der Designer MILK OF LIME, MARKE, BUZIGHAHILL, SF1OG, COLRS, und ORANGE COUTURE (Fotos siehe unten).<\/p>\n<p style=\"font-weight: 400;\">Zum Schluss noch einmal das Thema <strong>Vintage<\/strong>:<br \/>Die ehemalige Chefredakteurin der Vogue, CHRISTIANE ARP, hat zusammen mit der Chefredakteurin des Magazins Tush, WIEBKE BREDEHORST und mit der Stylistin JOSEPHA RODRIGUEZ eine Woche lang einen Pop-Up Store unter dem Namen DOPPELREIHER in der Torstrasse 208 in Berlin-Mitte mit gro\u00dfem Erfolg er\u00f6ffnet.<br \/>Vintage-Mode, Vintage-M\u00f6bel und Vintage-Design waren hier zu erwerben. Demn\u00e4chst soll es eine Fortsetzung geben.<\/p>\n<p><a href=\"https:\/\/kultur24-berlin.de\/review-berlin-fashion-week-ss-2026\/14-doppelreiher-c-ansgar-sollmann\/\" rel=\"attachment wp-att-50710 noopener\" target=\"_blank\"><img decoding=\"async\" aria-describedby=\"caption-attachment-50710\" loading=\"lazy\" class=\"size-medium wp-image-50710\" src=\"https:\/\/www.europesays.com\/de\/wp-content\/uploads\/2025\/07\/14-Doppelreiher-c-Ansgar-Sollmann-225x300.jpeg\" alt=\"\" width=\"225\" height=\"300\"  \/><\/a><\/p>\n<p id=\"caption-attachment-50710\" class=\"wp-caption-text\">DOPPELREIHER Pop-Up-Store, ph: Ansgar Sollmann<\/p>\n<p style=\"font-weight: 400;\"><strong>Die anschlie\u00dfenden Fotos zeigen meine Auswahl von 22 Designern der Berlin Fashion Week SS 2026:<\/strong><\/p>\n<p style=\"font-weight: 400;\"><strong>AVENIR<\/strong><\/p>\n<p><a href=\"https:\/\/kultur24-berlin.de\/review-berlin-fashion-week-ss-2026\/avenir-show-c-bfw-800\/\" rel=\"attachment wp-att-50712 noopener\" target=\"_blank\"><img decoding=\"async\" aria-describedby=\"caption-attachment-50712\" loading=\"lazy\" class=\"size-medium wp-image-50712\" src=\"https:\/\/www.europesays.com\/de\/wp-content\/uploads\/2025\/07\/Avenir-Show-c-BFW-800-219x300.jpg\" alt=\"\" width=\"219\" height=\"300\"  \/><\/a><\/p>\n<p id=\"caption-attachment-50712\" class=\"wp-caption-text\">AVENIR, SS 2026, ph: BFW<\/p>\n<p style=\"font-weight: 400;\"><strong>COLRS<\/strong><\/p>\n<p><a href=\"https:\/\/kultur24-berlin.de\/review-berlin-fashion-week-ss-2026\/colrs-c-bfw-800\/\" rel=\"attachment wp-att-50713 noopener\" target=\"_blank\"><img decoding=\"async\" aria-describedby=\"caption-attachment-50713\" loading=\"lazy\" class=\"size-medium wp-image-50713\" src=\"https:\/\/www.europesays.com\/de\/wp-content\/uploads\/2025\/07\/colrs-c-BFW-800-209x300.jpg\" alt=\"\" width=\"209\" height=\"300\"  \/><\/a><\/p>\n<p id=\"caption-attachment-50713\" class=\"wp-caption-text\">COLRS, SS 2026, ph: BFW<\/p>\n<p style=\"font-weight: 400;\"><strong>Danny Reinke<\/strong><\/p>\n<p><a href=\"https:\/\/kultur24-berlin.de\/review-berlin-fashion-week-ss-2026\/collectivefour-danny-reinke-runway-show-berlin-fashion-week-ss26\/\" rel=\"attachment wp-att-50714 noopener\" target=\"_blank\"><img decoding=\"async\" aria-describedby=\"caption-attachment-50714\" loading=\"lazy\" class=\"size-medium wp-image-50714\" src=\"https:\/\/www.europesays.com\/de\/wp-content\/uploads\/2025\/07\/Danny-Reinke_SS26-c-Matt-Jelonek-1-800-218x300.jpg\" alt=\"\" width=\"218\" height=\"300\"  \/><\/a><\/p>\n<p id=\"caption-attachment-50714\" class=\"wp-caption-text\">DANNY REINKE, SS 2026, ph:Matt Jelonek<\/p>\n<p><strong>Danny Reinke<\/strong><\/p>\n<p><a href=\"https:\/\/kultur24-berlin.de\/review-berlin-fashion-week-ss-2026\/collectivefour-danny-reinke-runway-show-berlin-fashion-week-ss26-2\/\" rel=\"attachment wp-att-50715 noopener\" target=\"_blank\"><img decoding=\"async\" aria-describedby=\"caption-attachment-50715\" loading=\"lazy\" class=\"size-medium wp-image-50715\" src=\"https:\/\/www.europesays.com\/de\/wp-content\/uploads\/2025\/07\/Danny-Reinke_SS26-c-Matt-Jelonek-3-800-223x300.jpg\" alt=\"\" width=\"223\" height=\"300\"  \/><\/a><\/p>\n<p id=\"caption-attachment-50715\" class=\"wp-caption-text\">DANNY REINK,E SS 2026, ph:Matt Jelonek<\/p>\n<p><strong>Danny Reinke<\/strong><\/p>\n<p><a href=\"https:\/\/kultur24-berlin.de\/review-berlin-fashion-week-ss-2026\/collectivefour-danny-reinke-runway-show-berlin-fashion-week-ss26-3\/\" rel=\"attachment wp-att-50716 noopener\" target=\"_blank\"><img decoding=\"async\" aria-describedby=\"caption-attachment-50716\" loading=\"lazy\" class=\"size-medium wp-image-50716\" src=\"https:\/\/www.europesays.com\/de\/wp-content\/uploads\/2025\/07\/Danny-Reinke_SS26-c-Matt-Jelonek-800-191x300.jpg\" alt=\"\" width=\"191\" height=\"300\"  \/><\/a><\/p>\n<p id=\"caption-attachment-50716\" class=\"wp-caption-text\">DANNY REINKE, SS 2026, ph:Matt Jelonek<\/p>\n<p style=\"font-weight: 400;\"><strong>Gerrit Jacob<\/strong><\/p>\n<p><a href=\"https:\/\/kultur24-berlin.de\/review-berlin-fashion-week-ss-2026\/gerrit-jacob-ss-2026-c-bfw-800\/\" rel=\"attachment wp-att-50717 noopener\" target=\"_blank\"><img decoding=\"async\" aria-describedby=\"caption-attachment-50717\" loading=\"lazy\" class=\"size-medium wp-image-50717\" src=\"https:\/\/www.europesays.com\/de\/wp-content\/uploads\/2025\/07\/Gerrit-Jacob-SS-2026-c-BFW-800-221x300.jpg\" alt=\"\" width=\"221\" height=\"300\"  \/><\/a><\/p>\n<p id=\"caption-attachment-50717\" class=\"wp-caption-text\">GERRIT JACOB, SS 2026, ph: BFW<\/p>\n<p style=\"font-weight: 400;\"><strong>GMBH<\/strong><\/p>\n<p><a href=\"https:\/\/kultur24-berlin.de\/review-berlin-fashion-week-ss-2026\/gmbh-ss-2026-c-bfw-800\/\" rel=\"attachment wp-att-50718 noopener\" target=\"_blank\"><img decoding=\"async\" aria-describedby=\"caption-attachment-50718\" loading=\"lazy\" class=\"size-medium wp-image-50718\" src=\"https:\/\/www.europesays.com\/de\/wp-content\/uploads\/2025\/07\/gmbh-SS-2026-c-BFW-800-210x300.jpg\" alt=\"\" width=\"210\" height=\"300\"  \/><\/a><\/p>\n<p id=\"caption-attachment-50718\" class=\"wp-caption-text\">GMBH, SS 2026, ph: BFW<\/p>\n<p style=\"font-weight: 400;\"><strong>Haderlump<\/strong><\/p>\n<p><a href=\"https:\/\/kultur24-berlin.de\/review-berlin-fashion-week-ss-2026\/haderlump-ss-2026-c-bfw-800\/\" rel=\"attachment wp-att-50719 noopener\" target=\"_blank\"><img decoding=\"async\" aria-describedby=\"caption-attachment-50719\" loading=\"lazy\" class=\"size-medium wp-image-50719\" src=\"https:\/\/www.europesays.com\/de\/wp-content\/uploads\/2025\/07\/haderlump-SS-2026-c-BFW-800-215x300.jpg\" alt=\"\" width=\"215\" height=\"300\"  \/><\/a><\/p>\n<p id=\"caption-attachment-50719\" class=\"wp-caption-text\">HADERLUMP, SS 2026, ph: BFW<\/p>\n<p style=\"font-weight: 400;\"><strong>Ioannes<\/strong><\/p>\n<p><a href=\"https:\/\/kultur24-berlin.de\/review-berlin-fashion-week-ss-2026\/ioannes_ss26-c-james-cochrane-800\/\" rel=\"attachment wp-att-50720 noopener\" target=\"_blank\"><img decoding=\"async\" aria-describedby=\"caption-attachment-50720\" loading=\"lazy\" class=\"size-medium wp-image-50720\" src=\"https:\/\/www.europesays.com\/de\/wp-content\/uploads\/2025\/07\/Ioannes_SS26-c-James-Cochrane-800-197x300.jpg\" alt=\"\" width=\"197\" height=\"300\"  \/><\/a><\/p>\n<p id=\"caption-attachment-50720\" class=\"wp-caption-text\">IOANNES. SS 2026, ph: BFW<\/p>\n<p style=\"font-weight: 400;\"><strong>Kasia Kucharska<\/strong> (letztj\u00e4hrige Gewinnerin des Vogue Fashion Fund)<\/p>\n<p><a href=\"https:\/\/kultur24-berlin.de\/review-berlin-fashion-week-ss-2026\/kasia-kucharska-ss-2026-c-bfw-800\/\" rel=\"attachment wp-att-50721 noopener\" target=\"_blank\"><img decoding=\"async\" aria-describedby=\"caption-attachment-50721\" loading=\"lazy\" class=\"size-medium wp-image-50721\" src=\"https:\/\/www.europesays.com\/de\/wp-content\/uploads\/2025\/07\/Kasia-Kucharska-SS-2026-c-BFW-800-218x300.jpg\" alt=\"\" width=\"218\" height=\"300\"  \/><\/a><\/p>\n<p id=\"caption-attachment-50721\" class=\"wp-caption-text\">KASIA KUCHARSKA. SS 2026, ph: BFW<\/p>\n<p style=\"font-weight: 400;\"><strong>Kilian Kerner<\/strong><\/p>\n<p><a href=\"https:\/\/kultur24-berlin.de\/review-berlin-fashion-week-ss-2026\/collectivefour-kilian-kerner-runway-show-berlin-fashion-week-ss26\/\" rel=\"attachment wp-att-50722 noopener\" target=\"_blank\"><img decoding=\"async\" aria-describedby=\"caption-attachment-50722\" loading=\"lazy\" class=\"size-medium wp-image-50722\" src=\"https:\/\/www.europesays.com\/de\/wp-content\/uploads\/2025\/07\/Kilian-Kerner-SS2026-2-800-188x300.jpg\" alt=\"\" width=\"188\" height=\"300\"  \/><\/a><\/p>\n<p id=\"caption-attachment-50722\" class=\"wp-caption-text\">KILIAN KERNER, SS 2026, ph: Matt Jelonek<\/p>\n<p style=\"font-weight: 400;\"><strong>Kitschy Couture<\/strong><\/p>\n<p><a href=\"https:\/\/kultur24-berlin.de\/review-berlin-fashion-week-ss-2026\/kitschy-couture-showroom-800\/\" rel=\"attachment wp-att-50723 noopener\" target=\"_blank\"><img decoding=\"async\" aria-describedby=\"caption-attachment-50723\" loading=\"lazy\" class=\"size-medium wp-image-50723\" src=\"https:\/\/www.europesays.com\/de\/wp-content\/uploads\/2025\/07\/Kitschy-Couture-Showroom-800-200x300.jpg\" alt=\"\" width=\"200\" height=\"300\"  \/><\/a><\/p>\n<p id=\"caption-attachment-50723\" class=\"wp-caption-text\">KITSCHY COUTURE, SS 2026, ph: Holger Jacobs<\/p>\n<p style=\"font-weight: 400;\"><strong>Laura De Sousa<\/strong><\/p>\n<p><a href=\"https:\/\/kultur24-berlin.de\/review-berlin-fashion-week-ss-2026\/laura-de-sousa-800\/\" rel=\"attachment wp-att-50724 noopener\" target=\"_blank\"><img decoding=\"async\" aria-describedby=\"caption-attachment-50724\" loading=\"lazy\" class=\"size-medium wp-image-50724\" src=\"https:\/\/www.europesays.com\/de\/wp-content\/uploads\/2025\/07\/Laura-De-Sousa-800-225x300.jpg\" alt=\"\" width=\"225\" height=\"300\"  \/><\/a><\/p>\n<p id=\"caption-attachment-50724\" class=\"wp-caption-text\">LAURA DE SOUSA, SS 2026, ph: Holger Jacobs<\/p>\n<p style=\"font-weight: 400;\"><strong>Laura Gerte<\/strong><\/p>\n<p><a href=\"https:\/\/kultur24-berlin.de\/review-berlin-fashion-week-ss-2026\/laura-gerte-ss-2026-c-bfw-800\/\" rel=\"attachment wp-att-50725 noopener\" target=\"_blank\"><img decoding=\"async\" aria-describedby=\"caption-attachment-50725\" loading=\"lazy\" class=\"size-medium wp-image-50725\" src=\"https:\/\/www.europesays.com\/de\/wp-content\/uploads\/2025\/07\/Laura-Gerte-SS-2026-c-BFW-800-203x300.jpg\" alt=\"\" width=\"203\" height=\"300\"  \/><\/a><\/p>\n<p id=\"caption-attachment-50725\" class=\"wp-caption-text\">LAURA GERTE, SS 2026, ph: BFW<\/p>\n<p style=\"font-weight: 400;\"><strong>Lou de B\u00e9toly<\/strong><\/p>\n<p><a href=\"https:\/\/kultur24-berlin.de\/review-berlin-fashion-week-ss-2026\/lou-de-betoly-ss-2026-c-bfw-800\/\" rel=\"attachment wp-att-50726 noopener\" target=\"_blank\"><img decoding=\"async\" aria-describedby=\"caption-attachment-50726\" loading=\"lazy\" class=\"size-medium wp-image-50726\" src=\"https:\/\/www.europesays.com\/de\/wp-content\/uploads\/2025\/07\/Lou-de-Betoly-SS-2026-c-BFW-800-212x300.jpg\" alt=\"\" width=\"212\" height=\"300\"  \/><\/a><\/p>\n<p id=\"caption-attachment-50726\" class=\"wp-caption-text\">LOU de B\u00c9TOLY, SS 2026, ph: BFW<\/p>\n<p style=\"font-weight: 400;\"><strong>Lueder<\/strong><\/p>\n<p><a href=\"https:\/\/kultur24-berlin.de\/review-berlin-fashion-week-ss-2026\/lueder-ss-2026-c-bfw-800\/\" rel=\"attachment wp-att-50727 noopener\" target=\"_blank\"><img decoding=\"async\" aria-describedby=\"caption-attachment-50727\" loading=\"lazy\" class=\"size-medium wp-image-50727\" src=\"https:\/\/www.europesays.com\/de\/wp-content\/uploads\/2025\/07\/Lueder-SS-2026-c-BFW-800-242x300.jpg\" alt=\"\" width=\"242\" height=\"300\"  \/><\/a><\/p>\n<p id=\"caption-attachment-50727\" class=\"wp-caption-text\">LUEDER, SS 2026, ph: BFW<\/p>\n<p style=\"font-weight: 400;\"><strong>Marc Cain<\/strong><\/p>\n<p><a href=\"https:\/\/kultur24-berlin.de\/review-berlin-fashion-week-ss-2026\/marc_cain_ss26-c-stefan_knauer-800\/\" rel=\"attachment wp-att-50728 noopener\" target=\"_blank\"><img decoding=\"async\" aria-describedby=\"caption-attachment-50728\" loading=\"lazy\" class=\"size-medium wp-image-50728\" src=\"https:\/\/www.europesays.com\/de\/wp-content\/uploads\/2025\/07\/Marc_Cain_SS26-c-Stefan_Knauer-800-191x300.jpg\" alt=\"\" width=\"191\" height=\"300\"  \/><\/a><\/p>\n<p id=\"caption-attachment-50728\" class=\"wp-caption-text\">MARC CAIN, SS 2026, ph: BFW<\/p>\n<p style=\"font-weight: 400;\"><strong>Marcel Ostertag<\/strong><\/p>\n<p><a href=\"https:\/\/kultur24-berlin.de\/review-berlin-fashion-week-ss-2026\/marcel-ostertag-c-matt-jelonek-1-800\/\" rel=\"attachment wp-att-50729 noopener\" target=\"_blank\"><img decoding=\"async\" aria-describedby=\"caption-attachment-50729\" loading=\"lazy\" class=\"size-medium wp-image-50729\" src=\"https:\/\/www.europesays.com\/de\/wp-content\/uploads\/2025\/07\/Marcel-Ostertag-c-Matt-Jelonek-1-800-210x300.jpg\" alt=\"\" width=\"210\" height=\"300\"  \/><\/a><\/p>\n<p id=\"caption-attachment-50729\" class=\"wp-caption-text\">MARCEL OSTERTAG, SS 2026, ph: Mat Jelonek<\/p>\n<p style=\"font-weight: 400;\"><strong>Marcel Ostertag<\/strong><\/p>\n<p><a href=\"https:\/\/kultur24-berlin.de\/review-berlin-fashion-week-ss-2026\/marcel-ostertag-c-matt-jelonek-4-800\/\" rel=\"attachment wp-att-50730 noopener\" target=\"_blank\"><img decoding=\"async\" aria-describedby=\"caption-attachment-50730\" loading=\"lazy\" class=\"size-medium wp-image-50730\" src=\"https:\/\/www.europesays.com\/de\/wp-content\/uploads\/2025\/07\/Marcel-Ostertag-c-Matt-Jelonek-4-800-199x300.jpg\" alt=\"\" width=\"199\" height=\"300\"  \/><\/a><\/p>\n<p id=\"caption-attachment-50730\" class=\"wp-caption-text\">MARCEL OSTERTAG, SS 2026, ph: Mat Jelonek<\/p>\n<p style=\"font-weight: 400;\"><strong>Marcel Ostertag<\/strong><\/p>\n<p><a href=\"https:\/\/kultur24-berlin.de\/review-berlin-fashion-week-ss-2026\/marcel-ostertag-ss-2026-c-bfw-800\/\" rel=\"attachment wp-att-50731 noopener\" target=\"_blank\"><img decoding=\"async\" aria-describedby=\"caption-attachment-50731\" loading=\"lazy\" class=\"size-medium wp-image-50731\" src=\"https:\/\/www.europesays.com\/de\/wp-content\/uploads\/2025\/07\/Marcel-Ostertag-SS-2026-c-BFW-800-220x300.jpg\" alt=\"\" width=\"220\" height=\"300\"  \/><\/a><\/p>\n<p id=\"caption-attachment-50731\" class=\"wp-caption-text\">MARCEL OSTERTAG, SS 2026, ph: Mat Jelonek<\/p>\n<p style=\"font-weight: 400;\"><strong>MARKE<\/strong><\/p>\n<p><a href=\"https:\/\/kultur24-berlin.de\/review-berlin-fashion-week-ss-2026\/marke_ss26-c-andreas-hofrichter-4-800\/\" rel=\"attachment wp-att-50732 noopener\" target=\"_blank\"><img decoding=\"async\" aria-describedby=\"caption-attachment-50732\" loading=\"lazy\" class=\"size-medium wp-image-50732\" src=\"https:\/\/www.europesays.com\/de\/wp-content\/uploads\/2025\/07\/Marke_SS26-c-Andreas-Hofrichter-4-800-185x300.jpg\" alt=\"\" width=\"185\" height=\"300\"  \/><\/a><\/p>\n<p id=\"caption-attachment-50732\" class=\"wp-caption-text\">MARKE, SS 2026, ph: BFW<\/p>\n<p style=\"font-weight: 400;\"><strong>Milk of Lime<\/strong><\/p>\n<p><a href=\"https:\/\/kultur24-berlin.de\/review-berlin-fashion-week-ss-2026\/milk-of-lime_ss26-c-andreas-hofrichter-4-800\/\" rel=\"attachment wp-att-50733 noopener\" target=\"_blank\"><img decoding=\"async\" aria-describedby=\"caption-attachment-50733\" loading=\"lazy\" class=\"size-medium wp-image-50733\" src=\"https:\/\/www.europesays.com\/de\/wp-content\/uploads\/2025\/07\/Milk-of-Lime_SS26-c-Andreas-Hofrichter-4-800-194x300.jpg\" alt=\"\" width=\"194\" height=\"300\"  \/><\/a><\/p>\n<p id=\"caption-attachment-50733\" class=\"wp-caption-text\">MILK OF LIME, SS 2026, ph: BFW<\/p>\n<p style=\"font-weight: 400;\"><strong>Palmwine Icecream<\/strong><\/p>\n<p><a href=\"https:\/\/kultur24-berlin.de\/review-berlin-fashion-week-ss-2026\/palmwine_icecream_ss26-c-boris_marberg-2-800\/\" rel=\"attachment wp-att-50734 noopener\" target=\"_blank\"><img decoding=\"async\" aria-describedby=\"caption-attachment-50734\" loading=\"lazy\" class=\"size-medium wp-image-50734\" src=\"https:\/\/www.europesays.com\/de\/wp-content\/uploads\/2025\/07\/Palmwine_Icecream_SS26-c-Boris_Marberg-2-800-207x300.jpg\" alt=\"\" width=\"207\" height=\"300\"  \/><\/a><\/p>\n<p id=\"caption-attachment-50734\" class=\"wp-caption-text\">PALMWINE ICECREAM, SS 2026, ph: Boris Marberg<\/p>\n<p style=\"font-weight: 400;\"><strong>Rebekka Ruetz<\/strong><\/p>\n<p><a href=\"https:\/\/kultur24-berlin.de\/review-berlin-fashion-week-ss-2026\/rebekka_ruetz_ss26_backstge_by_nathalie_hutter-1-800\/\" rel=\"attachment wp-att-50735 noopener\" target=\"_blank\"><img decoding=\"async\" aria-describedby=\"caption-attachment-50735\" loading=\"lazy\" class=\"size-medium wp-image-50735\" src=\"https:\/\/www.europesays.com\/de\/wp-content\/uploads\/2025\/07\/Rebekka_ruetz_SS26_Backstge_by_Nathalie_Hutter-1-800-209x300.jpg\" alt=\"\" width=\"209\" height=\"300\"  \/><\/a><\/p>\n<p id=\"caption-attachment-50735\" class=\"wp-caption-text\">REBEKKA RUETZ, SS 2026, ph: Natalie Hutter<\/p>\n<p style=\"font-weight: 400;\"><strong>Rebekka Ruetz<\/strong><\/p>\n<p><a href=\"https:\/\/kultur24-berlin.de\/review-berlin-fashion-week-ss-2026\/rebekka_ruetz_ss26_backstge_by_nathalie_hutter-3-800\/\" rel=\"attachment wp-att-50736 noopener\" target=\"_blank\"><img decoding=\"async\" aria-describedby=\"caption-attachment-50736\" loading=\"lazy\" class=\"size-medium wp-image-50736\" src=\"https:\/\/www.europesays.com\/de\/wp-content\/uploads\/2025\/07\/Rebekka_ruetz_SS26_Backstge_by_Nathalie_Hutter-3-800-200x300.jpg\" alt=\"\" width=\"200\" height=\"300\"  \/><\/a><\/p>\n<p id=\"caption-attachment-50736\" class=\"wp-caption-text\">REBEKKA RUETZ, SS 2026, ph: Natalie Hutter<\/p>\n<p style=\"font-weight: 400;\"><strong>Rebekka Ruetz<\/strong><\/p>\n<p><a href=\"https:\/\/kultur24-berlin.de\/review-berlin-fashion-week-ss-2026\/rebekka_ruetz_ss26_backstge_by_nathalie_hutter-4-800\/\" rel=\"attachment wp-att-50737 noopener\" target=\"_blank\"><img decoding=\"async\" aria-describedby=\"caption-attachment-50737\" loading=\"lazy\" class=\"size-medium wp-image-50737\" src=\"https:\/\/www.europesays.com\/de\/wp-content\/uploads\/2025\/07\/Rebekka_ruetz_SS26_Backstge_by_Nathalie_Hutter-4-800-202x300.jpg\" alt=\"\" width=\"202\" height=\"300\"  \/><\/a><\/p>\n<p id=\"caption-attachment-50737\" class=\"wp-caption-text\">REBEKKA RUETZ, SS 2026, ph: Natalie Hutter<\/p>\n<p><strong>SF1OG<\/strong><\/p>\n<p><a href=\"https:\/\/kultur24-berlin.de\/review-berlin-fashion-week-ss-2026\/sf10g_ss26-c-james-cochrane-800\/\" rel=\"attachment wp-att-50738 noopener\" target=\"_blank\"><img decoding=\"async\" aria-describedby=\"caption-attachment-50738\" loading=\"lazy\" class=\"size-medium wp-image-50738\" src=\"https:\/\/www.europesays.com\/de\/wp-content\/uploads\/2025\/07\/SF10G_SS26-c-James-Cochrane-800-192x300.jpg\" alt=\"\" width=\"192\" height=\"300\"  \/><\/a><\/p>\n<p id=\"caption-attachment-50738\" class=\"wp-caption-text\">SF1OG, SS 2026, ph; Lames Cochrane<\/p>\n<p style=\"font-weight: 400;\"><strong>Sia Arnika<\/strong><\/p>\n<p><a href=\"https:\/\/kultur24-berlin.de\/review-berlin-fashion-week-ss-2026\/sia_arnika_ss26-c-boris-marberg-800\/\" rel=\"attachment wp-att-50739 noopener\" target=\"_blank\"><img decoding=\"async\" aria-describedby=\"caption-attachment-50739\" loading=\"lazy\" class=\"size-medium wp-image-50739\" src=\"https:\/\/www.europesays.com\/de\/wp-content\/uploads\/2025\/07\/Sia_Arnika_SS26-c-Boris-Marberg-800-198x300.jpg\" alt=\"\" width=\"198\" height=\"300\"  \/><\/a><\/p>\n<p id=\"caption-attachment-50739\" class=\"wp-caption-text\">SIA ARNIKA, SS 2026, ph: Boris Marberg<\/p>\n<p style=\"font-weight: 400;\"><strong>Tell The Truth<\/strong><\/p>\n<p><a href=\"https:\/\/kultur24-berlin.de\/review-berlin-fashion-week-ss-2026\/tell-the-truth_ss26-c-james-cochrane-800\/\" rel=\"attachment wp-att-50740 noopener\" target=\"_blank\"><img decoding=\"async\" aria-describedby=\"caption-attachment-50740\" loading=\"lazy\" class=\"size-medium wp-image-50740\" src=\"https:\/\/www.europesays.com\/de\/wp-content\/uploads\/2025\/07\/Tell-The-Truth_SS26-c-James-Cochrane-800-215x300.jpg\" alt=\"\" width=\"215\" height=\"300\"  \/><\/a><\/p>\n<p id=\"caption-attachment-50740\" class=\"wp-caption-text\">TELL THE TRUTH, SS 2026, ph: James Cochrane<\/p>\n<p>\t\t\t\t<img decoding=\"async\" alt=\"\" src=\"https:\/\/www.europesays.com\/de\/wp-content\/uploads\/2025\/07\/df996e631a19426e402f7b2803ab98b2\"  class=\"avatar avatar-80 photo\" height=\"80\" width=\"80\" loading=\"lazy\"\/><\/p>\n<p>Author: <a href=\"http:\/\/www.kultur24-berlin.de\" title=\"Website von Holger Jacobs besuchen\" rel=\"author external noopener\" target=\"_blank\">Holger Jacobs<\/a><\/p>\n<p>Founder &amp; Editorial Director of kultur24.berlin ug.<br \/>Founder &amp; Editorial Director of kultur24 TV on Youtube.<br \/>Former correspondent for fashion in Paris.<br \/>Photographer, writer and videographer.\n\t\t\t<\/p>\n","protected":false},"excerpt":{"rendered":"\u00a0 Von Holger Jacobs 08.07.2025 please find 30 photos from the runway shows in a personal selection below&hellip;\n","protected":false},"author":2,"featured_media":255718,"comment_status":"","ping_status":"","sticky":false,"template":"","format":"standard","meta":{"footnotes":""},"categories":[1825],"tags":[44204,296,25283,78072,78073,29,78067,78069,78070,30,78074,24869,78075,78076,78077,75584,78078,78079,78080,74337,78081,73310,78082,35887,78083,78068,78084,78085,19424,78071,78086,78087],"class_list":{"0":"post-255717","1":"post","2":"type-post","3":"status-publish","4":"format-standard","5":"has-post-thumbnail","7":"category-berlin","8":"tag-avenir","9":"tag-berlin","10":"tag-berlin-fashion-week","11":"tag-colrs","12":"tag-danny-reinke","13":"tag-deutschland","14":"tag-fashion-council-germany","15":"tag-fashion-in-berlin","16":"tag-fashion-show","17":"tag-germany","18":"tag-gerrit-jacob","19":"tag-gmbh","20":"tag-haderlump","21":"tag-ioannes","22":"tag-kasia-kucharska","23":"tag-kilian-kerner","24":"tag-kitschy-couture","25":"tag-laura-de-sousa","26":"tag-laura-gerte","27":"tag-lou-de-betoly","28":"tag-lueder","29":"tag-marc-cain","30":"tag-marcel-ostertag","31":"tag-marke","32":"tag-milk-of-lime","33":"tag-mode-in-berlin","34":"tag-palmwine-icecream","35":"tag-rebekka-ruetz","36":"tag-review","37":"tag-runway-show","38":"tag-sia-arnika","39":"tag-tell-the-truth"},"share_on_mastodon":{"url":"https:\/\/pubeurope.com\/@de\/114825644897442741","error":""},"_links":{"self":[{"href":"https:\/\/www.europesays.com\/de\/wp-json\/wp\/v2\/posts\/255717","targetHints":{"allow":["GET"]}}],"collection":[{"href":"https:\/\/www.europesays.com\/de\/wp-json\/wp\/v2\/posts"}],"about":[{"href":"https:\/\/www.europesays.com\/de\/wp-json\/wp\/v2\/types\/post"}],"author":[{"embeddable":true,"href":"https:\/\/www.europesays.com\/de\/wp-json\/wp\/v2\/users\/2"}],"replies":[{"embeddable":true,"href":"https:\/\/www.europesays.com\/de\/wp-json\/wp\/v2\/comments?post=255717"}],"version-history":[{"count":0,"href":"https:\/\/www.europesays.com\/de\/wp-json\/wp\/v2\/posts\/255717\/revisions"}],"wp:featuredmedia":[{"embeddable":true,"href":"https:\/\/www.europesays.com\/de\/wp-json\/wp\/v2\/media\/255718"}],"wp:attachment":[{"href":"https:\/\/www.europesays.com\/de\/wp-json\/wp\/v2\/media?parent=255717"}],"wp:term":[{"taxonomy":"category","embeddable":true,"href":"https:\/\/www.europesays.com\/de\/wp-json\/wp\/v2\/categories?post=255717"},{"taxonomy":"post_tag","embeddable":true,"href":"https:\/\/www.europesays.com\/de\/wp-json\/wp\/v2\/tags?post=255717"}],"curies":[{"name":"wp","href":"https:\/\/api.w.org\/{rel}","templated":true}]}}