{"id":255731,"date":"2025-07-09T22:37:15","date_gmt":"2025-07-09T22:37:15","guid":{"rendered":"https:\/\/www.europesays.com\/de\/255731\/"},"modified":"2025-07-09T22:37:15","modified_gmt":"2025-07-09T22:37:15","slug":"linkin-park-in-discounter-fashion-laut-de-seite-16-20","status":"publish","type":"post","link":"https:\/\/www.europesays.com\/de\/255731\/","title":{"rendered":"Linkin Park in Discounter-Fashion \u2013 laut.de \u2013 Seite 16\/20"},"content":{"rendered":"<p>\t\tSlayer sind zur\u00fcck<img decoding=\"async\" src=\"https:\/\/www.europesays.com\/de\/wp-content\/uploads\/2025\/07\/slayercardiff.jpg\" style=\"width:300px;\"\/><\/p>\n<p>Bei allem Bohei um Ozzy ging fast ein wenig unter, dass <a href=\"https:\/\/laut.de\/Slayer\" class=\"wort\" title=\"Slayer\" rel=\"nofollow noopener\" target=\"_blank\">Slayer<\/a> am selben Wochenende ihre ersten Shows in Europa seit den vermeintlich letzten Gigs auf dem Kontinent 2019 spielten. Konzert Nummer 1 fand am 3. Juli auf den Blackweir Fields in Cardiff statt. Die Supportslots besetzten noch eher unbekannte Gruppen namens <a href=\"https:\/\/laut.de\/Hatebreed\" class=\"wort\" title=\"Hatebreed\" rel=\"nofollow noopener\" target=\"_blank\">Hatebreed<\/a>, <a href=\"https:\/\/laut.de\/Mastodon\" class=\"wort\" title=\"Mastodon\" rel=\"nofollow noopener\" target=\"_blank\">Mastodon<\/a>, <a href=\"https:\/\/laut.de\/Anthrax\" class=\"wort\" title=\"Anthrax\" rel=\"nofollow noopener\" target=\"_blank\">Anthrax<\/a> und <a href=\"https:\/\/laut.de\/Amon-Amarth\" class=\"wort\" title=\"Amon Amarth\" rel=\"nofollow noopener\" target=\"_blank\">Amon Amarth<\/a>. So sah die Setlist aus:<\/p>\n<ol>\n<li>South Of Heaven<\/li>\n<li>Repentless<\/li>\n<li>Disciple<\/li>\n<li>Die By The Sword<\/li>\n<li>Jihad<\/li>\n<li>War Ensemble<\/li>\n<li>Chemical Warfare<\/li>\n<li>Reborn<\/li>\n<li>Mandatory Suicide<\/li>\n<li>Born Of Fire<\/li>\n<li>Dead Skin Mask<\/li>\n<li>Spirit In Black<\/li>\n<li>Hate Worldwide<\/li>\n<li>Seasons In The Abyss<\/li>\n<li>Hell Awaits<\/li>\n<li>213<\/li>\n<li>Postmortem<\/li>\n<li>Raining Blood<\/li>\n<li>Black Magic<\/li>\n<li>Angel Of Death<\/li>\n<\/ol>\n<p>Zwei Tage sp\u00e4ter gastierten Slayer bei &#8222;Back To The Beginning&#8220;, wo sie neben eigenen Songs auch <a href=\"https:\/\/laut.de\/Black-Sabbath\" class=\"wort\" title=\"Black Sabbath\" rel=\"nofollow noopener\" target=\"_blank\">Black Sabbaths<\/a> &#8222;Wicked World&#8220; coverten. Das gefiel ihnen offenbar so gut, dass sie die Nummer tags darauf bei der zweiten Headline-Show in London &#8211; <a href=\"https:\/\/laut.de\/News\/Slayer-live-in-London-Sommer,-Liebe,-Totschlag-07-07-2025-21207\" class=\"vor\" title=\"Slayer live in London: Sommer, Liebe, Totschlag\" rel=\"nofollow noopener\" target=\"_blank\">hier die Review zum Konzert<\/a> &#8211; gleich noch mal darboten.<\/p>\n<p>Konzerte auf dem europ\u00e4ischen Festland sind aktuell nicht geplant. Mal sehen, ob Tom Arayas Motivation n\u00e4chstes Jahr f\u00fcr einen Festivalsommer reicht &#8230;<\/p><\/p>\n","protected":false},"excerpt":{"rendered":"Slayer sind zur\u00fcck Bei allem Bohei um Ozzy ging fast ein wenig unter, dass Slayer am selben Wochenende&hellip;\n","protected":false},"author":2,"featured_media":255732,"comment_status":"","ping_status":"","sticky":false,"template":"","format":"standard","meta":{"footnotes":""},"categories":[1772],"tags":[29,214,30,1779,810,215],"class_list":{"0":"post-255731","1":"post","2":"type-post","3":"status-publish","4":"format-standard","5":"has-post-thumbnail","7":"category-musik","8":"tag-deutschland","9":"tag-entertainment","10":"tag-germany","11":"tag-music","12":"tag-musik","13":"tag-unterhaltung"},"share_on_mastodon":{"url":"https:\/\/pubeurope.com\/@de\/114825674777283053","error":""},"_links":{"self":[{"href":"https:\/\/www.europesays.com\/de\/wp-json\/wp\/v2\/posts\/255731","targetHints":{"allow":["GET"]}}],"collection":[{"href":"https:\/\/www.europesays.com\/de\/wp-json\/wp\/v2\/posts"}],"about":[{"href":"https:\/\/www.europesays.com\/de\/wp-json\/wp\/v2\/types\/post"}],"author":[{"embeddable":true,"href":"https:\/\/www.europesays.com\/de\/wp-json\/wp\/v2\/users\/2"}],"replies":[{"embeddable":true,"href":"https:\/\/www.europesays.com\/de\/wp-json\/wp\/v2\/comments?post=255731"}],"version-history":[{"count":0,"href":"https:\/\/www.europesays.com\/de\/wp-json\/wp\/v2\/posts\/255731\/revisions"}],"wp:featuredmedia":[{"embeddable":true,"href":"https:\/\/www.europesays.com\/de\/wp-json\/wp\/v2\/media\/255732"}],"wp:attachment":[{"href":"https:\/\/www.europesays.com\/de\/wp-json\/wp\/v2\/media?parent=255731"}],"wp:term":[{"taxonomy":"category","embeddable":true,"href":"https:\/\/www.europesays.com\/de\/wp-json\/wp\/v2\/categories?post=255731"},{"taxonomy":"post_tag","embeddable":true,"href":"https:\/\/www.europesays.com\/de\/wp-json\/wp\/v2\/tags?post=255731"}],"curies":[{"name":"wp","href":"https:\/\/api.w.org\/{rel}","templated":true}]}}