{"id":255868,"date":"2025-07-09T23:52:16","date_gmt":"2025-07-09T23:52:16","guid":{"rendered":"https:\/\/www.europesays.com\/de\/255868\/"},"modified":"2025-07-09T23:52:16","modified_gmt":"2025-07-09T23:52:16","slug":"wuerdigung-in-berlin-jetzt-ist-es-an-uns-mahnt-steinmeier-in-gedenken-an-margot-friedlaender","status":"publish","type":"post","link":"https:\/\/www.europesays.com\/de\/255868\/","title":{"rendered":"W\u00fcrdigung in Berlin: \u201eJetzt ist es an uns\u201c, mahnt Steinmeier in Gedenken an Margot Friedl\u00e4nder"},"content":{"rendered":"<p>Zwei Monate nach ihrem Tod wird die Holocaust-\u00dcberlebende Margot Friedl\u00e4nder in Berlin gew\u00fcrdigt. Bundespr\u00e4sident Steinmeier mahnt, das Erbe der Jahrhundertfrau weiterzutragen. Dass Verbrechen wie die der Nationalsozialisten nie wieder geschehen, habe Friedl\u00e4nder angetrieben.<\/p>\n<p class=\"is-first-paragraph\" data-external=\"Article.FirstParagraph\">In Berlin haben Politiker, Wegbegleiter, Freunde und engagierte junge Menschen an die Holocaust-\u00dcberlebende Margot Friedl\u00e4nder und ihr Verm\u00e4chtnis erinnert. Bundespr\u00e4sident Frank-Walter Steinmeier rief zum Kampf f\u00fcr Toleranz und Menschlichkeit auf. \u201eMargot Friedl\u00e4nder hat den Stab weitergereicht. Jetzt ist es an uns\u201c, sagte Steinmeier am Mittwochabend in seiner Gedenkrede vor geladenen G\u00e4sten in der Berliner Philharmonie. Dass Verbrechen wie die von den Nationalsozialisten ver\u00fcbten nie wieder geschehen, habe Friedl\u00e4nder angetrieben. Das habe sie allen mitgegeben, vor allem jungen Menschen.<\/p>\n<p>\u201eEs ist an uns, die Erinnerung zu bewahren und weiterzugeben\u201c, sagte Steinmeier. \u201eEs ist an uns, in ihrem Sinne weiterzuarbeiten \u2013 und zu k\u00e4mpfen f\u00fcr Toleranz, f\u00fcr Demokratie und f\u00fcr Menschlichkeit.\u201c Der Gedanke Margot Friedl\u00e4nders, ihre Lebensgeschichte weiterzugeben und nachfolgende Generationen zu so etwas wie \u201eZweitzeugen\u201c zu machen, sei ein Modell f\u00fcr die Zukunft, \u201ef\u00fcr eine notwendige neue Form der Erinnerung und Erinnerungskultur\u201c, so der Bundespr\u00e4sident.<\/p>\n<p>Sp\u00e4te R\u00fcckkehr<\/p>\n<p>Friedl\u00e4nder war am 9. Mai im Alter von 103 Jahren in Berlin gestorben. Sie \u00fcberlebte das Konzentrationslager Theresienstadt und damit als Einzige ihrer direkten Familie die Schoah. Nach dem Zweiten Weltkrieg wanderte sie zun\u00e4chst in die USA aus. Erst nach mehr als sechs Jahrzehnten in New York kehrte sie im Alter von 88 Jahren in ihre Heimat Berlin zur\u00fcck. <\/p>\n<p>Sie engagierte sich f\u00fcr Demokratie sowie gegen Antisemitismus, Rassismus und Ausgrenzung. Ihre letzte Ruhest\u00e4tte fand sie auf dem j\u00fcdischen Friedhof in <a class=\"is-link c-block-items__link c-link--rich-text-renderer\" href=\"https:\/\/www.welt.de\/debatte\/article256120974\/Margot-Friedlaender-So-ein-Erinnern-lieben-die-Deutschen.html\" data-internal-tracking-enabled=\"true\" data-internal-tracking=\"{&quot;action&quot;:&quot;click&quot;,&quot;label&quot;:&quot;link&quot;,&quot;name&quot;:&quot;Inline Element&quot;,&quot;data&quot;:{&quot;source&quot;:&quot;&quot;,&quot;target&quot;:&quot;https:\/\/www.welt.de\/debatte\/article256120974\/Margot-Friedlaender-So-ein-Erinnern-lieben-die-Deutschen.html&quot;,&quot;trackingName&quot;:&quot;&quot;,&quot;trackingLabel&quot;:&quot;&quot;}}\" rel=\"nofollow noopener\" target=\"_blank\">Berlin-Wei\u00dfensee<\/a> in einem Ehrengrab neben dem Grab ihrer Gro\u00dfeltern.<\/p>\n<p>An der Gedenkfeier nahmen unter anderem auch Bundestagspr\u00e4sidentin <a class=\"is-link c-block-items__link c-link--rich-text-renderer\" href=\"https:\/\/www.welt.de\/politik\/deutschland\/article256376788\/Regenbogenflaggen-Debatte-hat-fuer-Julia-Kloeckner-Mass-und-Mitte-verloren.html\" data-internal-tracking-enabled=\"true\" data-internal-tracking=\"{&quot;action&quot;:&quot;click&quot;,&quot;label&quot;:&quot;link&quot;,&quot;name&quot;:&quot;Inline Element&quot;,&quot;data&quot;:{&quot;source&quot;:&quot;&quot;,&quot;target&quot;:&quot;https:\/\/www.welt.de\/politik\/deutschland\/article256376788\/Regenbogenflaggen-Debatte-hat-fuer-Julia-Kloeckner-Mass-und-Mitte-verloren.html&quot;,&quot;trackingName&quot;:&quot;&quot;,&quot;trackingLabel&quot;:&quot;&quot;}}\" rel=\"nofollow noopener\" target=\"_blank\">Julia Kl\u00f6ckner<\/a>, der fr\u00fchere Bundespr\u00e4sident Christian Wulff und Altbundeskanzler Olaf Scholz (SPD) sowie Vizekanzler Lars Klingbeil (SPD) und weitere Kabinettsmitglieder teil. Der Pr\u00e4sident des Zentralrats der Juden in Deutschland, Josef Schuster, z\u00e4hlte ebenfalls zu den G\u00e4sten.<\/p>\n<p>Berlins Regierender B\u00fcrgermeister Kai Wegner (CDU) sagte in seinem Gru\u00dfwort, Berlin verneige sich vor seiner Ehrenb\u00fcrgerin. \u201eMargot Friedl\u00e4nder hat uns gezeigt, dass die Menschlichkeit \u00fcber die Unmenschlichkeit siegt.\u201c Sie habe einen Auftrag hinterlassen: \u201eWir d\u00fcrfen nicht wegschauen, wir d\u00fcrfen nicht vergessen, wir d\u00fcrfen die Gr\u00e4uel nicht verharmlosen oder relativieren\u201c, sagte Wegner. \u201eWir m\u00fcssen das Erinnern weitertragen, in die Schulen, in die Universit\u00e4ten, in jede Familie und in jeden Freundeskreis.\u201c Das sei ein Erbe, das alle verpflichte.<\/p>\n<p>Der Hamburger Lehrer Hedi Bouden, der 2024 zu den ersten Tr\u00e4gern des Margot-Friedl\u00e4nder-Preises geh\u00f6rte, w\u00fcrdigte Friedl\u00e4nder als \u201eJahrhundertzeugin\u201c. Ihr Leben werde immer Hoffnung bleiben. Zugleich fragte Bouden kritisch: \u201eWie kann es sein, dass gesichert rechtsextreme Parteien, Organisationen, Magazine, Ideologien 80 Jahre nach Auschwitz in der Mitte unserer Gesellschaft hingenommen werden?\u201c Man d\u00fcrfe nicht darauf warten, dass andere aufst\u00fcnden.<\/p>\n<p>Der S\u00e4nger Max Raabe sang wie schon bei der Trauerfeier zur Beisetzung Friedl\u00e4nders das Lied \u201eIrgendwo auf der Welt\u201c. Auch jiddische Musik geh\u00f6rte zum Programm. Zum Abschluss spielte eine Swing-Band.<\/p>\n<p>KNA\/saha<\/p>\n","protected":false},"excerpt":{"rendered":"Zwei Monate nach ihrem Tod wird die Holocaust-\u00dcberlebende Margot Friedl\u00e4nder in Berlin gew\u00fcrdigt. Bundespr\u00e4sident Steinmeier mahnt, das Erbe&hellip;\n","protected":false},"author":2,"featured_media":255869,"comment_status":"","ping_status":"","sticky":false,"template":"","format":"standard","meta":{"footnotes":""},"categories":[1825],"tags":[57014,296,29,25041,39435,30,62140,3124,47219,78117,110,4696,3123],"class_list":{"0":"post-255868","1":"post","2":"type-post","3":"status-publish","4":"format-standard","5":"has-post-thumbnail","7":"category-berlin","8":"tag-antisemitismus-ks","9":"tag-berlin","10":"tag-deutschland","11":"tag-frank-walter","12":"tag-friedlaender","13":"tag-germany","14":"tag-holocaust-ks","15":"tag-kai","16":"tag-margot","17":"tag-nationalsozialismus-ns","18":"tag-newsteam","19":"tag-steinmeier","20":"tag-wegner"},"share_on_mastodon":{"url":"https:\/\/pubeurope.com\/@de\/114825969261360693","error":""},"_links":{"self":[{"href":"https:\/\/www.europesays.com\/de\/wp-json\/wp\/v2\/posts\/255868","targetHints":{"allow":["GET"]}}],"collection":[{"href":"https:\/\/www.europesays.com\/de\/wp-json\/wp\/v2\/posts"}],"about":[{"href":"https:\/\/www.europesays.com\/de\/wp-json\/wp\/v2\/types\/post"}],"author":[{"embeddable":true,"href":"https:\/\/www.europesays.com\/de\/wp-json\/wp\/v2\/users\/2"}],"replies":[{"embeddable":true,"href":"https:\/\/www.europesays.com\/de\/wp-json\/wp\/v2\/comments?post=255868"}],"version-history":[{"count":0,"href":"https:\/\/www.europesays.com\/de\/wp-json\/wp\/v2\/posts\/255868\/revisions"}],"wp:featuredmedia":[{"embeddable":true,"href":"https:\/\/www.europesays.com\/de\/wp-json\/wp\/v2\/media\/255869"}],"wp:attachment":[{"href":"https:\/\/www.europesays.com\/de\/wp-json\/wp\/v2\/media?parent=255868"}],"wp:term":[{"taxonomy":"category","embeddable":true,"href":"https:\/\/www.europesays.com\/de\/wp-json\/wp\/v2\/categories?post=255868"},{"taxonomy":"post_tag","embeddable":true,"href":"https:\/\/www.europesays.com\/de\/wp-json\/wp\/v2\/tags?post=255868"}],"curies":[{"name":"wp","href":"https:\/\/api.w.org\/{rel}","templated":true}]}}