{"id":255914,"date":"2025-07-10T00:18:19","date_gmt":"2025-07-10T00:18:19","guid":{"rendered":"https:\/\/www.europesays.com\/de\/255914\/"},"modified":"2025-07-10T00:18:19","modified_gmt":"2025-07-10T00:18:19","slug":"in-woerth-sollen-kuenftig-deutlich-weniger-lkw-gebaut-werden-daimler-truck","status":"publish","type":"post","link":"https:\/\/www.europesays.com\/de\/255914\/","title":{"rendered":"In W\u00f6rth sollen k\u00fcnftig deutlich weniger Lkw gebaut werden &#8211; Daimler Truck"},"content":{"rendered":"<p class=\"rhp-dpa-teaser\"><b>Nach der Ank\u00fcndigung von Daimler Truck, Tausende Stellen  zu streichen, ist offen, wie viele Lkw k\u00fcnftig noch im Werk W\u00f6rth produziert werden. Klar ist: Es werden weniger.<\/b><\/p>\n<p>Um Kosten zu sparen, plant der Nutzfahrzeughersteller, mehr als 20 Prozent des europ\u00e4ischen Lkw-Produktionsvolumens ins Ausland zu verlagern. Damit will der Dax-Konzern pro dort produziertem <\/p>\n<p class=\"\">Bitte loggen Sie sich ein um den Artikel im Klartext zu sehen.<\/p>\n<p class=\"\">wkL 0003 rEou npa.ers eerknoKt bgnAan,e ni lwehec uLlnd;mea&amp;r ide eeguangVrrl fernogel lslo, itgb es sgiabln t.chni lraK tis neg:eadg mI twetiwel &amp;;lngteu&amp;szirom;lg -rkLwkWe mi &amp;daflp&amp;;cselzluhisu;nmum muo;lWt&amp;rh tim dnur 000.01 mngiBhtl;f&amp;etsecau erndwe mfkn&amp;tlg;uiu eignrwe te<\/p>\n","protected":false},"excerpt":{"rendered":"Nach der Ank\u00fcndigung von Daimler Truck, Tausende Stellen zu streichen, ist offen, wie viele Lkw k\u00fcnftig noch im&hellip;\n","protected":false},"author":2,"featured_media":255915,"comment_status":"","ping_status":"","sticky":false,"template":"","format":"standard","meta":{"footnotes":""},"categories":[1844],"tags":[1634,16902,3364,29,30,8903,377,55,26148],"class_list":{"0":"post-255914","1":"post","2":"type-post","3":"status-publish","4":"format-standard","5":"has-post-thumbnail","7":"category-karlsruhe","8":"tag-baden-wuerttemberg","9":"tag-daimler-truck","10":"tag-de","11":"tag-deutschland","12":"tag-germany","13":"tag-karlsruhe","14":"tag-mercedes-benz","15":"tag-wirtschaft","16":"tag-woerth"},"share_on_mastodon":{"url":"https:\/\/pubeurope.com\/@de\/114826071581741528","error":""},"_links":{"self":[{"href":"https:\/\/www.europesays.com\/de\/wp-json\/wp\/v2\/posts\/255914","targetHints":{"allow":["GET"]}}],"collection":[{"href":"https:\/\/www.europesays.com\/de\/wp-json\/wp\/v2\/posts"}],"about":[{"href":"https:\/\/www.europesays.com\/de\/wp-json\/wp\/v2\/types\/post"}],"author":[{"embeddable":true,"href":"https:\/\/www.europesays.com\/de\/wp-json\/wp\/v2\/users\/2"}],"replies":[{"embeddable":true,"href":"https:\/\/www.europesays.com\/de\/wp-json\/wp\/v2\/comments?post=255914"}],"version-history":[{"count":0,"href":"https:\/\/www.europesays.com\/de\/wp-json\/wp\/v2\/posts\/255914\/revisions"}],"wp:featuredmedia":[{"embeddable":true,"href":"https:\/\/www.europesays.com\/de\/wp-json\/wp\/v2\/media\/255915"}],"wp:attachment":[{"href":"https:\/\/www.europesays.com\/de\/wp-json\/wp\/v2\/media?parent=255914"}],"wp:term":[{"taxonomy":"category","embeddable":true,"href":"https:\/\/www.europesays.com\/de\/wp-json\/wp\/v2\/categories?post=255914"},{"taxonomy":"post_tag","embeddable":true,"href":"https:\/\/www.europesays.com\/de\/wp-json\/wp\/v2\/tags?post=255914"}],"curies":[{"name":"wp","href":"https:\/\/api.w.org\/{rel}","templated":true}]}}