{"id":255961,"date":"2025-07-10T00:45:09","date_gmt":"2025-07-10T00:45:09","guid":{"rendered":"https:\/\/www.europesays.com\/de\/255961\/"},"modified":"2025-07-10T00:45:09","modified_gmt":"2025-07-10T00:45:09","slug":"unfall-in-nuernberg-fahrzeug-rammte-geparkte-boeing-737-800","status":"publish","type":"post","link":"https:\/\/www.europesays.com\/de\/255961\/","title":{"rendered":"Unfall in N\u00fcrnberg: Fahrzeug rammte geparkte Boeing 737-800"},"content":{"rendered":"\n<p>Am 5. August 2024 gegen 12:00 Uhr kam es am Flughafen in Mittelfranken zu einem Vorfall mit einer geparkten Boeing 737-800. Ein Bodenfahrzeug prallte gegen das Flugzeug und besch\u00e4digte dabei die Rumpfunterseite sowie den Bereich der hinteren Frachtt\u00fcr erheblich. Dies ist dem neuesten Bulletin der Bundesstelle f\u00fcr Flugunfalluntersuchung zu entnehmen. Zum Zeitpunkt des Unfalls am Flughafen N\u00fcrnberg befand sich die Crew noch an Bord, blieb jedoch unverletzt. <\/p>\n<p>Nach ersten Einsch\u00e4tzungen ist das Flugzeug schwer besch\u00e4digt. Die genauen Umst\u00e4nde des Vorfalls werden derzeit untersucht. Welche Fluggesellschaft betroffen war, sagt die BFU nicht.<\/p>\n","protected":false},"excerpt":{"rendered":"Am 5. August 2024 gegen 12:00 Uhr kam es am Flughafen in Mittelfranken zu einem Vorfall mit einer&hellip;\n","protected":false},"author":2,"featured_media":80091,"comment_status":"","ping_status":"","sticky":false,"template":"","format":"standard","meta":{"footnotes":""},"categories":[1837],"tags":[772,3364,29,6483,30,3783],"class_list":{"0":"post-255961","1":"post","2":"type-post","3":"status-publish","4":"format-standard","5":"has-post-thumbnail","7":"category-nuernberg","8":"tag-bayern","9":"tag-de","10":"tag-deutschland","11":"tag-flughafen-nuernberg","12":"tag-germany","13":"tag-nuernberg"},"share_on_mastodon":{"url":"https:\/\/pubeurope.com\/@de\/114826177722010270","error":""},"_links":{"self":[{"href":"https:\/\/www.europesays.com\/de\/wp-json\/wp\/v2\/posts\/255961","targetHints":{"allow":["GET"]}}],"collection":[{"href":"https:\/\/www.europesays.com\/de\/wp-json\/wp\/v2\/posts"}],"about":[{"href":"https:\/\/www.europesays.com\/de\/wp-json\/wp\/v2\/types\/post"}],"author":[{"embeddable":true,"href":"https:\/\/www.europesays.com\/de\/wp-json\/wp\/v2\/users\/2"}],"replies":[{"embeddable":true,"href":"https:\/\/www.europesays.com\/de\/wp-json\/wp\/v2\/comments?post=255961"}],"version-history":[{"count":0,"href":"https:\/\/www.europesays.com\/de\/wp-json\/wp\/v2\/posts\/255961\/revisions"}],"wp:featuredmedia":[{"embeddable":true,"href":"https:\/\/www.europesays.com\/de\/wp-json\/wp\/v2\/media\/80091"}],"wp:attachment":[{"href":"https:\/\/www.europesays.com\/de\/wp-json\/wp\/v2\/media?parent=255961"}],"wp:term":[{"taxonomy":"category","embeddable":true,"href":"https:\/\/www.europesays.com\/de\/wp-json\/wp\/v2\/categories?post=255961"},{"taxonomy":"post_tag","embeddable":true,"href":"https:\/\/www.europesays.com\/de\/wp-json\/wp\/v2\/tags?post=255961"}],"curies":[{"name":"wp","href":"https:\/\/api.w.org\/{rel}","templated":true}]}}