{"id":256021,"date":"2025-07-10T01:19:19","date_gmt":"2025-07-10T01:19:19","guid":{"rendered":"https:\/\/www.europesays.com\/de\/256021\/"},"modified":"2025-07-10T01:19:19","modified_gmt":"2025-07-10T01:19:19","slug":"die-bachelors-martin-kuesst-diesmal-bei-keinem-einzeldate","status":"publish","type":"post","link":"https:\/\/www.europesays.com\/de\/256021\/","title":{"rendered":"&#8222;Die Bachelors&#8220;-Martin k\u00fcsst diesmal bei keinem Einzeldate"},"content":{"rendered":"<p style=\"order:0\" class=\"spanFix max-w-[750px] leading-[30px] sm:text-[22px] sm:leading-[38px] sm:text-[22px] sm:leading-[38px]\">In der f\u00fcnften Folge von <a target=\"_self\" data-google-interstitial=\"true\" href=\"https:\/\/www.promiflash.de\/thema\/die-bachelors\/\" rel=\"nofollow noopener\">Die Bachelors<\/a> \u00fcberrascht <a target=\"_self\" data-google-interstitial=\"true\" href=\"https:\/\/www.promiflash.de\/thema\/martin-braun\/\" rel=\"nofollow noopener\">Martin Braun<\/a> mit einer ungewohnten Zur\u00fcckhaltung bei den Einzeldates. Weder Michelle noch Linda bekommen vom Rosenkavalier einen Kuss \u2013 obwohl dies in der Vergangenheit bei anderen Dates schon der Fall war. Michelle zeigt sich nach ihrem Treffen irritiert und fragt sich im Einzelinterview, ob Martin sie m\u00f6glicherweise nur auf freundschaftlicher Ebene sieht: <b>&#8222;Ich wei\u00df nicht, ob das f\u00fcr ihn eher so freundschaftlich ist.&#8220;<\/b> Linda punktet beim Rosenkavalier mit ihrer humorvollen und flirtenden Art, auch wenn es bei ihrem Date ebenfalls nicht zum Kuss kam.<\/p>\n<p style=\"order:3\" class=\"spanFix max-w-[750px] leading-[30px] sm:text-[22px] sm:leading-[38px] sm:text-[22px] sm:leading-[38px]\">Doch ein Moment der Zweisamkeit mit Clara bringt die gewohnte Romantik zur\u00fcck: Bei einem Gespr\u00e4ch im Rahmen eines Gruppendates nutzt Martin die Gelegenheit und k\u00fcsst sie heimlich. Der 35-J\u00e4hrige zeigt sich nach dem unbemerkten Kuss mit Clara erneut begeistert und betont, dass er sich bei ihr besonders vertraut f\u00fchle: <b>&#8222;Es war sehr sch\u00f6n, es hat sich wieder sehr vertraut angef\u00fchlt.&#8220;<\/b> Die Atmosph\u00e4re scheint komplizierter zu werden \u2013 die Kandidatinnen <a target=\"_self\" data-google-interstitial=\"true\" href=\"https:\/\/www.promiflash.de\/thema\/michelle\/\" rel=\"nofollow noopener\">Michelle<\/a> (53) und Linda m\u00fcssen sich mit ihren bisherigen Dates ohne gro\u00dfe Romantik zufriedengeben, w\u00e4hrend Clara anscheinend schon einen Schritt weiter ist.<\/p>\n<p style=\"order:6\" class=\"spanFix max-w-[750px] leading-[30px] sm:text-[22px] sm:leading-[38px] sm:text-[22px] sm:leading-[38px]\">Martin bleibt auf seiner Suche nach der gro\u00dfen Liebe seinem Stil treu und \u00fcberl\u00e4sst nichts dem Zufall. Im Interview mit Promiflash verriet der Versicherungs- und Finanzanlagefachmann zuletzt, dass das K\u00fcssen in der Kennenlernphase einen <a target=\"_self\" data-google-interstitial=\"true\" href=\"https:\/\/www.promiflash.de\/news\/2025\/07\/06\/deshalb-geht-die-bachelors-martin-schnell-auf-tuchfuehlung.html\" rel=\"nofollow noopener\">ganz besonderen Stellenwert<\/a> f\u00fcr ihn habe. <b>&#8222;Mir ist das sehr wichtig, herauszufinden, ob da ein Knistern oder ein Vibe zwischen uns ist, und das merke ich eben sehr schnell beim K\u00fcssen&#8220;<\/b>, erkl\u00e4rte der Bachelor. Es helfe ihm dabei, die Verbindung zu den Kandidatinnen besser einzusch\u00e4tzen.<\/p>\n<p><img class=\"top-0  absolute h-full w-full object-cover\" alt=\"Martin Braun bei &quot;Die Bachelors&quot; 2025\" width=\"854\" height=\"480\" decoding=\"async\"  loading=\"lazy\" style=\"background-size:cover;background-position:50% 50%;background-repeat:no-repeat;background-image:url(&quot;data:image\/svg+xml;charset=utf-8,%3Csvg xmlns='http:\/\/www.w3.org\/2000\/svg' viewBox='0 0 640 640'%3E%3Cfilter id='b' color-interpolation-filters='sRGB'%3E%3CfeGaussianBlur stdDeviation='20'\/%3E%3CfeColorMatrix values='1 0 0 0 0 0 1 0 0 0 0 0 1 0 0 0 0 0 100 -1' result='s'\/%3E%3CfeFlood x='0' y='0' width='100%25' height='100%25'\/%3E%3CfeComposite operator='out' in='s'\/%3E%3CfeComposite in2='SourceGraphic'\/%3E%3CfeGaussianBlur stdDeviation='20'\/%3E%3C\/filter%3E%3Cimage width='100%25' height='100%25' x='0' y='0' preserveAspectRatio='none' style='filter: url(%23b);' href='data:image\/png;base64,iVBORw0KGgoAAAANSUhEUgAAABAAAAAQCAYAAAAf8\/9hAAAEG0lEQVR4AQEQBO\/7AGJcVv9eWlb\/UlRT\/z9MUf8kRU\/\/AEJP\/wBGUv8RTlf\/L1dc\/0BfX\/9IY2H\/RmJf\/zpcW\/8aUlT\/AEVM\/wA5Rv8AX1pV\/1xYVP9SVFP\/RE1R\/zJIUP8iRlH\/HklU\/ypQWP84WFz\/Q19f\/0diYP9EYF7\/N1ta\/xdRVP8ARU3\/ADpH\/wBWVFH\/VVNQ\/1NRUP9PT1H\/TE5S\/0pPVP9JUlf\/S1Za\/0xbXP9LXl7\/R15e\/z5cXP8vVlj\/D05T\/wBFTv8APkr\/AEhKSv9LS0v\/Uk5N\/1pRUP9iVVT\/Z1lX\/2hcWv9lXVv\/X11c\/1VcW\/9HWVr\/N1VY\/yNQVf8FS1P\/AEZR\/wBDT\/8AMz1B\/zxBQ\/9PSEj\/YlJO\/3FaVP96YFj\/fWJb\/3hhW\/9uXlr\/XVhY\/0lSVv8xTVT\/GUpU\/wdJVf8MSVb\/FkpX\/wAULzn\/KzU8\/0tCQv9mT0r\/eVtR\/4ViVv+IZFj\/g2JY\/3dcVv9kVFP\/TExS\/zJHUv8cRlX\/GEpZ\/yROXf8vUmH\/AAAiMv8XKjX\/RDo8\/2NKRP95V0v\/hl5Q\/4pgUv+GXlH\/elhP\/2hQTv9SSE\/\/PEVT\/yxIWf8rTmD\/NFVm\/zxaa\/8AAB0v\/wklMf89NDf\/XEM9\/3JPQ\/9\/Vkb\/hVlI\/4JXSP96Ukn\/bE1L\/1tJT\/9LSVb\/P01f\/zxVaP9AXG\/\/RGF0\/wAAJDH\/FSgy\/zkyNP9TPTf\/ZkY6\/3RMPf97Tz\/\/fE9B\/3hORP9wTUr\/ZU5S\/1tRW\/9SVmX\/TFxu\/0lidf9JZnr\/ACIwNv8qMTb\/OzU2\/007Nv9cQDf\/aUU5\/3JJPP92TED\/eE9H\/3ZTT\/9xVlj\/alpi\/2Fea\/9ZY3P\/UWZ5\/0toff8AOj08\/z09PP9FPjz\/UEA8\/1xDPf9nSED\/cU1E\/3lTSv99WFD\/fl1Y\/3xhYP92ZGf\/bWZu\/2JndP9WZ3j\/TWd7\/wBMSEL\/TklD\/1RKRP9eTUf\/aFBL\/3NWUP99W1X\/hGFa\/4lmX\/+KamT\/h2xp\/4BsbP92a2\/\/aGlx\/1pmc\/9PZHP\/AFlRR\/9cU0n\/ZVZO\/3BcVP99Ylz\/iGlj\/5Bvaf+Wc23\/mHdw\/5Z4cf+Rd3H\/h3Nw\/3tubv9saGv\/XWJp\/1FdZ\/8AYlhL\/2dbTv90YVb\/g2ph\/5Jza\/+ee3T\/poJ7\/6mFf\/+ohn\/\/ooR9\/5l\/ef+MeHL\/fW9q\/21lYv9eXFv\/U1VW\/wBoXU7\/b2FS\/39qXf+Tdmv\/pIF4\/7GLg\/+5kYn\/upSN\/7aTi\/+sjof\/noZ+\/457c\/99b2b\/bWFY\/19VSv9VS0D\/AGxgT\/90ZFX\/h29i\/5x9cf+wioD\/vpSL\/8Wbk\/\/FnZX\/vpuT\/7KUjf+iioL\/kH10\/31uY\/9sXk\/\/X087\/1dEKf\/6zQtgsOETbQAAAABJRU5ErkJggg=='\/%3E%3C\/svg%3E&quot;)\" src=\"https:\/\/www.europesays.com\/de\/wp-content\/uploads\/2025\/07\/martin-braun-bei-die-bachelors-2025.jpg\" fetchpriority=\"auto\"\/>RTL<img decoding=\"async\" alt=\"Bilder Gallerie Button\" class=\"absolute bottom-[7px] right-[3px] w-[54px] h-[54px] group-hover:scale-110 transition-transform duration-300\" src=\"https:\/\/www.europesays.com\/de\/wp-content\/uploads\/2025\/03\/galerie_button.png\" loading=\"lazy\"\/>Martin Braun bei &#8222;Die Bachelors&#8220; 2025<img class=\"top-0  absolute h-full w-full object-cover\" alt=\"Michelle, &quot;Die Bachelors&quot;-Kandidatin 2025\" width=\"854\" height=\"480\" decoding=\"async\"  loading=\"lazy\" style=\"background-size:cover;background-position:50% 50%;background-repeat:no-repeat;background-image:url(&quot;data:image\/svg+xml;charset=utf-8,%3Csvg xmlns='http:\/\/www.w3.org\/2000\/svg' viewBox='0 0 640 640'%3E%3Cfilter id='b' color-interpolation-filters='sRGB'%3E%3CfeGaussianBlur stdDeviation='20'\/%3E%3CfeColorMatrix values='1 0 0 0 0 0 1 0 0 0 0 0 1 0 0 0 0 0 100 -1' result='s'\/%3E%3CfeFlood x='0' y='0' width='100%25' height='100%25'\/%3E%3CfeComposite operator='out' in='s'\/%3E%3CfeComposite in2='SourceGraphic'\/%3E%3CfeGaussianBlur stdDeviation='20'\/%3E%3C\/filter%3E%3Cimage width='100%25' height='100%25' x='0' y='0' preserveAspectRatio='none' style='filter: url(%23b);' href='data:image\/png;base64,iVBORw0KGgoAAAANSUhEUgAAABAAAAAQCAYAAAAf8\/9hAAAEG0lEQVR4AQEQBO\/7AGh4Of9pdzr\/bnY9\/3V1Qv9+dUf\/h3ZM\/5B5UP+WfVP\/mYBV\/5eCVf+RglP\/hX5P\/3R4Sv9ccET\/Pmc+\/xdgOv8AZnc4\/2h3Of9sdj3\/c3RC\/3x0R\/+FdUz\/jXhQ\/5N8U\/+Wf1X\/lYFU\/4+BUv+Dfk7\/cndJ\/1tvRP8+Zj7\/F186\/wBjdzf\/ZHY5\/2h1PP9uc0H\/dnJG\/35yS\/+GdU\/\/jHhS\/5B8U\/+PflP\/in5Q\/397Tf9udkj\/WG5C\/zxlPf8YXjn\/AF52Nv9fdTj\/YnM7\/2dwQP9ubkb\/dm5L\/35wTv+Ec1D\/iHdR\/4h5UP+Dek3\/eXdK\/2pyRf9Va0D\/OmM7\/xhcOP8AWHU1\/1l0N\/9ccTr\/YW0\/\/2hqRf9vaEn\/d2lM\/35sTv+Cb07\/gnJM\/35zSv91ckb\/Zm1B\/1JmPf83Xzn\/FFk2\/wBTczT\/VHI2\/1huOf9eaj7\/ZmVD\/29iR\/94YUn\/f2NK\/4NnSv+Dakj\/f2tF\/3VqQf9mZj3\/UWA5\/zVZNf8KVDP\/AFBxNP9SbzX\/WGs4\/2FmPP9sYED\/d1tE\/4FZRv+IWkb\/jF1F\/4xgQ\/+GYj\/\/e2E7\/2peN\/9TWDT\/M1Ix\/wBNL\/8ATm4z\/1FsNP9baDf\/aGE6\/3ZbPv+DVUD\/j1JB\/5ZSQf+aVED\/mVY9\/5JYOv+FVzb\/clQy\/1hPLv80SSv\/AEMq\/wBNaTP\/Umgz\/19jNf9wXTj\/gVY6\/5FPPP+dSz3\/pko9\/6lLO\/+nTTn\/nk41\/5BNMf96Si3\/XkQp\/zY+Jv8AOST\/AEtkMf9SYjH\/Y14z\/3dYNf+KUTf\/nEo5\/6lGOv+yRDn\/tUQ4\/7JFNf+pRjL\/mUQu\/4JAKv9kOib\/OzQi\/wAuH\/8ASF0t\/1BcLv9jWDD\/elIy\/49MNf+iRjf\/sEI4\/7lAOP+8QDf\/uUA0\/69AMf+fPi3\/iDop\/2kzJP9BLCD\/ACUd\/wBCVSj\/S1Qp\/2BQK\/94TC\/\/jkYz\/6FCNv+wPzj\/uT44\/7w\/OP+6Pzb\/sD8z\/6A8L\/+KOCr\/bTEl\/0gpIP8RIR3\/ADlMH\/9DSyH\/WUgm\/3FELP+IQDL\/mz42\/6o9Of+zPjv\/t0A7\/7VBOf+sQTb\/nT8x\/4k6Lf9uMyj\/Tisj\/yokIP8AK0IT\/zZBF\/9OPyD\/Zjwp\/306Mf+QOjj\/njs8\/6g\/Pv+sQj7\/q0Q9\/6RFOf+XQzX\/hT8w\/244K\/9UMSf\/Oisl\/wAYOAD\/JzgJ\/0A2Gf9ZNSf\/bzUy\/4I2Ov+ROj\/\/mz9C\/6BEQv+gSED\/mkk9\/5BIOP+BRDP\/bj4v\/1k3K\/9GMSn\/AAAxAP8UMQD\/NDAT\/00vJf9kMDL\/djQ7\/4U6Qf+PQET\/lUZE\/5ZKQv+STD\/\/iks6\/31INv9tQjH\/Wzsu\/002K\/\/8PP9MJ87nGgAAAABJRU5ErkJggg=='\/%3E%3C\/svg%3E&quot;)\" src=\"https:\/\/www.europesays.com\/de\/wp-content\/uploads\/2025\/07\/michelle-posiert-12.jpg\" fetchpriority=\"auto\"\/>RTL \/ Annette Etges<img decoding=\"async\" alt=\"Bilder Gallerie Button\" class=\"absolute bottom-[7px] right-[3px] w-[54px] h-[54px] group-hover:scale-110 transition-transform duration-300\" src=\"https:\/\/www.europesays.com\/de\/wp-content\/uploads\/2025\/03\/galerie_button.png\" loading=\"lazy\"\/>Michelle, &#8222;Die Bachelors&#8220;-Kandidatin 2025<img class=\"top-0  absolute h-full w-full object-cover\" alt=\"Felix Stein und Martin Braun, &quot;Die Bachelors&quot; 2025\" width=\"854\" height=\"480\" decoding=\"async\"  loading=\"lazy\" style=\"background-size:cover;background-position:50% 50%;background-repeat:no-repeat;background-image:url(&quot;data:image\/svg+xml;charset=utf-8,%3Csvg xmlns='http:\/\/www.w3.org\/2000\/svg' viewBox='0 0 640 640'%3E%3Cfilter id='b' color-interpolation-filters='sRGB'%3E%3CfeGaussianBlur stdDeviation='20'\/%3E%3CfeColorMatrix values='1 0 0 0 0 0 1 0 0 0 0 0 1 0 0 0 0 0 100 -1' result='s'\/%3E%3CfeFlood x='0' y='0' width='100%25' height='100%25'\/%3E%3CfeComposite operator='out' in='s'\/%3E%3CfeComposite in2='SourceGraphic'\/%3E%3CfeGaussianBlur stdDeviation='20'\/%3E%3C\/filter%3E%3Cimage width='100%25' height='100%25' x='0' y='0' preserveAspectRatio='none' style='filter: url(%23b);' href='data:image\/png;base64,iVBORw0KGgoAAAANSUhEUgAAABAAAAAQCAYAAAAf8\/9hAAAEG0lEQVR4AQEQBO\/7AAAAAP8AAAD\/AAAA\/wAFBv8IHRj\/GSYh\/yMpJv8qJif\/Lx4l\/zISIv80AR\/\/NAAe\/zQAH\/8zECH\/Mhwl\/zIjJ\/8AAAAA\/wAAAP8AAAP\/BxcW\/xcmIv8iLin\/KzEt\/zIvL\/83Ky7\/OyQt\/z4fK\/8\/HSv\/PyAs\/z8mLv8+LTD\/PjEy\/wAdFxz\/Hhsf\/yElJf8mLy3\/LTg0\/zQ+Of88QT3\/Q0JA\/0lCQf9PQEH\/Uj9C\/1VAQv9WQkP\/VkVF\/1ZIRv9WS0f\/ADc3Nv84OTf\/OT07\/ztEQP9ASkX\/Rk9K\/01TTv9VVlH\/XVhU\/2NZVv9oWlf\/bFxY\/25eWv9vYFv\/b2Jc\/29kXP8ASUtH\/0lMSP9JT0r\/S1NO\/05YU\/9UXVf\/XGJc\/2RmYP9tamT\/dW1m\/3twaf+Acmv\/g3Rs\/4R2bf+Ed23\/hHhu\/wBUWFH\/VFhS\/1RbVP9VXlj\/WGNc\/15oYf9mbWb\/cHJr\/3l3b\/+Ce3P\/in91\/4+CeP+ShHn\/lIZ6\/5WHev+ViHv\/AFpeVv9aX1f\/WmFZ\/1tlXf9eaWH\/ZG5n\/2x0bP93enH\/gX92\/4uEev+TiX3\/mYx\/\/52Pgf+fkYL\/oJKC\/6CSgv8AW2BW\/1tgV\/9bY1n\/XGZd\/19rYv9lcWj\/bndt\/3l9c\/+Eg3j\/joh8\/5eMf\/+dkIH\/opOD\/6WVhP+ml4X\/p5eF\/wBXXFH\/V11S\/1dfVf9YZFr\/XGlf\/2NvZf9sdWv\/d3tw\/4KBdf+Mhnn\/lot8\/52Pf\/+ikoH\/ppWC\/6iXg\/+pmIP\/AE9TSP9PVUn\/UFhN\/1JeUv9WZFn\/XWpf\/2dwZf9xdmr\/fHtv\/4eAc\/+QhXb\/mIl4\/56Ne\/+ikHz\/pZN+\/6eVfv8AQ0c7\/0RJPP9GTkL\/SVVJ\/05cUP9WY1f\/X2ld\/2luYv9zcmb\/fnZp\/4d7bP+QgG\/\/l4Ry\/5yJdP+gjXb\/oo93\/wA2OCr\/Nzst\/zpCNf8\/Sz3\/RlRG\/01bTf9WYFP\/X2RY\/2lnW\/9yal7\/fG5h\/4VzZP+NeWf\/lH9r\/5mFbf+ciG\/\/ACglF\/8qKhz\/LzUn\/zZBMv8+TDz\/RVNE\/01XSv9VWU3\/XVpQ\/2ZcUv9wYFX\/emZZ\/4NtXf+LdWL\/kXxl\/5WBaP8AGQgA\/x0VBf8lKBn\/Lzkp\/zdENP8\/TDz\/RU9B\/0tPRP9STkb\/Wk5I\/2RRSv9vWE\/\/eWJU\/4NsWv+LdV\/\/kHtj\/wAMAAD\/EwAA\/x8dDv8qMiL\/ND8u\/zpHNv8\/STv\/Q0c9\/0hEPv9QQT\/\/WkRC\/2ZMR\/9yWU7\/fWVV\/4ZwW\/+Ld1\/\/AAMAAP8MAAD\/HBUG\/yguHv8yPSv\/OEQz\/zxFN\/8+Qjn\/Qjw5\/0k4Ov9TOj3\/X0RD\/21SS\/95YVP\/g21Z\/4l1Xv9aGgAQ10HFPQAAAABJRU5ErkJggg=='\/%3E%3C\/svg%3E&quot;)\" src=\"https:\/\/www.europesays.com\/de\/wp-content\/uploads\/2025\/07\/felix-stein-und-martin-braun-halten-rosen.jpg\" fetchpriority=\"auto\"\/>RTL<img decoding=\"async\" alt=\"Bilder Gallerie Button\" class=\"absolute bottom-[7px] right-[3px] w-[54px] h-[54px] group-hover:scale-110 transition-transform duration-300\" src=\"https:\/\/www.europesays.com\/de\/wp-content\/uploads\/2025\/03\/galerie_button.png\" loading=\"lazy\"\/>Felix Stein und Martin Braun, &#8222;Die Bachelors&#8220; 2025<\/p>\n<p>Wie steht ihr dazu, dass Martin in der aktuellen Folge niemanden bei den Einzeldates gek\u00fcsst hat?<\/p>\n<p>Ergebnis anzeigen<\/p>\n","protected":false},"excerpt":{"rendered":"In der f\u00fcnften Folge von Die Bachelors \u00fcberrascht Martin Braun mit einer ungewohnten Zur\u00fcckhaltung bei den Einzeldates. Weder&hellip;\n","protected":false},"author":2,"featured_media":256022,"comment_status":"","ping_status":"","sticky":false,"template":"","format":"standard","meta":{"footnotes":""},"categories":[1773],"tags":[29,214,30,471,1780,215],"class_list":{"0":"post-256021","1":"post","2":"type-post","3":"status-publish","4":"format-standard","5":"has-post-thumbnail","7":"category-serien","8":"tag-deutschland","9":"tag-entertainment","10":"tag-germany","11":"tag-serien","12":"tag-series","13":"tag-unterhaltung"},"share_on_mastodon":{"url":"https:\/\/pubeurope.com\/@de\/114826311639238540","error":""},"_links":{"self":[{"href":"https:\/\/www.europesays.com\/de\/wp-json\/wp\/v2\/posts\/256021","targetHints":{"allow":["GET"]}}],"collection":[{"href":"https:\/\/www.europesays.com\/de\/wp-json\/wp\/v2\/posts"}],"about":[{"href":"https:\/\/www.europesays.com\/de\/wp-json\/wp\/v2\/types\/post"}],"author":[{"embeddable":true,"href":"https:\/\/www.europesays.com\/de\/wp-json\/wp\/v2\/users\/2"}],"replies":[{"embeddable":true,"href":"https:\/\/www.europesays.com\/de\/wp-json\/wp\/v2\/comments?post=256021"}],"version-history":[{"count":0,"href":"https:\/\/www.europesays.com\/de\/wp-json\/wp\/v2\/posts\/256021\/revisions"}],"wp:featuredmedia":[{"embeddable":true,"href":"https:\/\/www.europesays.com\/de\/wp-json\/wp\/v2\/media\/256022"}],"wp:attachment":[{"href":"https:\/\/www.europesays.com\/de\/wp-json\/wp\/v2\/media?parent=256021"}],"wp:term":[{"taxonomy":"category","embeddable":true,"href":"https:\/\/www.europesays.com\/de\/wp-json\/wp\/v2\/categories?post=256021"},{"taxonomy":"post_tag","embeddable":true,"href":"https:\/\/www.europesays.com\/de\/wp-json\/wp\/v2\/tags?post=256021"}],"curies":[{"name":"wp","href":"https:\/\/api.w.org\/{rel}","templated":true}]}}