{"id":256054,"date":"2025-07-10T01:37:15","date_gmt":"2025-07-10T01:37:15","guid":{"rendered":"https:\/\/www.europesays.com\/de\/256054\/"},"modified":"2025-07-10T01:37:15","modified_gmt":"2025-07-10T01:37:15","slug":"braunes-gruenufer-auf-der-nordmole-in-mainz-waesserung-per-wasserfass-zollhafen-gmbh-rasen-wird-zwei-mal-pro-woche-gewaessert","status":"publish","type":"post","link":"https:\/\/www.europesays.com\/de\/256054\/","title":{"rendered":"Braunes Gr\u00fcnufer auf der Nordmole in Mainz: W\u00e4sserung per Wasserfass &#8211; Zollhafen GmbH: Rasen wird zwei Mal pro Woche gew\u00e4ssert"},"content":{"rendered":"<p>Der Rasen auf der Nordmole im Mainzer Zollhafen pr\u00e4sentiert sich seit gut zwei Wochen nur noch braun und vertrocknet, ein Gartenbauexperte hatte den Zustand im Mainz&amp;-Interview als \u201eTotalschaden\u201c bezeichnet. Nun widerspricht die zust\u00e4ndige Zollhafen Mainz GmbH: Der auf dem \u201eGr\u00fcnufer\u201c verlegte Rollrasen sei auch nach der Er\u00f6ffnung Mitte Juni zwei Mal pro Woche gew\u00e4ssert worden, man gehe davon aus, dass er wieder Gr\u00fcn werde. Ein funktionierendes\u00a0 Bew\u00e4sserungssystem gibt es derzeit aber offenbar nicht.<\/p>\n<p><img fetchpriority=\"high\" decoding=\"async\" class=\"wp-image-56244\" src=\"https:\/\/www.europesays.com\/de\/wp-content\/uploads\/2025\/07\/Braune-Nordmole-Juli-2025-kleiner-225x300.jpg\" alt=\"Das &quot;Gr\u00fcnufer&quot; auf der Nordmole im Mainzer Zollhafen pr\u00e4sentiert sich seit gut zwei Wochen fl\u00e4chendeckend braun und trocken. - Foto: Kirchmann \" width=\"320\" height=\"427\"  \/>Das \u201eGr\u00fcnufer\u201c auf der Nordmole im Mainzer Zollhafen pr\u00e4sentiert sich seit gut zwei Wochen fl\u00e4chendeckend braun und trocken. \u2013 Foto: Kirchmann<\/p>\n<p>Mitte Juni war das lang ersehnte \u201eGr\u00fcnufer\u201c auf der Mainzer Nordmole eingeweiht worden, die Politik hatte bei der Vorstellung geschw\u00e4rmt, hier sei \u201eeine gr\u00fcne Oase\u201c f\u00fcr die Mainzer Neustadt entstanden, eine \u201eAbk\u00fchlungsm\u00f6glichkeit f\u00fcr hei\u00dfe Tage und Sommern\u00e4chte\u201c, ein Schritt hin zu einer \u201elebendigeren und lebenswerteren Neustadt\u201c. Rund 8,3 Millionen Euro hatte die Gestaltung der neuen Nordmole in ihrem ersten Abschnitt gekostet, das Areal pr\u00e4sentierte sich als vorwiegend Rasengr\u00fcne Fl\u00e4che, die mit B\u00e4umen, B\u00e4nken und Sportger\u00e4ten best\u00fcckt ist.<\/p>\n<p>Doch nur rund zwei Wochen sp\u00e4ter pr\u00e4sentierte sich die Rasenfl\u00e4che ganz anders: braun, stoppelig und ausged\u00f6rrt. Mainz&amp; hatte daraufhin einen ausgewiesenen Experten f\u00fcr Gartenbau nach seiner Einsch\u00e4tzung gefragt, Gartenbauer Wilhelm Hartmann verlegt seit vielen Jahren selbst Rollrasen und sorgt auch f\u00fcr die Pflege. Seine Ferndiagnose fiel eindeutig aus: \u201eDer Rasen erholt sich nicht mehr, das muss erneuert werden \u2013 das ist ein wirtschaftlicher Totalschaden\u201c, sagte Hartmann im Interview mit Mainz&amp;.<\/p>\n<p>&#8211; Werbung &#8211; <a href=\"https:\/\/mainzund.de\/werben-auf-mainzund\/\/\" target=\"_blank\" rel=\"noopener\"><img loading=\"lazy\" decoding=\"async\" class=\"alignnone\" src=\"https:\/\/www.europesays.com\/de\/wp-content\/uploads\/2025\/06\/Banner-Tulpen-Text-neu-1068.jpg\" alt=\"Werben auf Mainz&amp;\" width=\"468\" height=\"60\"\/><\/a><\/p>\n<p>\u00a0<\/p>\n<p>Rasen wird derzeit \u201eh\u00e4ndisch mit Wasserfass\u201c gegossen<\/p>\n<p>Rund 3.400 Quadratmeter Rollrasen wurde auf dem Gel\u00e4nde verlegt, der habe gerade beim Anwachsen \u201eeinen ganz gro\u00dfen Wasserbedarf, da muss mehrmals t\u00e4glich gegossen werden\u201c, hatte Hartmann betont 10 Liter pro Quadratmeter Fl\u00e4che m\u00fcsse man da schon rechnen, und zwar pro Tag. Pikant dabei auch: Bis zur Er\u00f6ffnung am 12. Juni strahlte der neue Rasen wochenlang in fast schon unirdischem Gr\u00fcn \u2013 danach wandelte sich die Farbe rapide zu Braun.<\/p>\n<p><img loading=\"lazy\" decoding=\"async\" class=\"wp-image-56278\" src=\"https:\/\/www.europesays.com\/de\/wp-content\/uploads\/2025\/07\/Gruenufer-Nordmole-Zollhafen-Anfang-April-2025-kleiner-300x200.jpg\" alt=\"Anfang April sah der Rasen auf der Nordmole noch frisch und tiefgr\u00fcn aus. - Foto: gik\" width=\"380\" height=\"253\"  \/>Anfang April sah der Rasen auf der Nordmole noch frisch und tiefgr\u00fcn aus. \u2013 Foto: gik<\/p>\n<p>Mainz&amp; hat deshalb bei der Stadt Mainz nachgefragt, wie oft denn dort gegossen w\u00fcrde, wer f\u00fcr die Pflege zust\u00e4ndig sei \u2013 und was eigentlich mit dem Bew\u00e4sserungssystem sei, das es dort angeblich geben solle? Die Antworten kamen von der Zollhafen Mainz GmbH, \u00fcbermittelt von der Stadt, die betonte: Zust\u00e4ndig sei daf\u00fcr weiter die Zollhafen-Gesellschaft, und nicht die Stadt Mainz oder ihr Gr\u00fcnamt.<\/p>\n<p>Danach wurde der Rollrasen bereits im November 2024 ausgelegt, \u201eund ist bis zur Er\u00f6ffnung am 13. Juni auch angewachsen\u201c, wie man betont.\u00a0Mit der Fertigstellungspflege sei durch den Auftraggeber Zollhafen Mainz GmbH eine externe Firma beauftragt worden, damit liege die Zust\u00e4ndigkeit f\u00fcr mindestens drei Jahre f\u00fcr Rasenfl\u00e4che und B\u00e4ume bei der Firma. Der Rollrasen sei seit der Er\u00f6ffnung 2 mal w\u00f6chentlich gew\u00e4ssert worden, teilte die Zollhafen GmbH weiter mit \u2013 das geschehe derzeit \u201eh\u00e4ndisch mit Wasserfass.\u201c Zuk\u00fcnftig seien aber \u201eEntnahmestellen in den Rasenfl\u00e4chen geplant.\u201c<\/p>\n<p>Bew\u00e4sserung: Bisher keine Entnahmestellen in den Rasenfl\u00e4chen<\/p>\n<p>Umweltdezernentin Janina Steinkr\u00fcger (Gr\u00fcne) hatte bei der Er\u00f6ffnung der Nordmole betont, man eine ressourcenschonende L\u00f6sung f\u00fcr die Bew\u00e4sserung mit Rheinwasser gefunden, daf\u00fcr gebe es eigens eine neue Pumpanlage in der H\u00f6he des fr\u00fcheren Imbiss \u201eZum Schorsch\u201c. Das Areal befindet sich allerdings noch im Bau, ob die Pumpanlage bereits fertig und in Benutzung ist, bleibt weiter unklar. Auch waren auf dem neu eingeweihten Areal keinerlei Sprinkler oder andere Bew\u00e4sserungsanlagen zu sehen, weder eingebaut noch \u2013 nach Angaben von Anwohnern \u2013 bisher in Nutzung \u2013 das best\u00e4tigte sich nun.<\/p>\n<p><img loading=\"lazy\" decoding=\"async\" class=\"wp-image-56243\" src=\"https:\/\/www.europesays.com\/de\/wp-content\/uploads\/2025\/07\/Braune-Nordmole-Juli-2025-quer-kleiner-Foto-Kirchmann-300x225.jpg\" alt=\"Praktisch dieselbe Stelle wie auf dem Bild Anfang April jetzt Anfang Juli: Erholt sich der wieder? - Foto: Kirchmann\" width=\"380\" height=\"285\"  \/>Praktisch dieselbe Stelle wie auf dem Bild Anfang April jetzt Anfang Juli: Erholt sich der wieder? \u2013 Foto: Kirchmann<\/p>\n<p>Ob der Rasen nun irreparabel besch\u00e4digt ist, oder sich erholen kann, bleibt offenbar abzuwarten: \u201eIm Moment wird davon ausgegangen, dass der Rasen bei der entsprechenden Witterung auch wieder gr\u00fcn wird\u201c, hie\u00df es dazu lediglich. Die Kosten f\u00fcr einen hochwertigen Rollrasen samt Verlegen liegen laut Fachhandel zwischen 10 und 20 Euro, bei 3.400 Quadratmetern kommt da eine ordentliche vierstellige Summe zusammen.<\/p>\n<p>Beim Naturschutzbund NABU h\u00e4lt man zudem von Rollrasen gar nichts: \u201eRollrasen ist eine Biodiversit\u00e4tsw\u00fcste und hat damit weder f\u00fcr die Natur, noch f\u00fcr uns Menschen einen Nutzen\u201c, <a href=\"https:\/\/niedersachsen.nabu.de\/umwelt-und-ressourcen\/oekologisch-leben\/tipps-haus-garten\/32126.html\" target=\"_blank\" rel=\"noopener\">schimpfte 2022 etwa der NABU Niedersachsen<\/a>: Anbau, Transport und Verlegen seien \u201eproblematisch f\u00fcr unsere B\u00f6den sind und verbrauchen enorme Mengen Wasser.\u201c Eine deutlich\u00a0umweltfreundlichere Alternative seien Bl\u00fchwiesen, anstatt \u201eauf die langweilige Monokultur Rasen zu setzen, sollten lieber bunte Blumenwiesen angelegt werden\u201c, r\u00e4t der NABU. Diese br\u00e4uchten wenig bis gar keine Bew\u00e4sserung und seien deutlich besser f\u00fcr den Zustand der B\u00f6den, f\u00fcr Insekten und die Artenvielfalt.<\/p>\n<p><strong>Info&amp; auf Mainz&amp;:<\/strong> Das ganze Interview mit Gartenbauexperten Wilhelm Hartmann zum Rollrasen auf der Nordmole <a href=\"https:\/\/mainzund.de\/gruenufer-im-zollhafen-mainz-rasenflaeche-auf-der-nordmole-zerstoert-gartenbauexperte-das-ist-ein-totalschaden\/\" target=\"_blank\" rel=\"noopener\">lest Ihr hier bei Mainz&amp;<\/a>.<\/p>\n","protected":false},"excerpt":{"rendered":"Der Rasen auf der Nordmole im Mainzer Zollhafen pr\u00e4sentiert sich seit gut zwei Wochen nur noch braun und&hellip;\n","protected":false},"author":2,"featured_media":256055,"comment_status":"","ping_status":"","sticky":false,"template":"","format":"standard","meta":{"footnotes":""},"categories":[1847],"tags":[3364,29,548,663,3934,30,78149,78150,13,2052,14,15,78151,78152,12,78153,4544],"class_list":{"0":"post-256054","1":"post","2":"type-post","3":"status-publish","4":"format-standard","5":"has-post-thumbnail","7":"category-wiesbaden","8":"tag-de","9":"tag-deutschland","10":"tag-eu","11":"tag-europa","12":"tag-europe","13":"tag-germany","14":"tag-gruenanlagen-in-mainz","15":"tag-gruenufer-mainzer-zollhafen","16":"tag-headlines","17":"tag-hessen","18":"tag-nachrichten","19":"tag-news","20":"tag-nordmole-mainzer-zollhafen","21":"tag-rollrasen-geschaedigt","22":"tag-schlagzeilen","23":"tag-stadt-mainz","24":"tag-wiesbaden"},"share_on_mastodon":{"url":"https:\/\/pubeurope.com\/@de\/114826382454909187","error":""},"_links":{"self":[{"href":"https:\/\/www.europesays.com\/de\/wp-json\/wp\/v2\/posts\/256054","targetHints":{"allow":["GET"]}}],"collection":[{"href":"https:\/\/www.europesays.com\/de\/wp-json\/wp\/v2\/posts"}],"about":[{"href":"https:\/\/www.europesays.com\/de\/wp-json\/wp\/v2\/types\/post"}],"author":[{"embeddable":true,"href":"https:\/\/www.europesays.com\/de\/wp-json\/wp\/v2\/users\/2"}],"replies":[{"embeddable":true,"href":"https:\/\/www.europesays.com\/de\/wp-json\/wp\/v2\/comments?post=256054"}],"version-history":[{"count":0,"href":"https:\/\/www.europesays.com\/de\/wp-json\/wp\/v2\/posts\/256054\/revisions"}],"wp:featuredmedia":[{"embeddable":true,"href":"https:\/\/www.europesays.com\/de\/wp-json\/wp\/v2\/media\/256055"}],"wp:attachment":[{"href":"https:\/\/www.europesays.com\/de\/wp-json\/wp\/v2\/media?parent=256054"}],"wp:term":[{"taxonomy":"category","embeddable":true,"href":"https:\/\/www.europesays.com\/de\/wp-json\/wp\/v2\/categories?post=256054"},{"taxonomy":"post_tag","embeddable":true,"href":"https:\/\/www.europesays.com\/de\/wp-json\/wp\/v2\/tags?post=256054"}],"curies":[{"name":"wp","href":"https:\/\/api.w.org\/{rel}","templated":true}]}}