{"id":256081,"date":"2025-07-10T01:53:12","date_gmt":"2025-07-10T01:53:12","guid":{"rendered":"https:\/\/www.europesays.com\/de\/256081\/"},"modified":"2025-07-10T01:53:12","modified_gmt":"2025-07-10T01:53:12","slug":"usa-wollen-wieder-granaten-an-die-regierung-in-kiew-liefern","status":"publish","type":"post","link":"https:\/\/www.europesays.com\/de\/256081\/","title":{"rendered":"USA wollen wieder Granaten an die Regierung in Kiew liefern"},"content":{"rendered":"<p class=\"article-header-description\">Die USA nehmen die zwischenzeitlich gestoppten Waffenlieferungen an die Ukraine nach Berichten der Nachrichtenagenturen Reuters und AP wieder auf.<\/p>\n<p>10.07.2025<\/p>\n<ul class=\"b-social-icons\">\n<li class=\"social-icons-item\">\n<\/li>\n<li class=\"social-icons-item\">\n<p>                      Link kopieren\/teilen<\/p>\n<p class=\"snackbar-content\">Der Link wurde in die Zwischenablage kopiert.<\/p>\n<\/li>\n<li class=\"social-icons-item\"><a title=\"Email\" href=\"mailto:?subject=USA%20wollen%20wieder%20Granaten%20an%20die%20Regierung%20in%20Kiew%20liefern&amp;body=Ukraine%0AUkraineUSA%20wollen%20wieder%20Granaten%20an%20die%20Regierung%20in%20Kiew%20liefern%0ADie%20USA%20nehmen%20die%20zwischenzeitlich%20gestoppten%20Waffenlieferungen%20an%20die%20Ukraine%20nach%20Berichten%20der%20Nachrichtenagenturen%20Reuters%20und%20AP%20wieder%20auf.%0Ahttps%3A%2F%2Fwww.deutschlandfunk.de%2Fusa-wollen-wieder-granaten-an-die-regierung-in-kiew-liefern-106.html\" target=\"_blank\" rel=\"noopener noreferrer\" class=\"b-btn-social is-email\" data-tracking=\"{&quot;chapter1&quot;:&quot;Email&quot;,&quot;chapter3&quot;:&quot;Social Media&quot;,&quot;name&quot;:&quot;Social Media&quot;,&quot;chapter2&quot;:&quot;https:\/\/www.deutschlandfunk.de\/usa-wollen-wieder-granaten-an-die-regierung-in-kiew-liefern-106.html&quot;,&quot;level2&quot;:&quot;2&quot;}\">\n<p>                      Email<\/a><\/li>\n<\/ul>\n<p>                    <img decoding=\"async\" loading=\"lazy\" class=\"internal-image\" title=\"Artilleriegranaten und die Hand eines Soldaten.\" alt=\"Artilleriegranaten und die Hand eines Soldaten.\" src=\"https:\/\/www.europesays.com\/de\/wp-content\/uploads\/2025\/07\/munition-102-1920x1080.jpg\" \/><\/p>\n<p>                  Der Mangel an Munition machte den Soldaten einer ukrainischen Artillerieeinheit in der Oblast Donezk bereits Ende Januar 2024 zu schaffen. (Imago \/ Andr\u00e9 Hirtz)<\/p>\n<p>Die Agenturen berufen sich auf hohe US-Beamte in Washington. Danach werde man der Regierung in Kiew wieder Artilleriegranaten und mobile Systeme zur Verf\u00fcgung stellen. Der Stopp der Lieferung war mit der Sorge begr\u00fcndet worden, dass die entsprechenden US-Milit\u00e4rvorr\u00e4te zu gering sein k\u00f6nnten, hie\u00df es.<\/p>\n<p>Diese Nachricht wurde am 10.07.2025 im Programm Deutschlandfunk gesendet.<\/p>\n","protected":false},"excerpt":{"rendered":"Die USA nehmen die zwischenzeitlich gestoppten Waffenlieferungen an die Ukraine nach Berichten der Nachrichtenagenturen Reuters und AP wieder&hellip;\n","protected":false},"author":2,"featured_media":256082,"comment_status":"","ping_status":"","sticky":false,"template":"","format":"standard","meta":{"footnotes":""},"categories":[3977],"tags":[331,332,13,14,15,12,4017,4018,4016,64,4019,4020],"class_list":{"0":"post-256081","1":"post","2":"type-post","3":"status-publish","4":"format-standard","5":"has-post-thumbnail","7":"category-usa","8":"tag-aktuelle-nachrichten","9":"tag-aktuelle-news","10":"tag-headlines","11":"tag-nachrichten","12":"tag-news","13":"tag-schlagzeilen","14":"tag-united-states","15":"tag-united-states-of-america","16":"tag-us","17":"tag-usa","18":"tag-vereinigte-staaten","19":"tag-vereinigte-staaten-von-amerika"},"share_on_mastodon":{"url":"https:\/\/pubeurope.com\/@de\/114826445496264231","error":""},"_links":{"self":[{"href":"https:\/\/www.europesays.com\/de\/wp-json\/wp\/v2\/posts\/256081","targetHints":{"allow":["GET"]}}],"collection":[{"href":"https:\/\/www.europesays.com\/de\/wp-json\/wp\/v2\/posts"}],"about":[{"href":"https:\/\/www.europesays.com\/de\/wp-json\/wp\/v2\/types\/post"}],"author":[{"embeddable":true,"href":"https:\/\/www.europesays.com\/de\/wp-json\/wp\/v2\/users\/2"}],"replies":[{"embeddable":true,"href":"https:\/\/www.europesays.com\/de\/wp-json\/wp\/v2\/comments?post=256081"}],"version-history":[{"count":0,"href":"https:\/\/www.europesays.com\/de\/wp-json\/wp\/v2\/posts\/256081\/revisions"}],"wp:featuredmedia":[{"embeddable":true,"href":"https:\/\/www.europesays.com\/de\/wp-json\/wp\/v2\/media\/256082"}],"wp:attachment":[{"href":"https:\/\/www.europesays.com\/de\/wp-json\/wp\/v2\/media?parent=256081"}],"wp:term":[{"taxonomy":"category","embeddable":true,"href":"https:\/\/www.europesays.com\/de\/wp-json\/wp\/v2\/categories?post=256081"},{"taxonomy":"post_tag","embeddable":true,"href":"https:\/\/www.europesays.com\/de\/wp-json\/wp\/v2\/tags?post=256081"}],"curies":[{"name":"wp","href":"https:\/\/api.w.org\/{rel}","templated":true}]}}