{"id":256213,"date":"2025-07-10T03:02:20","date_gmt":"2025-07-10T03:02:20","guid":{"rendered":"https:\/\/www.europesays.com\/de\/256213\/"},"modified":"2025-07-10T03:02:20","modified_gmt":"2025-07-10T03:02:20","slug":"das-sind-die-neuen-ksc-mannschaftsfotos-fuer-die-saison-2025-2026","status":"publish","type":"post","link":"https:\/\/www.europesays.com\/de\/256213\/","title":{"rendered":"Das sind die neuen KSC-Mannschaftsfotos f\u00fcr die Saison 2025\/2026"},"content":{"rendered":"<p>              Weiter mit Tracking durch Dritte<\/p>\n<p>Zur Finanzierung unseres journalistischen Angebots spielen wir Ihnen Inhalte und personalisierte Werbung mit Tracking aus, die von <a href=\"#\" onclick=\"UC_UI.showSecondLayer(628); return false;\">Drittanbietern<\/a> kommen.<\/p>\n<p>              &#8230; oder schau dir ein Werbevideo an<\/p>\n<p>Nutzen Sie unser Angebot ohne Werbetracking durch Dritte. Daf\u00fcr m\u00fcssen sie sich ein Werbevideo anschauen. Danach erhalten Sie f\u00fcr 60 Minuten lang kostenlosen Zugriff auf diese Webseite. Weitere Information zur Datenverarbeitung finden Sie in der <a href=\"https:\/\/www.ka-news.de\/intern\/datenschutzerklaerung-art-2230930\" target=\"_blank\" rel=\"noopener\">Datenschutzerkl\u00e4rung<\/a><\/p>\n<p>\n              Video ausw\u00e4hlen<\/p>\n","protected":false},"excerpt":{"rendered":"Weiter mit Tracking durch Dritte Zur Finanzierung unseres journalistischen Angebots spielen wir Ihnen Inhalte und personalisierte Werbung mit&hellip;\n","protected":false},"author":2,"featured_media":256214,"comment_status":"","ping_status":"","sticky":false,"template":"","format":"standard","meta":{"footnotes":""},"categories":[1844],"tags":[1634,3364,29,30,8903],"class_list":{"0":"post-256213","1":"post","2":"type-post","3":"status-publish","4":"format-standard","5":"has-post-thumbnail","7":"category-karlsruhe","8":"tag-baden-wuerttemberg","9":"tag-de","10":"tag-deutschland","11":"tag-germany","12":"tag-karlsruhe"},"share_on_mastodon":{"url":"https:\/\/pubeurope.com\/@de\/114826716421233749","error":""},"_links":{"self":[{"href":"https:\/\/www.europesays.com\/de\/wp-json\/wp\/v2\/posts\/256213","targetHints":{"allow":["GET"]}}],"collection":[{"href":"https:\/\/www.europesays.com\/de\/wp-json\/wp\/v2\/posts"}],"about":[{"href":"https:\/\/www.europesays.com\/de\/wp-json\/wp\/v2\/types\/post"}],"author":[{"embeddable":true,"href":"https:\/\/www.europesays.com\/de\/wp-json\/wp\/v2\/users\/2"}],"replies":[{"embeddable":true,"href":"https:\/\/www.europesays.com\/de\/wp-json\/wp\/v2\/comments?post=256213"}],"version-history":[{"count":0,"href":"https:\/\/www.europesays.com\/de\/wp-json\/wp\/v2\/posts\/256213\/revisions"}],"wp:featuredmedia":[{"embeddable":true,"href":"https:\/\/www.europesays.com\/de\/wp-json\/wp\/v2\/media\/256214"}],"wp:attachment":[{"href":"https:\/\/www.europesays.com\/de\/wp-json\/wp\/v2\/media?parent=256213"}],"wp:term":[{"taxonomy":"category","embeddable":true,"href":"https:\/\/www.europesays.com\/de\/wp-json\/wp\/v2\/categories?post=256213"},{"taxonomy":"post_tag","embeddable":true,"href":"https:\/\/www.europesays.com\/de\/wp-json\/wp\/v2\/tags?post=256213"}],"curies":[{"name":"wp","href":"https:\/\/api.w.org\/{rel}","templated":true}]}}