{"id":256219,"date":"2025-07-10T03:05:23","date_gmt":"2025-07-10T03:05:23","guid":{"rendered":"https:\/\/www.europesays.com\/de\/256219\/"},"modified":"2025-07-10T03:05:23","modified_gmt":"2025-07-10T03:05:23","slug":"schloss-holte-stukenbrock-diese-kandidaten-treten-an","status":"publish","type":"post","link":"https:\/\/www.europesays.com\/de\/256219\/","title":{"rendered":"Schlo\u00df Holte-Stukenbrock: Diese Kandidaten treten an"},"content":{"rendered":"<p class=\"fp-paragraph\">F\u00fcnf B\u00fcrgermeisterkandidaten treten ins Rennen um die Nachfolge von Hubert Erichlandwehr (CDU) an, der nach 26 Jahren im Amt nicht mehr zur Kommunalwahl antritt. Um seine Nachfolge bewerben sich f\u00fcnf Kandidaten, die auch bisher schon ver\u00f6ffentlicht worden sind. Es sind Olaf Junker (CDU, Erster Beigeordneter der Stadt), Philipp Ashton (B\u00fcndnis 90\/Die Gr\u00fcnen, Sozialp\u00e4dagoge), Sara Steinbeck (CSB, B\u00fcrokommunikationskauffrau), Mario Kesselmeier (SPD, Notfallsanit\u00e4ter) und Thorsten Baumgart (FDP, Gruppenleiter im Marketing).<\/p>\n<p>Top informiert mit<\/p>\n<p><strong>im 1. Monat<\/strong><\/p>\n<p>0,99 \u20ac*<a href=\"https:\/\/abo.westfalen-blatt.de\/Digital+Basis.htm?utm_source=Website&amp;utm_medium=Layer&amp;utm_campaign=noUEG&amp;pwlayer=plus&amp;ezobjectid=3347120\" class=\"fp-button fp-button__primary fp-paywall-action-submit\" style=\"background-color: #000000;\" target=\"_blank\" rel=\"noopener\">weiter<\/a>*danach 7 \u20ac \/ Monat<\/p>\n<p>monatlich k\u00fcndbar<\/p>\n<p class=\"fp-article-paywall__plan--description\">freier Zugriff auf alle WB+ Inhalte und die News-App<\/p>\n<p><strong>pro Woche<\/strong><\/p>\n<p>1 \u20ac<a href=\"https:\/\/abo.westfalen-blatt.de\/_article\/Digital-Basis-Wochenabo?utm_source=Website&amp;utm_medium=Layer&amp;utm_campaign=noUEG&amp;pwlayer=plus&amp;ezobjectid=3347120\" class=\"fp-button fp-button__primary fp-paywall-action-submit\" style=\"background-color: #000000;\" target=\"_blank\" rel=\"noopener\">weiter<\/a>ab dem 2. Jahr 2 \u20ac \/ Woche<\/p>\n<p>monatlich k\u00fcndbar<\/p>\n<p class=\"fp-article-paywall__plan--description\">freier Zugriff auf alle WB+ Inhalte und die News-App<\/p>\n<p><strong>1 Jahr<\/strong><\/p>\n<p>59 \u20ac<a href=\"https:\/\/abo.westfalen-blatt.de\/Digital+Basis+Jahrespass.htm?utm_source=Website&amp;utm_medium=Layer&amp;utm_campaign=noUEG&amp;pwlayer=plus&amp;ezobjectid=3347120\" class=\"fp-button fp-button__primary fp-paywall-action-submit\" style=\"background-color: #000000;\" target=\"_blank\" rel=\"noopener\"><\/a><\/p>\n<p class=\"fp-article-paywall__plan--description\">freier Zugriff auf alle WB+ Inhalte und die News-App<\/p>\n<p>Sie haben bereits ein Abonnement? <a title=\"Hier einloggen\" alt=\"Hier einloggen\" href=\"https:\/\/account.westfalen-blatt.de\/login?redurl=https:\/\/www.westfalen-blatt.de\/owl\/kreis-guetersloh\/schloss-holte-stukenbrock\/kommunalwahl-diese-kandidaten-treten-an-3347120?pid=true&amp;ueg=default\" target=\"_blank\" rel=\"noopener\"><a href=\"https:\/\/account.westfalen-blatt.de\/login?redurl=https:\/\/www.westfalen-blatt.de\/?redurl=https:\/\/www.westfalen-blatt.de\/owl\/kreis-guetersloh\/schloss-holte-stukenbrock\/kommunalwahl-diese-kandidaten-treten-an-3347120?pid=true&amp;ueg=default\" target=\"_blank\" rel=\"noopener\">\u00a0<a href=\"https:\/\/account.westfalen-blatt.de\/login?redurl=https:\/\/www.westfalen-blatt.de\/owl\/kreis-guetersloh\/schloss-holte-stukenbrock\/kommunalwahl-diese-kandidaten-treten-an-3347120?pid=true&amp;ueg=default\" target=\"_blank\" rel=\"noopener\">Jetzt anmelden<\/a><a href=\"https:\/\/account.westfalen-blatt.de\/login?redurl=https:\/\/www.westfalen-blatt.de\/?redurl=https:\/\/www.westfalen-blatt.de\/owl\/kreis-guetersloh\/schloss-holte-stukenbrock\/kommunalwahl-diese-kandidaten-treten-an-3347120?pid=true&amp;ueg=default\" target=\"_blank\" rel=\"noopener\"><a href=\"https:\/\/account.westfalen-blatt.de\/login?redurl=https:\/\/www.westfalen-blatt.de\/?redurl=https:\/\/www.westfalen-blatt.de\/owl\/kreis-guetersloh\/schloss-holte-stukenbrock\/kommunalwahl-diese-kandidaten-treten-an-3347120?pid=true&amp;ueg=default\" target=\"_blank\" rel=\"noopener\"><\/p>\n","protected":false},"excerpt":{"rendered":"F\u00fcnf B\u00fcrgermeisterkandidaten treten ins Rennen um die Nachfolge von Hubert Erichlandwehr (CDU) an, der nach 26 Jahren im&hellip;\n","protected":false},"author":2,"featured_media":256220,"comment_status":"","ping_status":"","sticky":false,"template":"","format":"standard","meta":{"footnotes":""},"categories":[1841],"tags":[1605,3364,29,30,1209],"class_list":{"0":"post-256219","1":"post","2":"type-post","3":"status-publish","4":"format-standard","5":"has-post-thumbnail","7":"category-bielefeld","8":"tag-bielefeld","9":"tag-de","10":"tag-deutschland","11":"tag-germany","12":"tag-nordrhein-westfalen"},"share_on_mastodon":{"url":"https:\/\/pubeurope.com\/@de\/114826728114940480","error":""},"_links":{"self":[{"href":"https:\/\/www.europesays.com\/de\/wp-json\/wp\/v2\/posts\/256219","targetHints":{"allow":["GET"]}}],"collection":[{"href":"https:\/\/www.europesays.com\/de\/wp-json\/wp\/v2\/posts"}],"about":[{"href":"https:\/\/www.europesays.com\/de\/wp-json\/wp\/v2\/types\/post"}],"author":[{"embeddable":true,"href":"https:\/\/www.europesays.com\/de\/wp-json\/wp\/v2\/users\/2"}],"replies":[{"embeddable":true,"href":"https:\/\/www.europesays.com\/de\/wp-json\/wp\/v2\/comments?post=256219"}],"version-history":[{"count":0,"href":"https:\/\/www.europesays.com\/de\/wp-json\/wp\/v2\/posts\/256219\/revisions"}],"wp:featuredmedia":[{"embeddable":true,"href":"https:\/\/www.europesays.com\/de\/wp-json\/wp\/v2\/media\/256220"}],"wp:attachment":[{"href":"https:\/\/www.europesays.com\/de\/wp-json\/wp\/v2\/media?parent=256219"}],"wp:term":[{"taxonomy":"category","embeddable":true,"href":"https:\/\/www.europesays.com\/de\/wp-json\/wp\/v2\/categories?post=256219"},{"taxonomy":"post_tag","embeddable":true,"href":"https:\/\/www.europesays.com\/de\/wp-json\/wp\/v2\/tags?post=256219"}],"curies":[{"name":"wp","href":"https:\/\/api.w.org\/{rel}","templated":true}]}}