{"id":256392,"date":"2025-07-10T04:45:14","date_gmt":"2025-07-10T04:45:14","guid":{"rendered":"https:\/\/www.europesays.com\/de\/256392\/"},"modified":"2025-07-10T04:45:14","modified_gmt":"2025-07-10T04:45:14","slug":"stoag-baut-e-bus-flotte-aus-radio-oberhausen","status":"publish","type":"post","link":"https:\/\/www.europesays.com\/de\/256392\/","title":{"rendered":"Stoag baut E-Bus-Flotte aus &#8211; Radio Oberhausen"},"content":{"rendered":"<p class=\"small date article__date\">Ver\u00f6ffentlicht:\u00a0Donnerstag, 10.07.2025 06:14<\/p>\n<p>Fast 13,5 Millionen Euro haben die Stadtwerke Oberhausen im vergangenen Jahr investiert, um moderner und klimafreundlicher zu sein. Das hat die Gesch\u00e4ftsf\u00fchrung jetzt in ihrer Jahresbilanz vorgestellt. Der Schwerpunkt aller Bauma\u00dfnahmen und Anschaffungen ist weiter die Umstellung auf Elektromobilit\u00e4t. So werden auch weiterhin die Ladepunkte f\u00fcr die batterieelektrischen Busse ausgebaut, zum Beispiel an den Endhaltestellen. Aber auch auf dem Stoag-Betriebshof in Buschhausen sind weitere Ladestationen errichtet worden. <\/p>\n<p><img decoding=\"async\" alt=\"\" src=\"https:\/\/www.europesays.com\/de\/wp-content\/uploads\/2025\/07\/microsoftteams-image-4848.png&#038;crop=0x331x768x480&#038;resize=768x480&#038;dt=202308311638060.png\" data-size=\"768x480\"\/>\u00a9 Radio Oberhausen<\/p>\n","protected":false},"excerpt":{"rendered":"Ver\u00f6ffentlicht:\u00a0Donnerstag, 10.07.2025 06:14 Fast 13,5 Millionen Euro haben die Stadtwerke Oberhausen im vergangenen Jahr investiert, um moderner und&hellip;\n","protected":false},"author":2,"featured_media":256393,"comment_status":"","ping_status":"","sticky":false,"template":"","format":"standard","meta":{"footnotes":""},"categories":[1838],"tags":[78231,57555,78230,3364,29,3715,30,5544,72842,1548,1209],"class_list":{"0":"post-256392","1":"post","2":"type-post","3":"status-publish","4":"format-standard","5":"has-post-thumbnail","7":"category-duisburg","8":"tag-e-busse","9":"tag-e-mobilitt","10":"tag-stoag","11":"tag-de","12":"tag-deutschland","13":"tag-duisburg","14":"tag-germany","15":"tag-infrastruktur","16":"tag-klimafreundlich","17":"tag-klimaschutz","18":"tag-nordrhein-westfalen"},"share_on_mastodon":{"url":"https:\/\/pubeurope.com\/@de\/114827121602989032","error":""},"_links":{"self":[{"href":"https:\/\/www.europesays.com\/de\/wp-json\/wp\/v2\/posts\/256392","targetHints":{"allow":["GET"]}}],"collection":[{"href":"https:\/\/www.europesays.com\/de\/wp-json\/wp\/v2\/posts"}],"about":[{"href":"https:\/\/www.europesays.com\/de\/wp-json\/wp\/v2\/types\/post"}],"author":[{"embeddable":true,"href":"https:\/\/www.europesays.com\/de\/wp-json\/wp\/v2\/users\/2"}],"replies":[{"embeddable":true,"href":"https:\/\/www.europesays.com\/de\/wp-json\/wp\/v2\/comments?post=256392"}],"version-history":[{"count":0,"href":"https:\/\/www.europesays.com\/de\/wp-json\/wp\/v2\/posts\/256392\/revisions"}],"wp:featuredmedia":[{"embeddable":true,"href":"https:\/\/www.europesays.com\/de\/wp-json\/wp\/v2\/media\/256393"}],"wp:attachment":[{"href":"https:\/\/www.europesays.com\/de\/wp-json\/wp\/v2\/media?parent=256392"}],"wp:term":[{"taxonomy":"category","embeddable":true,"href":"https:\/\/www.europesays.com\/de\/wp-json\/wp\/v2\/categories?post=256392"},{"taxonomy":"post_tag","embeddable":true,"href":"https:\/\/www.europesays.com\/de\/wp-json\/wp\/v2\/tags?post=256392"}],"curies":[{"name":"wp","href":"https:\/\/api.w.org\/{rel}","templated":true}]}}