{"id":256615,"date":"2025-07-10T06:56:11","date_gmt":"2025-07-10T06:56:11","guid":{"rendered":"https:\/\/www.europesays.com\/de\/256615\/"},"modified":"2025-07-10T06:56:11","modified_gmt":"2025-07-10T06:56:11","slug":"versicherungsbeitraege-wirtschaftsweiser-werding-warnt-vor-sozialabgaben-von-50-prozent","status":"publish","type":"post","link":"https:\/\/www.europesays.com\/de\/256615\/","title":{"rendered":"Versicherungsbeitr\u00e4ge: Wirtschaftsweiser Werding warnt vor Sozialabgaben von 50 Prozent"},"content":{"rendered":"<p class=\"paragraph article__item\">Der Wirtschaftsweise Martin\u00a0Werding hat ohne durchgreifende Reformen vor weiter steigenden Sozialabgaben in Deutschland gewarnt.\u00a0&#8222;Die Frage ist nicht, ob die Beitragss\u00e4tze irgendwann 50 Prozent erreichen, sondern wann das geschieht&#8220;, sagte\u00a0Werding\u00a0der Rheinischen Post. &#8222;Die aktuelle Entwicklung ist atemberaubend.&#8220; Er geht deshalb davon aus, dass der Aufw\u00e4rtstrend aufgrund der fortschreitenden demografischen Alterung\u00a0ohne Reformen in den 2030er-Jahren unver\u00e4ndert anh\u00e4lt.\n<\/p>\n<p class=\"paragraph article__item\">Noch im aktuellen Jahr erwartet Werding einen weiteren Anstieg des prozentualen Anteils der Sozialabgaben am Bruttoeinkommen von Besch\u00e4ftigten und Arbeitgebern.\u00a0&#8222;Die Summe aller Sozialbeitr\u00e4ge d\u00fcrfte sich im laufenden Jahr von 42 Prozent auf 43 Prozent erh\u00f6hen&#8220;, sagte\u00a0der\u00a0Professor f\u00fcr Sozialpolitik und \u00f6ffentliche Finanzen an der Ruhr-Universit\u00e4t Bochum. Er verwies darauf, dass eine <a href=\"https:\/\/www.zeit.de\/geld\/2024-11\/krankenkassen-beitraege-wechsel-sparen\" class=\"\" target=\"_blank\" rel=\"nofollow noopener\">ganze Reihe von Krankenkassen<\/a> die Zusatzbeitr\u00e4ge in diesem Jahr bereits wieder angehoben haben. Auch in der Pflegeversicherung sei zum Jahreswechsel mit einer neuerlichen Anhebung zu rechnen.\n<\/p>\n<p class=\"paragraph article__item\">Sp\u00e4ter sei auch die Rentenkasse betroffen. &#8222;2027 oder sp\u00e4testens 2028 steigen auch die Rentenbeitr\u00e4ge, die jetzt lange Zeit bei 18,6 Prozent konstant geblieben sind, sprunghaft auf ann\u00e4hernd 20 Prozent. Damit ist bis zum Ende dieser Legislaturperiode eine Abgabenbelastung von 45 Prozent in Sicht&#8220;, sagte Werding und <a href=\"https:\/\/www.zeit.de\/arbeit\/2024-09\/sozialabgaben-beitragsbemessungsgrenze-gutverdiener-versicherung-beitraege\" class=\"\" target=\"_blank\" rel=\"nofollow noopener\">mahnte durchgreifende Reformen an<\/a>.\n<\/p>\n<p class=\"paragraph article__item\">Aktuell diskutierte Ma\u00dfnahmen wie Anhebungen von Beitragsbemessungsgrenzen sowie Einbeziehung von Beamten in die Sozialversicherungen reichten nicht aus. &#8222;Teilweise rei\u00dft es einfach L\u00f6cher an anderer Stelle auf \u2013 etwa in den Haushalten der L\u00e4nder, die die Mehrzahl der Beamten besch\u00e4ftigen&#8220;, sagte\u00a0Werding. N\u00f6tig seien deshalb Diskussionen \u00fcber Ausgabenentwicklung und die Zielgenauigkeit bestehender Leistungen sowie aktueller Pl\u00e4ne. Dazu geh\u00f6re beispielsweise die M\u00fctterrente. Auch m\u00fcsse \u00fcber die <a href=\"https:\/\/www.zeit.de\/wirtschaft\/2025-04\/pflegeversicherung-reform-notstand-beitraege-kosten\" class=\"\" target=\"_blank\" rel=\"nofollow noopener\">Effizienz von Gesundheitsversorgung und Pflege<\/a> debattiert werden.\n<\/p>\n<p>            Arbeit und Sozialabgaben        <\/p>\n<p>Mehr zum Thema<\/p>\n<p>                <a href=\"https:\/\/www.zeit.de\/arbeit\/2024-09\/sozialabgaben-beitragsbemessungsgrenze-gutverdiener-versicherung-beitraege\" data-ct-label=\"Sozialabgaben: Gutverdiener sollen mehr zahlen\" rel=\"nofollow noopener\" target=\"_blank\"><\/p>\n<p>                        Sozialabgaben:<br \/>\n                        Gutverdiener sollen mehr zahlen<\/p>\n<p>                <\/a><\/p>\n<p>                <a href=\"https:\/\/www.zeit.de\/wirtschaft\/2025-04\/pflegeversicherung-reform-notstand-beitraege-kosten\" data-ct-label=\"Pflegeversicherung: Die Pflege braucht selbst Pflege\" rel=\"nofollow noopener\" target=\"_blank\"><\/p>\n<p>        Z+ (abopflichtiger Inhalt);<\/p>\n<p>    Pflegeversicherung:<br \/>\n                        Die Pflege braucht selbst Pflege<\/p>\n<p>                <\/a><\/p>\n<p>                <a href=\"https:\/\/www.zeit.de\/geld\/2024-11\/krankenkassen-beitraege-wechsel-sparen\" data-ct-label=\"Krankenversicherung : So finden Sie eine g\u00fcnstige Krankenkasse\" rel=\"nofollow noopener\" target=\"_blank\"><\/p>\n<p>        Z+ (abopflichtiger Inhalt);<\/p>\n<p>    Krankenversicherung :<br \/>\n                        So finden Sie eine g\u00fcnstige Krankenkasse<\/p>\n<p>                <\/a><\/p>\n","protected":false},"excerpt":{"rendered":"Der Wirtschaftsweise Martin\u00a0Werding hat ohne durchgreifende Reformen vor weiter steigenden Sozialabgaben in Deutschland gewarnt.\u00a0&#8222;Die Frage ist nicht, ob&hellip;\n","protected":false},"author":2,"featured_media":256616,"comment_status":"","ping_status":"","sticky":false,"template":"","format":"standard","meta":{"footnotes":""},"categories":[2],"tags":[29,30,13,78290,14,15,12,25668,78291,10,8,9,11,78289,55,20097],"class_list":{"0":"post-256615","1":"post","2":"type-post","3":"status-publish","4":"format-standard","5":"has-post-thumbnail","7":"category-deutschland","8":"tag-deutschland","9":"tag-germany","10":"tag-headlines","11":"tag-martin-werding","12":"tag-nachrichten","13":"tag-news","14":"tag-schlagzeilen","15":"tag-sozialabgaben","16":"tag-sozialausgabe","17":"tag-top-news","18":"tag-top-meldungen","19":"tag-topmeldungen","20":"tag-topnews","21":"tag-versicherungsbeitraege","22":"tag-wirtschaft","23":"tag-wirtschaftsweise"},"share_on_mastodon":{"url":"https:\/\/pubeurope.com\/@de\/114827636422672464","error":""},"_links":{"self":[{"href":"https:\/\/www.europesays.com\/de\/wp-json\/wp\/v2\/posts\/256615","targetHints":{"allow":["GET"]}}],"collection":[{"href":"https:\/\/www.europesays.com\/de\/wp-json\/wp\/v2\/posts"}],"about":[{"href":"https:\/\/www.europesays.com\/de\/wp-json\/wp\/v2\/types\/post"}],"author":[{"embeddable":true,"href":"https:\/\/www.europesays.com\/de\/wp-json\/wp\/v2\/users\/2"}],"replies":[{"embeddable":true,"href":"https:\/\/www.europesays.com\/de\/wp-json\/wp\/v2\/comments?post=256615"}],"version-history":[{"count":0,"href":"https:\/\/www.europesays.com\/de\/wp-json\/wp\/v2\/posts\/256615\/revisions"}],"wp:featuredmedia":[{"embeddable":true,"href":"https:\/\/www.europesays.com\/de\/wp-json\/wp\/v2\/media\/256616"}],"wp:attachment":[{"href":"https:\/\/www.europesays.com\/de\/wp-json\/wp\/v2\/media?parent=256615"}],"wp:term":[{"taxonomy":"category","embeddable":true,"href":"https:\/\/www.europesays.com\/de\/wp-json\/wp\/v2\/categories?post=256615"},{"taxonomy":"post_tag","embeddable":true,"href":"https:\/\/www.europesays.com\/de\/wp-json\/wp\/v2\/tags?post=256615"}],"curies":[{"name":"wp","href":"https:\/\/api.w.org\/{rel}","templated":true}]}}