{"id":256621,"date":"2025-07-10T06:59:18","date_gmt":"2025-07-10T06:59:18","guid":{"rendered":"https:\/\/www.europesays.com\/de\/256621\/"},"modified":"2025-07-10T06:59:18","modified_gmt":"2025-07-10T06:59:18","slug":"alemannia-aachen-fordert-meister-muessen-direkt-aufsteigen","status":"publish","type":"post","link":"https:\/\/www.europesays.com\/de\/256621\/","title":{"rendered":"Alemannia Aachen fordert: Meister m\u00fcssen direkt aufsteigen"},"content":{"rendered":"<p>Initiative mehrerer Vereine <\/p>\n<p>Alemannia fordert: Meister m\u00fcssen aufsteigen<\/p>\n<p>10.07.2025 &#8211; 07:46 UhrLesedauer: 1 Min.<\/p>\n<p><a href=\"#focus-0\" class=\"transition-colors duration-200 focus-within:text-magenta block text-current relative\" data-sctrack=\"FocusGalleryImage.Reference\"><img fetchpriority=\"high\" data-testid=\"Opener.Image\" style=\"--lqipURL:url('https:\/\/images.t-online.de\/2025\/07\/ATVcvfp4hLZI\/0x67:3429x1929\/fit-in\/150x0\/filters:blur(25)\/image.jpg')\"   loading=\"eager\" src=\"https:\/\/www.europesays.com\/de\/wp-content\/uploads\/2025\/07\/1752130758_634_image.jpg\" alt=\"Ein Alemannia Aachen Ballon (Symbolbild): Der Verein schlie\u00dft sich der &quot;Aufstiegsreform 2025&quot; an.\" title=\"Ein Alemannia Aachen Ballon (Symbolbild): Der Verein schlie\u00dft sich der &quot;Aufstiegsreform 2025&quot; an.\" width=\"3429\" height=\"1929\" class=\"bg-[url:var(--lqipURL)] bg-cover bg-center flex h-full w-full max-w-full\" decoding=\"async\"\/><img style=\"--width:32;--height:32\" loading=\"lazy\" src=\"https:\/\/www.t-online.de\/s\/paper\/_next\/static\/media\/zoom-in.f7dae02f.svg\" alt=\"Vergr\u00f6\u00dfern des Bildes\" title=\"Vergr\u00f6\u00dfern des Bildes\" class=\"block h-[calc(var(--height)_\/_16_*_1rem)] w-[calc(var(--width)_\/_16_*_1rem)] max-w-none absolute bottom-8 right-8 rounded-4 bg-snow p-8\" decoding=\"async\"\/><\/a><\/p>\n<p>Ein Alemannia Aachen Ballon (Symbolbild): Der Verein schlie\u00dft sich der &#8222;Aufstiegsreform 2025&#8220; an. (Quelle: imago sportfotodienst)<\/p>\n<p class=\"font-bold text-18 leading-17\">Der Drittligist schlie\u00dft sich der &#8222;Aufstiegsreform 2025&#8220; an. Die Initiative will erreichen, dass alle Regionalliga-Meister ohne Relegation in die 3. Liga aufsteigen k\u00f6nnen.<\/p>\n<p class=\"text-18 leading-17\">Alemannia <a class=\"transition-colors duration-200 cursor-pointer text-inherit no-underline text-salemsfur md:hover:text-magenta md:hover:border-magenta md:focus:text-magenta border-current border-b border-solid break-words\" href=\"https:\/\/www.t-online.de\/themen\/aachen\/\" data-sctrack=\"BodyAnchor\" target=\"_blank\" rel=\"noopener\">Aachen<\/a> hat sich der Initiative &#8222;Aufstiegsreform 2025&#8220; angeschlossen, die eine gerechtere Aufstiegsregelung f\u00fcr Regionalligisten fordert. Das teilte der Club auf seiner Website mit.<\/p>\n<p class=\"text-18 leading-17\">Die aktuelle Regelung sieht vor, dass nur die Meister der Regionalligen West und S\u00fcdwest direkt in die 3. Liga aufsteigen. Zwei weitere Meister m\u00fcssen in einer Relegation gegeneinander antreten. &#8222;Wir haben selbst elf Jahre lang in der Regionalliga gespielt und wissen, wie schwer es ist, den Sprung zur\u00fcck in den Profifu\u00dfball zu schaffen&#8220;, erkl\u00e4rt Ralf B\u00fcndgen, Gesch\u00e4ftsf\u00fchrer <a class=\"transition-colors duration-200 cursor-pointer text-inherit no-underline text-salemsfur md:hover:text-magenta md:hover:border-magenta md:focus:text-magenta border-current border-b border-solid break-words\" href=\"https:\/\/www.t-online.de\/themen\/alemannia-aachen\/\" data-sctrack=\"BodyAnchor\" target=\"_blank\" rel=\"noopener\">Alemannia Aachen<\/a>.<\/p>\n<p class=\"text-18 leading-17\">Die Initiative, der sich inzwischen 36 Vereine angeschlossen haben, erwartet vom DFB-Bundestag im November 2025 grundlegende Reformen. Ziel ist eine transparente Wettbewerbsstruktur, die allen Regionalligisten gleiche Chancen bietet und den sportlichen Aufstieg in die 3. Liga klar regelt.<\/p>\n","protected":false},"excerpt":{"rendered":"Initiative mehrerer Vereine Alemannia fordert: Meister m\u00fcssen aufsteigen 10.07.2025 &#8211; 07:46 UhrLesedauer: 1 Min. Ein Alemannia Aachen Ballon&hellip;\n","protected":false},"author":2,"featured_media":256622,"comment_status":"","ping_status":"","sticky":false,"template":"","format":"standard","meta":{"footnotes":""},"categories":[1853],"tags":[722,17161,72885,1424,999,61943,3364,29,548,663,3934,30,13,6821,14,15,1209,16744,12],"class_list":{"0":"post-256621","1":"post","2":"type-post","3":"status-publish","4":"format-standard","5":"has-post-thumbnail","7":"category-aachen","8":"tag-722","9":"tag-17161","10":"tag-72885","11":"tag-aachen","12":"tag-alemannia-aachen","13":"tag-aufstiegsreform","14":"tag-de","15":"tag-deutschland","16":"tag-eu","17":"tag-europa","18":"tag-europe","19":"tag-germany","20":"tag-headlines","21":"tag-initiative","22":"tag-nachrichten","23":"tag-news","24":"tag-nordrhein-westfalen","25":"tag-relegation","26":"tag-schlagzeilen"},"share_on_mastodon":{"url":"https:\/\/pubeurope.com\/@de\/114827648472610659","error":""},"_links":{"self":[{"href":"https:\/\/www.europesays.com\/de\/wp-json\/wp\/v2\/posts\/256621","targetHints":{"allow":["GET"]}}],"collection":[{"href":"https:\/\/www.europesays.com\/de\/wp-json\/wp\/v2\/posts"}],"about":[{"href":"https:\/\/www.europesays.com\/de\/wp-json\/wp\/v2\/types\/post"}],"author":[{"embeddable":true,"href":"https:\/\/www.europesays.com\/de\/wp-json\/wp\/v2\/users\/2"}],"replies":[{"embeddable":true,"href":"https:\/\/www.europesays.com\/de\/wp-json\/wp\/v2\/comments?post=256621"}],"version-history":[{"count":0,"href":"https:\/\/www.europesays.com\/de\/wp-json\/wp\/v2\/posts\/256621\/revisions"}],"wp:featuredmedia":[{"embeddable":true,"href":"https:\/\/www.europesays.com\/de\/wp-json\/wp\/v2\/media\/256622"}],"wp:attachment":[{"href":"https:\/\/www.europesays.com\/de\/wp-json\/wp\/v2\/media?parent=256621"}],"wp:term":[{"taxonomy":"category","embeddable":true,"href":"https:\/\/www.europesays.com\/de\/wp-json\/wp\/v2\/categories?post=256621"},{"taxonomy":"post_tag","embeddable":true,"href":"https:\/\/www.europesays.com\/de\/wp-json\/wp\/v2\/tags?post=256621"}],"curies":[{"name":"wp","href":"https:\/\/api.w.org\/{rel}","templated":true}]}}