{"id":256631,"date":"2025-07-10T07:05:25","date_gmt":"2025-07-10T07:05:25","guid":{"rendered":"https:\/\/www.europesays.com\/de\/256631\/"},"modified":"2025-07-10T07:05:25","modified_gmt":"2025-07-10T07:05:25","slug":"aerger-um-fehlende-parkplaetze-in-mainz-gonsenheim","status":"publish","type":"post","link":"https:\/\/www.europesays.com\/de\/256631\/","title":{"rendered":"\u00c4rger um fehlende Parkpl\u00e4tze in Mainz-Gonsenheim"},"content":{"rendered":"<p>Wer in Mainz keinen eigenen Parkplatz hat, versucht, sein Fahrzeug auf \u00f6ffentlichen Parkfl\u00e4chen abzustellen. So macht es auch Fabio aus Gonsenheim. Doch ihn stellt die Suche nach einem geeigneten Parkplatz noch vor ein ganz anderes Problem. Denn als Handwerker f\u00e4hrt Fabio einen Transporter. Aber ausgerechnet dieser Fahrzeugtyp ist auf den vorhandenen Parkpl\u00e4tzen in seiner Wohngegend nicht erlaubt.<\/p>\n<p>\u201e<strong>Problem f\u00fcr viele Berufst\u00e4tige in Gonsenheim\u201c<\/strong><\/p>\n<p>Konkret geht es dabei um die Parkpl\u00e4tze \u201eAm Sportfeld 7\u201c. Wie Fabio sagt, seien die Parkpl\u00e4tze in dieser Stra\u00dfe ausschlie\u00dflich f\u00fcr Pkw und Kraftr\u00e4der ausgewiesen. Transporter, mit denen viele Handwerker und Monteure unterwegs sind, h\u00e4tten dort somit offiziell keinen Platz. \u201eWer morgens fr\u00fch zur Arbeit f\u00e4hrt und abends heimkommt, findet oft keinen legalen Parkplatz mehr in der N\u00e4he seiner Wohnung \u2013 oder besser gesagt, es gibt gar keine\u201c, bem\u00e4ngelt der Gonsenheimer.<\/p>\n<p>Alternative Parkm\u00f6glichkeiten beziehungsweise ausgewiesene Stellfl\u00e4chen f\u00fcr gr\u00f6\u00dfere Fahrzeuge oder entsprechende Ausweichm\u00f6glichkeiten gebe es vor Ort nicht. \u201eDas ist ein Problem f\u00fcr viele Berufst\u00e4tige in Gonsenheim.\u201c Besonders \u00e4rgerlich w\u00fcrde es dann hin und wieder am Wochenende. \u201eDann kommt das Ordnungsamt vorbei und verteilt Kn\u00f6llchen an jene, die schlichtweg keine andere M\u00f6glichkeit hatten, ihr Fahrzeug dort abzustellen\u201c, so Fabio. Rund um Ostern habe er deshalb innerhalb einer Woche drei Strafzettel erhalten.<\/p>\n<p>Er appelliert nun an die Stadtverwaltung Mainz, eine L\u00f6sung f\u00fcr Situation vor Ort zu finden \u2013 \u201esei es durch zus\u00e4tzliche Parkfl\u00e4chen, Ausnahmeregelungen oder eine flexiblere Handhabung der bestehenden Regeln\u201c, sagt Fabio. \u201eDenn wer hart arbeitet, sollte am Abend wenigstens ohne Sorgen parken k\u00f6nnen.\u201c<\/p>\n<p>Das sagt die Stadt<\/p>\n<p>Doch von der Stadt Mainz k\u00f6nnen sich Fabio und andere Arbeiter, denen es \u00e4hnlich ergeht, vorerst keine Hilfe erwarten. Wie die Verwaltung auf Anfrage mitteilt, habe die \u201enur Pkw\u201c-Parkregelung \u201eAm Sportfeld 7\u201c den Hintergrund, \u201edass bei einem Parken von Lkw und Transportern die Sichtverh\u00e4ltnisse vor allem beim Ausparken vor Ort sehr schlecht sind und daher die Forderung auch aus dem Wohnumfeld aufkam, das Parken nur noch f\u00fcr Pkw zuzulassen\u201c. Ausweichfl\u00e4chen h\u00e4tten bisher nicht ausfindig gemacht werden k\u00f6nnen, so die Verwaltung.<\/p>\n","protected":false},"excerpt":{"rendered":"Wer in Mainz keinen eigenen Parkplatz hat, versucht, sein Fahrzeug auf \u00f6ffentlichen Parkfl\u00e4chen abzustellen. So macht es auch&hellip;\n","protected":false},"author":2,"featured_media":256632,"comment_status":"","ping_status":"","sticky":false,"template":"","format":"standard","meta":{"footnotes":""},"categories":[1847],"tags":[3364,29,548,663,3934,30,13,2052,14,15,12,4544],"class_list":{"0":"post-256631","1":"post","2":"type-post","3":"status-publish","4":"format-standard","5":"has-post-thumbnail","7":"category-wiesbaden","8":"tag-de","9":"tag-deutschland","10":"tag-eu","11":"tag-europa","12":"tag-europe","13":"tag-germany","14":"tag-headlines","15":"tag-hessen","16":"tag-nachrichten","17":"tag-news","18":"tag-schlagzeilen","19":"tag-wiesbaden"},"share_on_mastodon":{"url":"https:\/\/pubeurope.com\/@de\/114827671911142129","error":""},"_links":{"self":[{"href":"https:\/\/www.europesays.com\/de\/wp-json\/wp\/v2\/posts\/256631","targetHints":{"allow":["GET"]}}],"collection":[{"href":"https:\/\/www.europesays.com\/de\/wp-json\/wp\/v2\/posts"}],"about":[{"href":"https:\/\/www.europesays.com\/de\/wp-json\/wp\/v2\/types\/post"}],"author":[{"embeddable":true,"href":"https:\/\/www.europesays.com\/de\/wp-json\/wp\/v2\/users\/2"}],"replies":[{"embeddable":true,"href":"https:\/\/www.europesays.com\/de\/wp-json\/wp\/v2\/comments?post=256631"}],"version-history":[{"count":0,"href":"https:\/\/www.europesays.com\/de\/wp-json\/wp\/v2\/posts\/256631\/revisions"}],"wp:featuredmedia":[{"embeddable":true,"href":"https:\/\/www.europesays.com\/de\/wp-json\/wp\/v2\/media\/256632"}],"wp:attachment":[{"href":"https:\/\/www.europesays.com\/de\/wp-json\/wp\/v2\/media?parent=256631"}],"wp:term":[{"taxonomy":"category","embeddable":true,"href":"https:\/\/www.europesays.com\/de\/wp-json\/wp\/v2\/categories?post=256631"},{"taxonomy":"post_tag","embeddable":true,"href":"https:\/\/www.europesays.com\/de\/wp-json\/wp\/v2\/tags?post=256631"}],"curies":[{"name":"wp","href":"https:\/\/api.w.org\/{rel}","templated":true}]}}