{"id":256822,"date":"2025-07-10T08:51:10","date_gmt":"2025-07-10T08:51:10","guid":{"rendered":"https:\/\/www.europesays.com\/de\/256822\/"},"modified":"2025-07-10T08:51:10","modified_gmt":"2025-07-10T08:51:10","slug":"nach-flop-saison-im-ausland-zwei-vereine-aus-deutschland-baggern-angeblich-an-einstigem-mega-talent-des-bvb","status":"publish","type":"post","link":"https:\/\/www.europesays.com\/de\/256822\/","title":{"rendered":"Nach Flop-Saison im Ausland! Zwei Vereine aus Deutschland baggern angeblich an einstigem Mega-Talent des BVB"},"content":{"rendered":"<p>Der im vergangenen Sommer beim BVB gegangene Paris Brunner hatte in Belgien eine schwere Saison. Setzt er seine Karriere nun in Deutschland fort?<\/p>\n<p>Bei Borussia Dortmund wurde Paris Brunner jahrelang als Top-Talent gehandelt, im vergangenen Sommer wechselte der mittlerweile 19-J\u00e4hrige dann zur AS Monaco. Die Franzosen liehen ihn jedoch direkt zu Cercle Br\u00fcgge nach Belgien aus, wo Brunner einen schweren Stand hatte. Kommt es nun zum n\u00e4chsten Leihgesch\u00e4ft?<\/p>\n<p><img loading=\"lazy\" decoding=\"async\" src=\"https:\/\/www.europesays.com\/de\/wp-content\/uploads\/2025\/07\/7ffcf071b1824ff7aa80479c20350243.gif\" width=\"1\" height=\"1\" alt=\"\" style=\"width:1px;height:1px\"\/><\/p>\n","protected":false},"excerpt":{"rendered":"Der im vergangenen Sommer beim BVB gegangene Paris Brunner hatte in Belgien eine schwere Saison. Setzt er seine&hellip;\n","protected":false},"author":2,"featured_media":256823,"comment_status":"","ping_status":"","sticky":false,"template":"","format":"standard","meta":{"footnotes":"","_share_on_mastodon":"0"},"categories":[2],"tags":[621,331,3924,332,3922,23965,78338,78339,78336,3364,29,8468,78340,3132,74913,347,30,13,4445,1222,14,3923,15,3921,78337,727,12,4604],"class_list":["post-256822","post","type-post","status-publish","format-standard","has-post-thumbnail","category-deutschland","tag-2-bundesliga","tag-aktuelle-nachrichten","tag-aktuelle-nachrichten-aus-deutschland","tag-aktuelle-news","tag-aktuelle-news-aus-deutschland","tag-as-monaco","tag-belgien-jupiler-league","tag-cercle-bruges","tag-cercle-bruegge","tag-de","tag-deutschland","tag-deutschland-2-bundesliga","tag-first-division-a","tag-fortuna-duesseldorf","tag-frankreich-ligue-1","tag-fussball","tag-germany","tag-headlines","tag-ligue-1","tag-monaco","tag-nachrichten","tag-nachrichten-aus-deutschland","tag-news","tag-news-aus-deutschland","tag-p-brunner","tag-paderborn","tag-schlagzeilen","tag-soccer"],"share_on_mastodon":{"url":"","error":"Validation failed: Text character limit of 500 exceeded"},"_links":{"self":[{"href":"https:\/\/www.europesays.com\/de\/wp-json\/wp\/v2\/posts\/256822","targetHints":{"allow":["GET"]}}],"collection":[{"href":"https:\/\/www.europesays.com\/de\/wp-json\/wp\/v2\/posts"}],"about":[{"href":"https:\/\/www.europesays.com\/de\/wp-json\/wp\/v2\/types\/post"}],"author":[{"embeddable":true,"href":"https:\/\/www.europesays.com\/de\/wp-json\/wp\/v2\/users\/2"}],"replies":[{"embeddable":true,"href":"https:\/\/www.europesays.com\/de\/wp-json\/wp\/v2\/comments?post=256822"}],"version-history":[{"count":0,"href":"https:\/\/www.europesays.com\/de\/wp-json\/wp\/v2\/posts\/256822\/revisions"}],"wp:featuredmedia":[{"embeddable":true,"href":"https:\/\/www.europesays.com\/de\/wp-json\/wp\/v2\/media\/256823"}],"wp:attachment":[{"href":"https:\/\/www.europesays.com\/de\/wp-json\/wp\/v2\/media?parent=256822"}],"wp:term":[{"taxonomy":"category","embeddable":true,"href":"https:\/\/www.europesays.com\/de\/wp-json\/wp\/v2\/categories?post=256822"},{"taxonomy":"post_tag","embeddable":true,"href":"https:\/\/www.europesays.com\/de\/wp-json\/wp\/v2\/tags?post=256822"}],"curies":[{"name":"wp","href":"https:\/\/api.w.org\/{rel}","templated":true}]}}