{"id":256881,"date":"2025-07-10T09:22:10","date_gmt":"2025-07-10T09:22:10","guid":{"rendered":"https:\/\/www.europesays.com\/de\/256881\/"},"modified":"2025-07-10T09:22:10","modified_gmt":"2025-07-10T09:22:10","slug":"berlin-brandenburg-kokain-in-teakholz-anklage-erhoben","status":"publish","type":"post","link":"https:\/\/www.europesays.com\/de\/256881\/","title":{"rendered":"Berlin &#038; Brandenburg: Kokain in Teakholz &#8211; Anklage erhoben"},"content":{"rendered":"<p>                    Berlin &amp; Brandenburg<br \/>\n                Kokain in Teakholz &#8211; Anklage erhoben<\/p>\n<p>\t\t\t\t              10.07.2025, 11:20 Uhr<\/p>\n<p><strong>Kokain erreicht Europa meist \u00fcber den Seeweg aus S\u00fcdamerika. In den gro\u00dfen H\u00e4fen st\u00f6\u00dft der Zoll manchmal auf erstaunliche Funde. Jetzt wurde Anklage erhoben.<\/strong><\/p>\n<p>Berlin (dpa\/bb) &#8211; Eine Bande von Drogenschmugglern soll Kokain in Balken aus Teakholz nach Deutschland gebracht haben. Die Berliner Staatsanwaltschaft hat nun Anklage gegen drei Verd\u00e4chtige erhoben. Der Vorwurf: Handel mit Bet\u00e4ubungsmitteln in nicht geringer Menge und Beihilfe, wie es in einer Mitteilung hei\u00dft.\u00a0<\/p>\n<p>Ein 50-J\u00e4hriger soll 64 Kilogramm Kokain in Costa Rica gekauft haben, das in einer Teakholzlieferung versteckt per Schiff nach Hamburg gebracht wurde. Im Dezember fand der Zoll im Hamburger Hafen das Kokain in den Balken. Der Container mit dem Holz, aber ohne die Drogen, wurde ausgeliefert, die Polizei folgte der Spur und schlug beim Ausladen in Essen zu. Bei Durchsuchungen von Wohnungen und anderen R\u00e4umen in Berlin, Bochum und Gladbeck wurden Handys und Unterlagen gefunden.<\/p>\n<p>Neuk\u00f6llner Firma hatte Holz bestellt\u00a0<\/p>\n<p>Die Holzbalken sollen im Oktober 2024 f\u00fcr eine Baufirma in Berlin-Neuk\u00f6lln bestellt worden sein. Gegen den Gesch\u00e4ftsf\u00fchrer und den Prokuristen der Firma wurde jetzt Anklage wegen Beihilfe erhoben.\u00a0<\/p>\n<p>Die drei M\u00e4nner waren am 27. Februar vorl\u00e4ufig festgenommen worden. Der 50-J\u00e4hrige befindet sich nach wie vor in Untersuchungshaft, die beiden mutma\u00dflichen Gehilfen im Alter von 51 und 59 Jahren wurden Ende Juni unter Auflagen aus der Untersuchungshaft entlassen. Der Haftbefehl besteht laut Staatsanwaltschaft weiter.<\/p>\n","protected":false},"excerpt":{"rendered":"Berlin &amp; Brandenburg Kokain in Teakholz &#8211; Anklage erhoben 10.07.2025, 11:20 Uhr Kokain erreicht Europa meist \u00fcber den&hellip;\n","protected":false},"author":2,"featured_media":256882,"comment_status":"","ping_status":"","sticky":false,"template":"","format":"standard","meta":{"footnotes":""},"categories":[1816],"tags":[1960,1958,1959,1957,1999,296,1956,1890,29,30,1346,78352],"class_list":{"0":"post-256881","1":"post","2":"type-post","3":"status-publish","4":"format-standard","5":"has-post-thumbnail","7":"category-brandenburg","8":"tag-aktuelle-nachrichten-aus-berlin-und-brandenburg","9":"tag-aktuelle-nachrichten-aus-brandenburg","10":"tag-aktuelle-news-aus-berlin-und-brandenburg","11":"tag-aktuelle-news-aus-brandenburg","12":"tag-anklage","13":"tag-berlin","14":"tag-berlin-und-brandenburg","15":"tag-brandenburg","16":"tag-deutschland","17":"tag-germany","18":"tag-kokain","19":"tag-teakholz"},"share_on_mastodon":{"url":"https:\/\/pubeurope.com\/@de\/114828210569606691","error":""},"_links":{"self":[{"href":"https:\/\/www.europesays.com\/de\/wp-json\/wp\/v2\/posts\/256881","targetHints":{"allow":["GET"]}}],"collection":[{"href":"https:\/\/www.europesays.com\/de\/wp-json\/wp\/v2\/posts"}],"about":[{"href":"https:\/\/www.europesays.com\/de\/wp-json\/wp\/v2\/types\/post"}],"author":[{"embeddable":true,"href":"https:\/\/www.europesays.com\/de\/wp-json\/wp\/v2\/users\/2"}],"replies":[{"embeddable":true,"href":"https:\/\/www.europesays.com\/de\/wp-json\/wp\/v2\/comments?post=256881"}],"version-history":[{"count":0,"href":"https:\/\/www.europesays.com\/de\/wp-json\/wp\/v2\/posts\/256881\/revisions"}],"wp:featuredmedia":[{"embeddable":true,"href":"https:\/\/www.europesays.com\/de\/wp-json\/wp\/v2\/media\/256882"}],"wp:attachment":[{"href":"https:\/\/www.europesays.com\/de\/wp-json\/wp\/v2\/media?parent=256881"}],"wp:term":[{"taxonomy":"category","embeddable":true,"href":"https:\/\/www.europesays.com\/de\/wp-json\/wp\/v2\/categories?post=256881"},{"taxonomy":"post_tag","embeddable":true,"href":"https:\/\/www.europesays.com\/de\/wp-json\/wp\/v2\/tags?post=256881"}],"curies":[{"name":"wp","href":"https:\/\/api.w.org\/{rel}","templated":true}]}}