{"id":257114,"date":"2025-07-10T11:29:10","date_gmt":"2025-07-10T11:29:10","guid":{"rendered":"https:\/\/www.europesays.com\/de\/257114\/"},"modified":"2025-07-10T11:29:10","modified_gmt":"2025-07-10T11:29:10","slug":"irregulaere-grenzuebertritte-in-die-eu-gehen-zurueck","status":"publish","type":"post","link":"https:\/\/www.europesays.com\/de\/257114\/","title":{"rendered":"Irregul\u00e4re Grenz\u00fcbertritte in die EU gehen zur\u00fcck"},"content":{"rendered":"<p class=\"tspAMht tspAMhu\">Die Zahl der registrierten illegalen Grenz\u00fcbertritte in die Europ\u00e4ische Union ist in den ersten sechs Monaten dieses Jahres um 20 Prozent im Vergleich zum Vorjahreszeitraum <a href=\"https:\/\/www.tagesspiegel.de\/internationales\/irregulare-grenzuberschritte-unerlaubte-einreisen-in-die-eu-um-20-prozent-zuruckgegangen-13837474.html?icid=in-text-link_14001932\" class=\"link link--internal\" data-gtm-class=\"article-text-link\" data-gtm-val=\"internal\" target=\"_blank\" rel=\"noopener\">zur\u00fcckgegangen<\/a>. Das geht aus vorl\u00e4ufigen Zahlen der EU-Grenzschutzbeh\u00f6rde Frontex mit Sitz in Warschau hervor.<\/p>\n<p><a href=\"https:\/\/www.tagesspiegel.de\/politik\/wir-bekommen-agyptische-zustande-pauschale-argumente-lanz-einsicht-kommt-zu-spat--die-tv-kritik-13999259.html?icid=single-topic_14001932___\" data-gtm-class=\"article-mzt-link\" class=\"tspBJk9\" target=\"_blank\" rel=\"noopener\">\u201eWir bekommen \u00e4gyptische Zust\u00e4nde\u201c Als es bei Lanz um kriminelle Migranten geht, kippt die Sendung <\/a><\/p>\n<p class=\"tspAMht\">Die st\u00e4rksten R\u00fcckg\u00e4nge seien auf der Westbalkanroute (-53 Prozent), an den \u00f6stlichen Landgrenzen (-50 Prozent) und auf der westafrikanischen Route (-41 Prozent) verzeichnet worden, teilte Frontex mit.<\/p>\n<p class=\"tspAMht\">Die verkehrsreichste Migrationsroute in die EU sei der zentrale Mittelmeerraum, auf den 39 Prozent aller illegalen Grenz\u00fcbertritte entfielen, hie\u00df es. Dort habe es in den ersten sechs Monaten dieses Jahr eine Zunahme um 12 Prozent im Vergleich zum ersten Halbjahr 2024 gegeben.<\/p>\n<p> Mehr Ausreisen nach Gro\u00dfbritannien <\/p>\n<p class=\"tspAMht\">Die am h\u00e4ufigsten berichteten Nationalit\u00e4ten bei den illegalen Grenz\u00fcbertritten seien bangladeschisch, \u00e4gyptisch und afghanisch. Deutlich zugenommen haben nach den Zahlen die irregul\u00e4ren Ausreisen nach Gro\u00dfbritannien: um 23 Prozent auf 33.215 Personen im ersten Halbjahr.<\/p>\n<p class=\"tspAMht\">Der f\u00fcr Migration zust\u00e4ndige EU-Kommissar Magnus Brunner pl\u00e4dierte daf\u00fcr, die Zusammenarbeit mit Drittstaaten weiter auszubauen. \u201eEin besonders gutes Beispiel daf\u00fcr sind unsere Partnerschaften mit den Staaten des Westbalkans\u201c, sagte der \u00d6sterreicher. <\/p>\n<p> Mehr zum Thema: <a href=\"https:\/\/www.tagesspiegel.de\/politik\/ausweitung-der-sicheren-herkunftsstaaten-union-und-spd-wollen-die-grunen-umgehen-13997384.html?icid=topic-list_14001932___\" data-gtm-class=\"article-mzt-link\" class=\"tspBJk9\" target=\"_blank\" rel=\"noopener\">Ausweitung der sicheren Herkunftsstaaten Schwarz-Rot behilft sich mit einem Trick \u2013 Gr\u00fcne wittern \u201eTrump-Methoden\u201c <\/a><a href=\"https:\/\/www.tagesspiegel.de\/internationales\/menschenrechte-in-marokko-tunesien-und-algerien-die-lage-hat-sich-teilweise-spektakular-verschlechtert-13984052.html?icid=topic-list_14001932___\" data-gtm-class=\"article-mzt-link\" class=\"tspBJk9\" target=\"_blank\" rel=\"noopener\">Abschiebungen nach Marokko, Tunesien und Algerien \u201eDie Lage hat sich teilweise spektakul\u00e4r verschlechtert\u201c <\/a><a href=\"https:\/\/www.tagesspiegel.de\/politik\/die-idee-europas-wird-hier-zerstort-polnische-grenzkontrollen--und-plotzlich-ist-wieder-2007-13982837.html?icid=topic-list_14001932___\" data-gtm-class=\"article-mzt-link\" class=\"tspBJk9\" target=\"_blank\" rel=\"noopener\">\u201eDie Idee Europas wird hier zerst\u00f6rt\u201c  Polnische Grenzkontrollen \u2013 und pl\u00f6tzlich ist wieder 2007  <\/a><\/p>\n<p class=\"tspAMht\">Aktuelle Entwicklungen \u2013 wie die besorgniserregende Lage auf dem Libyen-Kreta-Korridor \u2013 zeigten indes, dass man in diesen Bem\u00fchungen nicht nachlassen d\u00fcrfe. \u201eWir m\u00fcssen die Kontrolle dar\u00fcber haben, wer nach Europa kommen darf und wer nicht\u201c, forderte Brunner. (dpa)<\/p>\n","protected":false},"excerpt":{"rendered":"Die Zahl der registrierten illegalen Grenz\u00fcbertritte in die Europ\u00e4ische Union ist in den ersten sechs Monaten dieses Jahres&hellip;\n","protected":false},"author":2,"featured_media":257115,"comment_status":"","ping_status":"","sticky":false,"template":"","format":"standard","meta":{"footnotes":""},"categories":[3933],"tags":[331,332,548,663,158,3934,3935,30630,13,382,14,15,12],"class_list":{"0":"post-257114","1":"post","2":"type-post","3":"status-publish","4":"format-standard","5":"has-post-thumbnail","7":"category-eu","8":"tag-aktuelle-nachrichten","9":"tag-aktuelle-news","10":"tag-eu","11":"tag-europa","12":"tag-europaeische-union","13":"tag-europe","14":"tag-european-union","15":"tag-frontex","16":"tag-headlines","17":"tag-migration","18":"tag-nachrichten","19":"tag-news","20":"tag-schlagzeilen"},"share_on_mastodon":{"url":"https:\/\/pubeurope.com\/@de\/114828709942538111","error":""},"_links":{"self":[{"href":"https:\/\/www.europesays.com\/de\/wp-json\/wp\/v2\/posts\/257114","targetHints":{"allow":["GET"]}}],"collection":[{"href":"https:\/\/www.europesays.com\/de\/wp-json\/wp\/v2\/posts"}],"about":[{"href":"https:\/\/www.europesays.com\/de\/wp-json\/wp\/v2\/types\/post"}],"author":[{"embeddable":true,"href":"https:\/\/www.europesays.com\/de\/wp-json\/wp\/v2\/users\/2"}],"replies":[{"embeddable":true,"href":"https:\/\/www.europesays.com\/de\/wp-json\/wp\/v2\/comments?post=257114"}],"version-history":[{"count":0,"href":"https:\/\/www.europesays.com\/de\/wp-json\/wp\/v2\/posts\/257114\/revisions"}],"wp:featuredmedia":[{"embeddable":true,"href":"https:\/\/www.europesays.com\/de\/wp-json\/wp\/v2\/media\/257115"}],"wp:attachment":[{"href":"https:\/\/www.europesays.com\/de\/wp-json\/wp\/v2\/media?parent=257114"}],"wp:term":[{"taxonomy":"category","embeddable":true,"href":"https:\/\/www.europesays.com\/de\/wp-json\/wp\/v2\/categories?post=257114"},{"taxonomy":"post_tag","embeddable":true,"href":"https:\/\/www.europesays.com\/de\/wp-json\/wp\/v2\/tags?post=257114"}],"curies":[{"name":"wp","href":"https:\/\/api.w.org\/{rel}","templated":true}]}}