{"id":257143,"date":"2025-07-10T11:43:09","date_gmt":"2025-07-10T11:43:09","guid":{"rendered":"https:\/\/www.europesays.com\/de\/257143\/"},"modified":"2025-07-10T11:43:09","modified_gmt":"2025-07-10T11:43:09","slug":"bremen-mittagspause-wann-der-gang-zum-supermarkt-versichert-ist","status":"publish","type":"post","link":"https:\/\/www.europesays.com\/de\/257143\/","title":{"rendered":"Bremen | Mittagspause: Wann der Gang zum Supermarkt versichert ist"},"content":{"rendered":"<p class=\"bodytext\">Bremen (dpa\/tmn) &#8211; Haben wir bei der Arbeit oder auf dem Weg dahin einen Unfall, sind wir durch die gesetzliche Unfallversicherung abgesichert. Doch was ist mit der Pause?\u00a0<\/p>\n<p>Obwohl bei einer Arbeitszeit von mehr als sechs Stunden eine Pause von mindestens 30 Minuten Pflicht ist, gilt diese Zeit als privat und ist damit nicht versichert, informiert die Arbeitnehmerkammer Bremen in ihrem Magazin \u00abBAM\u00bb (Ausgabe Juli\/August 2025). In bestimmten F\u00e4llen k\u00f6nnen aber Wege, die man w\u00e4hrend der Pause zur\u00fccklegt, versichert sein.\u00a0<\/p>\n<p>Kantine, Restaurant, eigene K\u00fcche: Weg meist versichert<\/p>\n<p>Die meisten Besch\u00e4ftigten d\u00fcrften ihre Pause zum Essen nutzen &#8211; hungrig arbeitet es sich sp\u00e4ter nicht so gut weiter. Der Weg, den man zur Kantine, zu einem Restaurant oder auch in die eigene K\u00fcche zur\u00fccklegt, ist daher versichert. Die Zeit des Mittagessens selbst allerdings nicht.\u00a0<\/p>\n<p>Und: Wer sich zum Essen unverh\u00e4ltnism\u00e4\u00dfig weit vom Arbeitsort wegbewegt, verliert den Versicherungsschutz f\u00fcr den Weg.\u00a0<\/p>\n<p>Gang zum Supermarkt: Es kommt darauf an<\/p>\n<p>Shoppingtouren und Gro\u00dfeink\u00e4ufe im Supermarkt, die \u00fcber den Zweck der unmittelbaren Verpflegung hinausgehen, sind privat. Damit ist weder der Aufenthalt im Laden noch der Weg dahin versichert.\u00a0<\/p>\n<p>Geht man allerdings allein mit dem Ziel einkaufen, sich etwas zu Essen f\u00fcr die Pause oder die Arbeitszeit zu besorgen, ist der Weg zum Laden versichert.\u00a0<\/p>\n<p>Spaziergang, Arzt, Friseur: nicht versichert<\/p>\n<p>Was Sie in Ihrer Pause machen, ist Ihnen \u00fcberlassen. Spazierg\u00e4nge, einen Mittagsschlaf, Arzt- und selbst Friseurbesuche sind zul\u00e4ssig.\u00a0<\/p>\n<p>Anders als beim Essengehen l\u00e4sst sich aber in der Regel nicht rechtfertigen, dass diese Aktivit\u00e4ten zum Weiterarbeiten essenziell sind. Darum sind die Wege, die man daf\u00fcr zur\u00fccklegt, auch nicht versichert.<\/p>\n","protected":false},"excerpt":{"rendered":"Bremen (dpa\/tmn) &#8211; Haben wir bei der Arbeit oder auf dem Weg dahin einen Unfall, sind wir durch&hellip;\n","protected":false},"author":2,"featured_media":257144,"comment_status":"","ping_status":"","sticky":false,"template":"","format":"standard","meta":{"footnotes":""},"categories":[1824],"tags":[1140,630,2420,4941,3364,29,30,54924,25279,624,1009,78423,78422,625,5019,47950],"class_list":{"0":"post-257143","1":"post","2":"type-post","3":"status-publish","4":"format-standard","5":"has-post-thumbnail","7":"category-bremen","8":"tag-arbeit","9":"tag-beruf","10":"tag-bremen","11":"tag-cjab","12":"tag-de","13":"tag-deutschland","14":"tag-germany","15":"tag-mittagspause","16":"tag-pause","17":"tag-ratgeber","18":"tag-recht","19":"tag-tmn9030","20":"tag-unfallversicherung","21":"tag-verbraucher","22":"tag-versicherung","23":"tag-versicherungsschutz"},"share_on_mastodon":{"url":"https:\/\/pubeurope.com\/@de\/114828765029359748","error":""},"_links":{"self":[{"href":"https:\/\/www.europesays.com\/de\/wp-json\/wp\/v2\/posts\/257143","targetHints":{"allow":["GET"]}}],"collection":[{"href":"https:\/\/www.europesays.com\/de\/wp-json\/wp\/v2\/posts"}],"about":[{"href":"https:\/\/www.europesays.com\/de\/wp-json\/wp\/v2\/types\/post"}],"author":[{"embeddable":true,"href":"https:\/\/www.europesays.com\/de\/wp-json\/wp\/v2\/users\/2"}],"replies":[{"embeddable":true,"href":"https:\/\/www.europesays.com\/de\/wp-json\/wp\/v2\/comments?post=257143"}],"version-history":[{"count":0,"href":"https:\/\/www.europesays.com\/de\/wp-json\/wp\/v2\/posts\/257143\/revisions"}],"wp:featuredmedia":[{"embeddable":true,"href":"https:\/\/www.europesays.com\/de\/wp-json\/wp\/v2\/media\/257144"}],"wp:attachment":[{"href":"https:\/\/www.europesays.com\/de\/wp-json\/wp\/v2\/media?parent=257143"}],"wp:term":[{"taxonomy":"category","embeddable":true,"href":"https:\/\/www.europesays.com\/de\/wp-json\/wp\/v2\/categories?post=257143"},{"taxonomy":"post_tag","embeddable":true,"href":"https:\/\/www.europesays.com\/de\/wp-json\/wp\/v2\/tags?post=257143"}],"curies":[{"name":"wp","href":"https:\/\/api.w.org\/{rel}","templated":true}]}}