{"id":257292,"date":"2025-07-10T13:02:14","date_gmt":"2025-07-10T13:02:14","guid":{"rendered":"https:\/\/www.europesays.com\/de\/257292\/"},"modified":"2025-07-10T13:02:14","modified_gmt":"2025-07-10T13:02:14","slug":"dresden-stoppt-bearbeitung-von-privatanzeigen-was-steckt-dahinter","status":"publish","type":"post","link":"https:\/\/www.europesays.com\/de\/257292\/","title":{"rendered":"Dresden stoppt Bearbeitung von Privatanzeigen \u2013 was steckt dahinter?"},"content":{"rendered":"<p>Kritik von CDU <\/p>\n<p>Falschparker anzeigen? Das geht in Dresden nicht mehr<\/p>\n<p>10.07.2025 &#8211; 14:34 UhrLesedauer: 1 Min.<\/p>\n<p><a href=\"#focus-0\" class=\"transition-colors duration-200 focus-within:text-magenta block text-current relative\" data-sctrack=\"FocusGalleryImage.Reference\"><img fetchpriority=\"high\" data-testid=\"Opener.Image\" style=\"--lqipURL:url('https:\/\/images.t-online.de\/2025\/04\/ndfmBi-hxWpD\/0x209:4000x2250\/fit-in\/150x0\/filters:blur(25)\/knoellchen-an-einem-auto-symbolbild-es-handelt-sich-doch-nicht-um-betrug.jpg')\"   loading=\"eager\" src=\"https:\/\/www.europesays.com\/de\/wp-content\/uploads\/2025\/07\/knoellchen-an-einem-auto-symbolbild-es-handelt-sich-doch-nicht-um-betrug.jpg\" alt=\"Kn\u00f6llchen an einem Auto (Symbolbild): Es handelt sich doch nicht um Betrug.\" title=\"Kn\u00f6llchen an einem Auto (Symbolbild): Es handelt sich doch nicht um Betrug.\" width=\"4000\" height=\"2250\" class=\"bg-[url:var(--lqipURL)] bg-cover bg-center flex h-full w-full max-w-full\" decoding=\"async\"\/><img style=\"--width:32;--height:32\" loading=\"lazy\" src=\"https:\/\/www.t-online.de\/s\/paper\/_next\/static\/media\/zoom-in.f7dae02f.svg\" alt=\"Vergr\u00f6\u00dfern des Bildes\" title=\"Vergr\u00f6\u00dfern des Bildes\" class=\"block h-[calc(var(--height)_\/_16_*_1rem)] w-[calc(var(--width)_\/_16_*_1rem)] max-w-none absolute bottom-8 right-8 rounded-4 bg-snow p-8\" decoding=\"async\"\/><\/a><\/p>\n<p>Kn\u00f6llchen an einem Auto (Symbolbild): Die Beh\u00f6rde begr\u00fcndet den Schritt mit aktuem Personalmangel. (Quelle: IMAGO\/Michael Bihlmayer)<\/p>\n<p class=\"font-bold text-18 leading-17\">Die Dresdner Bu\u00dfgeldbeh\u00f6rde nimmt aktuell keine Anzeigen von B\u00fcrgern mehr an. Falschparker k\u00f6nnen derzeit nicht mehr gemeldet werden. Daran gibt es Kritik.<\/p>\n<p class=\"text-18 leading-17\">Die Bu\u00dfgeldbeh\u00f6rde der Stadt <a class=\"transition-colors duration-200 cursor-pointer text-inherit no-underline text-salemsfur md:hover:text-magenta md:hover:border-magenta md:focus:text-magenta border-current border-b border-solid break-words\" href=\"https:\/\/www.t-online.de\/region\/dresden\/\" data-sctrack=\"BodyAnchor\" target=\"_blank\" rel=\"noopener\">Dresden<\/a> hat die Bearbeitung von Privatanzeigen wegen Personalmangels eingestellt. Auf dem offiziellen Internetauftritt der Stadt bittet die Beh\u00f6rde die B\u00fcrger, von der Einreichung von Anzeigen zu Verkehrsordnungswidrigkeiten abzusehen. Weder sei eine Bearbeitung aktuell m\u00f6glich, noch w\u00fcrden eingereichte Anzeigen nachtr\u00e4glich gepr\u00fcft.<\/p>\n<p class=\"text-18 leading-17\">Betroffen sind unter anderem Anzeigen gegen Falschparker in Grundst\u00fcckseinfahrten oder auf Behindertenparkpl\u00e4tzen. Die Beh\u00f6rde begr\u00fcndet diesen Schritt mit akutem Personalmangel, der eine ordnungsgem\u00e4\u00dfe Bearbeitung unm\u00f6glich mache.<\/p>\n<p class=\"text-18 leading-17\">Die CDU-Fraktion im Dresdner Stadtrat kritisierte dieses Vorgehen als nicht hinnehmbar. Der Staat d\u00fcrfe sich nicht aus der Pflicht ziehen, wenn es um die Durchsetzung von Recht und Ordnung gehe, erkl\u00e4rte Stadtrat Steffen Kaden.<\/p>\n<p class=\"text-18 leading-17\">Die Fraktion schickte einen Fragenkatalog an den Dresdner Oberb\u00fcrgermeister. Dirk Hilbert (FDP) solle Auskunft geben, wie die Personalsituation in der Bu\u00dfgeldbeh\u00f6rde sei und welche rechtlichen Grundlagen die Bearbeitungssperre habe.<\/p>\n<p class=\"text-18 leading-17\">Das Vorgehen der Bu\u00dfgeldbeh\u00f6rde versto\u00dfe nicht nur gegen das Gerechtigkeitsempfinden vieler Menschen, sondern untergrabe auch die Glaubw\u00fcrdigkeit st\u00e4dtischer Ordnungspolitik, kritisierte die <a class=\"transition-colors duration-200 cursor-pointer text-inherit no-underline text-salemsfur md:hover:text-magenta md:hover:border-magenta md:focus:text-magenta border-current border-b border-solid break-words\" href=\"https:\/\/www.t-online.de\/themen\/cdu\/\" data-sctrack=\"BodyAnchor\" target=\"_blank\" rel=\"noopener\">CDU<\/a>.<\/p>\n","protected":false},"excerpt":{"rendered":"Kritik von CDU Falschparker anzeigen? Das geht in Dresden nicht mehr 10.07.2025 &#8211; 14:34 UhrLesedauer: 1 Min. Kn\u00f6llchen&hellip;\n","protected":false},"author":2,"featured_media":257293,"comment_status":"","ping_status":"","sticky":false,"template":"","format":"standard","meta":{"footnotes":""},"categories":[1835],"tags":[722,17161,7237,513,78469,31,3364,29,2386,30,26569,9946,859],"class_list":{"0":"post-257292","1":"post","2":"type-post","3":"status-publish","4":"format-standard","5":"has-post-thumbnail","7":"category-dresden","8":"tag-722","9":"tag-17161","10":"tag-anzeige","11":"tag-auto","12":"tag-bussgeldbehoerde","13":"tag-cdu","14":"tag-de","15":"tag-deutschland","16":"tag-dresden","17":"tag-germany","18":"tag-knoellchen","19":"tag-personalmangel","20":"tag-sachsen"},"share_on_mastodon":{"url":"https:\/\/pubeurope.com\/@de\/114829075931863264","error":""},"_links":{"self":[{"href":"https:\/\/www.europesays.com\/de\/wp-json\/wp\/v2\/posts\/257292","targetHints":{"allow":["GET"]}}],"collection":[{"href":"https:\/\/www.europesays.com\/de\/wp-json\/wp\/v2\/posts"}],"about":[{"href":"https:\/\/www.europesays.com\/de\/wp-json\/wp\/v2\/types\/post"}],"author":[{"embeddable":true,"href":"https:\/\/www.europesays.com\/de\/wp-json\/wp\/v2\/users\/2"}],"replies":[{"embeddable":true,"href":"https:\/\/www.europesays.com\/de\/wp-json\/wp\/v2\/comments?post=257292"}],"version-history":[{"count":0,"href":"https:\/\/www.europesays.com\/de\/wp-json\/wp\/v2\/posts\/257292\/revisions"}],"wp:featuredmedia":[{"embeddable":true,"href":"https:\/\/www.europesays.com\/de\/wp-json\/wp\/v2\/media\/257293"}],"wp:attachment":[{"href":"https:\/\/www.europesays.com\/de\/wp-json\/wp\/v2\/media?parent=257292"}],"wp:term":[{"taxonomy":"category","embeddable":true,"href":"https:\/\/www.europesays.com\/de\/wp-json\/wp\/v2\/categories?post=257292"},{"taxonomy":"post_tag","embeddable":true,"href":"https:\/\/www.europesays.com\/de\/wp-json\/wp\/v2\/tags?post=257292"}],"curies":[{"name":"wp","href":"https:\/\/api.w.org\/{rel}","templated":true}]}}