{"id":257305,"date":"2025-07-10T13:09:14","date_gmt":"2025-07-10T13:09:14","guid":{"rendered":"https:\/\/www.europesays.com\/de\/257305\/"},"modified":"2025-07-10T13:09:14","modified_gmt":"2025-07-10T13:09:14","slug":"180-waermewende-leipzig-fordert-die-stilllegung-von-bischofferode-und-piesteritz-%c2%b7-leipziger-zeitung","status":"publish","type":"post","link":"https:\/\/www.europesays.com\/de\/257305\/","title":{"rendered":"\u201e180\u00b0 W\u00e4rmewende Leipzig\u201c fordert die Stilllegung von Bischofferode und Piesteritz \u00b7 Leipziger Zeitung"},"content":{"rendered":"<p>Die Antwort auf eine Anfrage der Gr\u00fcnen im j\u00fcngsten Leipziger Stadtrat vom 25. Juni best\u00e4tigt, was die Aktiven der Kampagne \u201e180\u00b0 W\u00e4rmewende Leipzig\u201c und andere Umweltorganisationen schon lange vermuten: Die beiden Holzkraftwerke der Stadtwerke Leipzig (SWL) in Bischofferode (Th\u00fcringen) und Piesteritz (Sachsen-Anhalt) sind weder relevant f\u00fcr die Versorgungssicherheit mit Strom, noch sp\u00fclen sie viel Geld in die Kassen der Stadtwerke \u2013 und das, obwohl sie seit \u00fcber 20 Jahren \u00fcber das EEG (Erneuerbare Energien-Gesetz) subventioniert werden.<\/p>\n<p>Die Umweltgruppen fordern nun, dass die sinnlose Verbrennung von \u00fcber 250.000 Tonnen Waldholz pro Jahr in den beiden Kraftwerken sofort eingestellt werden muss.\u00a0<img decoding=\"async\" src=\"https:\/\/www.europesays.com\/de\/wp-content\/uploads\/2025\/07\/2d82e01c65194b259ee3e32f8e11b279.gif\" alt=\"\" width=\"https:\/\/www.l-iz.de\/wirtschaft\/wirtschaft-leipzig\/2025\/07\/1\" height=\"https:\/\/www.l-iz.de\/wirtschaft\/wirtschaft-leipzig\/2025\/07\/1\"\/><\/p>\n<p>Ida Nihus von der Kampagne <a href=\"https:\/\/waermewendeleipzig.noblogs.org\/\" target=\"_blank\" rel=\"noopener nofollow\">\u201e180\u00b0 W\u00e4rmewende Leipzig<\/a>\u201c erkl\u00e4rt dazu: \u201eW\u00e4lder sind unsere wichtigsten Verb\u00fcndeten im Klimaschutz. Sie zu verbrennen, ist verantwortungslos. Die Antwort der Leipziger Stadtverwaltung macht deutlich, dass sich die Holzverbrennung in den Kraftwerken trotz Subventionen kaum lohnt. Es wird also nicht nur Wald, sondern auch Steuergeld und unsere Zukunft verbrannt. Wir fordern eine sofortige Stilllegung der beiden Kraftwerke.\u201c<\/p>\n<p>Und Emmi Ahrbeck betont: \u201eDie kommunalen Leipziger Stadtwerke m\u00fcssen jetzt die Rei\u00dfleine ziehen. In den n\u00e4chsten Jahren werden die Kraftwerke immer weniger rentabel und w\u00e4hrenddessen wird st\u00e4ndig CO\u2082 freigesetzt, welches im Holz gebunden bleiben sollte. Das ist eine Katastrophe f\u00fcr unser Klima. Strom l\u00e4sst sich klimafreundlich mit Solar- und Windenergieanlagen produzieren und dabei wird kein knapper Brennstoff ben\u00f6tigt. Die LSW sollte in solche Anlagen sowie verbrennungsfreie W\u00e4rmetechnologien investieren. Das wird sich auch finanziell auszahlen.\u201c<\/p>\n<p><a href=\"https:\/\/www.europesays.com\/de\/wp-content\/uploads\/2025\/07\/Holzlagerplatz-Lindeneller.jpg\"><img loading=\"lazy\" decoding=\"async\" class=\"wp-image-629077 size-full\" src=\"https:\/\/www.europesays.com\/de\/wp-content\/uploads\/2025\/07\/Holzlagerplatz-Lindeneller.jpg\" alt=\"Der Holzlagerplatz Lindeneller  beim Biomassekraftwerk Bischofferode. Foto: Jana Ballenthien\/ROBIN WOOD\" width=\"2250\" height=\"1500\"  \/><\/a>Der Holzlagerplatz Lindeneller beim Biomassekraftwerk Bischofferode. Foto: Jana Ballenthien\/ROBIN WOOD<br \/>\nOhne Subvention nicht rentabel<\/p>\n<p>Die beiden Holzkraftwerke der SWL sind als \u00fcberregionale Negativbeispiele f\u00fcr Holzverbrennung bereits mehrfach in die Schlagzeilen geraten. Ein <a href=\"http:\/\/www1.wdr.de\/daserste\/monitor\/videos\/video-wald-in-der-klimakrise-verbrennen-statt-schuetzen-100.html\" target=\"_blank\" rel=\"noopener nofollow\">Beitrag des WDR-Magazins \u201eMonitor<\/a>\u201c\u00a0berichtete im Jahr 2023 und zeigte die auch gut f\u00fcr Holzprodukte geeigneten Baumst\u00e4mme auf dem Kraftwerksgel\u00e4nde.<a href=\"http:\/\/www.robinwood.de\/sites\/default\/files\/20230903_Recherchebericht_Pelletwerke_Holzkraftwerke_.pdf\" target=\"_blank\" rel=\"noopener nofollow\"> Auch ROBIN WOOD hatte 2023 in einem Report kritisiert<\/a>, dass an beiden Standorten Holz verbrannt wird, das sich ohne Weiteres f\u00fcr die stoffliche Nutzung eignen w\u00fcrde.<\/p>\n<p>Dies ist insbesondere aufgrund des steigenden Holzbedarfs in anderen Industrien und der daraus resultierenden Rohstoffknappheit bedeutend. Eine kaskadische Nutzung von Holz in einer Kreislaufwirtschaft wird in Zukunft immer wichtiger. <a href=\"http:\/\/www.greenpeace.de\/biodiversitaet\/waelder\/waelder-deutschland\/scheiterhaufen-energiekrise\" target=\"_blank\" rel=\"noopener nofollow\">Bereits 2022 hatte Greenpeace nachgewiesen<\/a>, dass auch St\u00e4mme aus FFH-Gebieten in Bischofferode verbrannt werden. Dies ist zwar nicht illegal, jedoch sollten gerade in Schutzgebieten Totholz und B\u00e4ume mit Spalten oder H\u00f6hlen im Wald verbleiben, um die Artenvielfalt zu erh\u00f6hen.<\/p>\n<p>Auf die<a href=\"http:\/\/www.l-iz.de\/wirtschaft\/wirtschaft-leipzig\/2025\/07\/ohne-forderung-nicht-rentabel-stadtwerke-piesteritz-bischofferode-holz-verbrennen-628387\" target=\"_blank\" rel=\"noopener nofollow\"> Anfrage der Gr\u00fcnen im Leipziger Stadtrat<\/a> antwortete die Verwaltung unter anderem mit der Aussage: \u201eVor diesem Hintergrund ist der wirtschaftliche Weiterbetrieb der Anlagen derzeit mit Risiken behaftet und wird fortlaufend \u00fcberpr\u00fcft.\u201c Und: \u201eDie Notwendigkeit der Kraftwerke f\u00fcr die gesicherte Stromerzeugung kann daher nur der zust\u00e4ndige Netzbetreiber beantworten, angesichts der Leistungskenndaten von 18 MW je Anlage d\u00fcrften die Anlagen nicht systemrelevant sein.\u201c<\/p>\n<p>Im <a href=\"http:\/\/www.l-iz.de\/wirtschaft\/wirtschaft-leipzig\/2025\/07\/energiemarkt-beruhigt-sich-stadtwerke-schaffen-auch-2024-ein-ergebnis-von-ueber-100-millionen-euro-628971\" rel=\"nofollow noopener\" target=\"_blank\">Gesch\u00e4ftsbericht f\u00fcr das Jahr 2024<\/a> teilten die Stadtwerke sogar mit, dass beide Biomassekraftwerke zeitweilig f\u00fcr die Stromproduktion \u00fcberhaupt nicht zur Verf\u00fcgung standen, sodass der Strom zus\u00e4tzlich mit Kraftwerken in Leipzig produziert werden musste. Die Anfrage der Gr\u00fcnen machte aber auch deutlich, dass sich beide Kraftwerke ohne EEG-Umlage nicht (mehr) rechnen w\u00fcrden. Den Bau eines weiteren Biomassekraftwerks in Kulkwitz haben die Stadtwerke Leipzig schon seit l\u00e4ngerem auf Eis gelegt.<\/p>\n","protected":false},"excerpt":{"rendered":"Die Antwort auf eine Anfrage der Gr\u00fcnen im j\u00fcngsten Leipziger Stadtrat vom 25. Juni best\u00e4tigt, was die Aktiven&hellip;\n","protected":false},"author":2,"featured_media":257306,"comment_status":"","ping_status":"","sticky":false,"template":"","format":"standard","meta":{"footnotes":""},"categories":[1832],"tags":[73822,3364,29,30,71,859,9430,2171],"class_list":{"0":"post-257305","1":"post","2":"type-post","3":"status-publish","4":"format-standard","5":"has-post-thumbnail","7":"category-leipzig","8":"tag-biomassekraftwerk","9":"tag-de","10":"tag-deutschland","11":"tag-germany","12":"tag-leipzig","13":"tag-sachsen","14":"tag-stadtwerke-leipzig","15":"tag-waermewende"},"share_on_mastodon":{"url":"https:\/\/pubeurope.com\/@de\/114829103460101551","error":""},"_links":{"self":[{"href":"https:\/\/www.europesays.com\/de\/wp-json\/wp\/v2\/posts\/257305","targetHints":{"allow":["GET"]}}],"collection":[{"href":"https:\/\/www.europesays.com\/de\/wp-json\/wp\/v2\/posts"}],"about":[{"href":"https:\/\/www.europesays.com\/de\/wp-json\/wp\/v2\/types\/post"}],"author":[{"embeddable":true,"href":"https:\/\/www.europesays.com\/de\/wp-json\/wp\/v2\/users\/2"}],"replies":[{"embeddable":true,"href":"https:\/\/www.europesays.com\/de\/wp-json\/wp\/v2\/comments?post=257305"}],"version-history":[{"count":0,"href":"https:\/\/www.europesays.com\/de\/wp-json\/wp\/v2\/posts\/257305\/revisions"}],"wp:featuredmedia":[{"embeddable":true,"href":"https:\/\/www.europesays.com\/de\/wp-json\/wp\/v2\/media\/257306"}],"wp:attachment":[{"href":"https:\/\/www.europesays.com\/de\/wp-json\/wp\/v2\/media?parent=257305"}],"wp:term":[{"taxonomy":"category","embeddable":true,"href":"https:\/\/www.europesays.com\/de\/wp-json\/wp\/v2\/categories?post=257305"},{"taxonomy":"post_tag","embeddable":true,"href":"https:\/\/www.europesays.com\/de\/wp-json\/wp\/v2\/tags?post=257305"}],"curies":[{"name":"wp","href":"https:\/\/api.w.org\/{rel}","templated":true}]}}