{"id":257427,"date":"2025-07-10T14:15:15","date_gmt":"2025-07-10T14:15:15","guid":{"rendered":"https:\/\/www.europesays.com\/de\/257427\/"},"modified":"2025-07-10T14:15:15","modified_gmt":"2025-07-10T14:15:15","slug":"afd-bezirk-duesseldorf-trifft-sich-in-duisburg-zum-parteitag","status":"publish","type":"post","link":"https:\/\/www.europesays.com\/de\/257427\/","title":{"rendered":"AfD-Bezirk D\u00fcsseldorf trifft sich in Duisburg zum Parteitag"},"content":{"rendered":"<p class=\"text_ohne_einzug richtext text-em-55 !leading-serif mx-6 desktop:mx-0\">Mehrere Parteien und zivilgesellschaftliche Gruppen haben f\u00fcr das Wochenende in Duisburg Demonstrationen gegen die AfD angek\u00fcndigt. Nach Informationen unserer Redaktion wird die in Teilen rechtsextreme Partei am Sonntag ihren Parteitag des Bezirks D\u00fcsseldorf in Homberg ausrichten. Schauplatz ist demnach die Gl\u00fcckauf-Halle. Ein Sprecher der Partei best\u00e4tigte den Termin, den Ort wolle man allerdings geheim halten, hei\u00dft es.<\/p>\n","protected":false},"excerpt":{"rendered":"Mehrere Parteien und zivilgesellschaftliche Gruppen haben f\u00fcr das Wochenende in Duisburg Demonstrationen gegen die AfD angek\u00fcndigt. Nach Informationen&hellip;\n","protected":false},"author":2,"featured_media":257428,"comment_status":"","ping_status":"","sticky":false,"template":"","format":"standard","meta":{"footnotes":""},"categories":[1838],"tags":[186,78517,3364,710,29,3715,30,1209,2403,419],"class_list":{"0":"post-257427","1":"post","2":"type-post","3":"status-publish","4":"format-standard","5":"has-post-thumbnail","7":"category-duisburg","8":"tag-afd","9":"tag-bezirksparteitag","10":"tag-de","11":"tag-demonstrationen","12":"tag-deutschland","13":"tag-duisburg","14":"tag-germany","15":"tag-nordrhein-westfalen","16":"tag-partei","17":"tag-verfassungsschutz"},"share_on_mastodon":{"url":"https:\/\/pubeurope.com\/@de\/114829362803377363","error":""},"_links":{"self":[{"href":"https:\/\/www.europesays.com\/de\/wp-json\/wp\/v2\/posts\/257427","targetHints":{"allow":["GET"]}}],"collection":[{"href":"https:\/\/www.europesays.com\/de\/wp-json\/wp\/v2\/posts"}],"about":[{"href":"https:\/\/www.europesays.com\/de\/wp-json\/wp\/v2\/types\/post"}],"author":[{"embeddable":true,"href":"https:\/\/www.europesays.com\/de\/wp-json\/wp\/v2\/users\/2"}],"replies":[{"embeddable":true,"href":"https:\/\/www.europesays.com\/de\/wp-json\/wp\/v2\/comments?post=257427"}],"version-history":[{"count":0,"href":"https:\/\/www.europesays.com\/de\/wp-json\/wp\/v2\/posts\/257427\/revisions"}],"wp:featuredmedia":[{"embeddable":true,"href":"https:\/\/www.europesays.com\/de\/wp-json\/wp\/v2\/media\/257428"}],"wp:attachment":[{"href":"https:\/\/www.europesays.com\/de\/wp-json\/wp\/v2\/media?parent=257427"}],"wp:term":[{"taxonomy":"category","embeddable":true,"href":"https:\/\/www.europesays.com\/de\/wp-json\/wp\/v2\/categories?post=257427"},{"taxonomy":"post_tag","embeddable":true,"href":"https:\/\/www.europesays.com\/de\/wp-json\/wp\/v2\/tags?post=257427"}],"curies":[{"name":"wp","href":"https:\/\/api.w.org\/{rel}","templated":true}]}}