{"id":257493,"date":"2025-07-10T14:49:11","date_gmt":"2025-07-10T14:49:11","guid":{"rendered":"https:\/\/www.europesays.com\/de\/257493\/"},"modified":"2025-07-10T14:49:11","modified_gmt":"2025-07-10T14:49:11","slug":"alexia-von-griechenland-die-prinzessin-wird-60-jahre-alt","status":"publish","type":"post","link":"https:\/\/www.europesays.com\/de\/257493\/","title":{"rendered":"Alexia von Griechenland: Die Prinzessin wird 60 Jahre alt"},"content":{"rendered":"<p>Catherine, Amalia, Letizia + Co.<br \/>\nDer beeindruckende Beautywandel der Royals<\/p>\n<p>\nDie Mitglieder k\u00f6niglicher Familien begleiten uns oft viele Jahre, und in diesen ver\u00e4ndern sie sich und ihre Beauty- und Stylinglooks wie bei jedem und jeder anderen auch. Wie Kate Middleton zu Catherine, Princess of Wales wurde, aus der Moderatorin Letizia Ortiz Spaniens K\u00f6nigin, oder wie sich Madeleine vom Nesth\u00e4kchen zur gesch\u00e4ftigen Prinzessin wandelte, unsere liebsten Royals haben sich mit der Zeit ganz sch\u00f6n ver\u00e4ndert. Wie genau zeigt GALA Ihnen hier in der Bilderstrecke.\n<\/p>\n<p>Vorheriges Bild<br \/>\nN\u00e4chstes Bild<\/p>\n<p><img class=\"image group-gallery__img\"   src=\"https:\/\/www.europesays.com\/de\/wp-content\/uploads\/2025\/07\/alexia-von-griechenland-1.jpg\" alt=\"Prinzessin Alexia von Griechenland im Jahr 2014\" decoding=\"async\" fetchpriority=\"high\" loading=\"eager\"\/><br \/>\n<a href=\"https:\/\/image.gala.de\/24415662\/t\/BC\/v8\/w2048\/r0.6667\/-\/alexia-von-griechenland-1.jpg#Teresa%20%2F%20Dana%20Press\" class=\"image__magnifier\" aria-label=\"Vergr\u00f6\u00dfern\" rel=\"nofollow noopener\" target=\"_blank\"><\/p>\n<p>September 2014\n<\/p>\n<p> Alexia von Griechenland posiert gemeinsam mit ihrem Partner Carlos Morales am Yacht Club in Athen in schicker Abendgarderobe. F\u00fcr die goldene Hochzeit von Ex-K\u00f6nig Konstantin und Ex-K\u00f6nigin Anne-Marie hat sie sich die damals 49-J\u00e4hrige in Schale geworfen und strahlt braun gebrannt in einem silbernen Kleid. Um ihre Taille hat sie ein auff\u00e4lliges, pinkes Tuch gebunden. Ob sie das elf Jahre sp\u00e4ter noch genauso tragen w\u00fcrde? Mehr<\/p>\n<p>#Themen<\/p>\n","protected":false},"excerpt":{"rendered":"Catherine, Amalia, Letizia + Co. Der beeindruckende Beautywandel der Royals Die Mitglieder k\u00f6niglicher Familien begleiten uns oft viele&hellip;\n","protected":false},"author":2,"featured_media":257494,"comment_status":"","ping_status":"","sticky":false,"template":"","format":"standard","meta":{"footnotes":""},"categories":[1776],"tags":[1801,29,214,30,1802,215],"class_list":{"0":"post-257493","1":"post","2":"type-post","3":"status-publish","4":"format-standard","5":"has-post-thumbnail","7":"category-prominente","8":"tag-celebrities","9":"tag-deutschland","10":"tag-entertainment","11":"tag-germany","12":"tag-prominente","13":"tag-unterhaltung"},"share_on_mastodon":{"url":"https:\/\/pubeurope.com\/@de\/114829496357477845","error":""},"_links":{"self":[{"href":"https:\/\/www.europesays.com\/de\/wp-json\/wp\/v2\/posts\/257493","targetHints":{"allow":["GET"]}}],"collection":[{"href":"https:\/\/www.europesays.com\/de\/wp-json\/wp\/v2\/posts"}],"about":[{"href":"https:\/\/www.europesays.com\/de\/wp-json\/wp\/v2\/types\/post"}],"author":[{"embeddable":true,"href":"https:\/\/www.europesays.com\/de\/wp-json\/wp\/v2\/users\/2"}],"replies":[{"embeddable":true,"href":"https:\/\/www.europesays.com\/de\/wp-json\/wp\/v2\/comments?post=257493"}],"version-history":[{"count":0,"href":"https:\/\/www.europesays.com\/de\/wp-json\/wp\/v2\/posts\/257493\/revisions"}],"wp:featuredmedia":[{"embeddable":true,"href":"https:\/\/www.europesays.com\/de\/wp-json\/wp\/v2\/media\/257494"}],"wp:attachment":[{"href":"https:\/\/www.europesays.com\/de\/wp-json\/wp\/v2\/media?parent=257493"}],"wp:term":[{"taxonomy":"category","embeddable":true,"href":"https:\/\/www.europesays.com\/de\/wp-json\/wp\/v2\/categories?post=257493"},{"taxonomy":"post_tag","embeddable":true,"href":"https:\/\/www.europesays.com\/de\/wp-json\/wp\/v2\/tags?post=257493"}],"curies":[{"name":"wp","href":"https:\/\/api.w.org\/{rel}","templated":true}]}}