{"id":257509,"date":"2025-07-10T14:59:09","date_gmt":"2025-07-10T14:59:09","guid":{"rendered":"https:\/\/www.europesays.com\/de\/257509\/"},"modified":"2025-07-10T14:59:09","modified_gmt":"2025-07-10T14:59:09","slug":"samsung-tri-fold-smartphone-soll-noch-dieses-jahr-auf-den-markt-kommen","status":"publish","type":"post","link":"https:\/\/www.europesays.com\/de\/257509\/","title":{"rendered":"Samsung: Tri-Fold-Smartphone soll &#8222;noch dieses Jahr&#8220; auf den Markt kommen"},"content":{"rendered":"<p>Samsung hatte schon im Zuge des Galaxy-S25-Events Anfang des Jahres ein Foldable mit drei Bildschirmen und zweifacher Faltung angeteasert. Nun wurde davon ausgegangen, dass der Konzern es als eine Art &#8222;One more thing&#8220; am Ende der Vorstellung des Galaxy-Unpacked-Events am 9. Juli nach dem Galaxy Z Fold 7 pr\u00e4sentiert. Daraus wurde nichts, stattdessen versprach TM Roh gegen\u00fcber der Korea Times, dass es bis Ende des Jahres erscheinen k\u00f6nne.<\/p>\n<p>Man fragt sich, ob es eine Nachfrage f\u00fcr diesen Formfaktor gibt<\/p>\n<p><a href=\"https:\/\/www.koreatimes.co.kr\/business\/tech-science\/20250710\/samsung-seeks-to-roll-out-tri-fold-phone-by-year-end-head-of-smartphone-business-says\" rel=\"external noopener\" target=\"_blank\">Er sagte<\/a>: &#8222;Wir arbeiten intensiv an einem dreifach faltbaren Smartphone, mit dem Ziel, es Ende dieses Jahres auf den Markt zu bringen.&#8220; &#8222;Wir konzentrieren uns auf die Perfektionierung des Produkts und seine Benutzerfreundlichkeit, aber wir haben noch nicht \u00fcber seinen Namen entschieden&#8220;, erg\u00e4nzte TM Roh. Man werde bez\u00fcglich des Namens bald eine &#8222;endg\u00fcltige Entscheidung treffen&#8220;. Bislang macht das Ger\u00e4t inoffiziell als &#8222;Galaxy G Fold&#8220; die Runde.<\/p>\n<p>TM Roh war nicht der einzige Samsung-Manager, der am Rande des Unpacked-Events bereit war, \u00fcber das dreifach faltbare Ger\u00e4t zu sprechen. Gegen\u00fcber <a href=\"https:\/\/www.androidauthority.com\/samsung-tri-fold-triple-screen-foldable-details-3574317\/\" target=\"_blank\" rel=\"noopener\">Android Authority<\/a> sagte ein namentlich nicht genannter regionaler Samsung-Manager, dass das Tri-Fold produktionsbereit sei. Der Hersteller sei sich aber unsicher, ob die Welt ein solches Produkt brauche. Man frage sich, ob es wirklich eine Nachfrage f\u00fcr diesen Formfaktor gebe.<\/p>\n<p>&#8222;Galaxy G Fold&#8220; angeblich zun\u00e4chst nur in China und Korea<\/p>\n<p>Einem Bericht aus S\u00fcdkorea von voriger Woche zufolge soll das &#8222;Galaxy G Fold&#8220; im Laufe des Septembers in Produktion gehen und zun\u00e4chst nur in wenigen M\u00e4rkten verf\u00fcgbar sein. Im vierten Quartal soll es lediglich in China und Korea auf den Markt kommen. Diese beiden M\u00e4rkte k\u00f6nnte Samsung als Testballon nutzen, um das Verbraucher-Interesse zu messen, bevor es auf weiteren M\u00e4rkten angeboten werden k\u00f6nnte. F\u00fcr den chinesischen Markt w\u00e4re es bereits das zweite Tri-Fold-Ger\u00e4t, denn dort bietet Huawei schon sein <a href=\"https:\/\/www.heise.de\/news\/Huawei-Mate-XT-Das-Doppel-Foldable-ausprobiert-9939970.html\" target=\"_blank\" rel=\"noopener\">Mate XT<\/a> an.<\/p>\n<p>Hinsichtlich der Hardware soll Samsungs Dreifaltger\u00e4t einen 10-Zoll-OLED-Bildschirm besitzen, der durch zwei Scharniere auf ein Drittel seiner Gr\u00f6\u00dfe zusammengefaltet werden kann, damit es in der Hosentasche Platz findet. Als Prozessor kommt angeblich Qualcomms Snapdragon-8-Elite-SoC zum Einsatz. Bei den Kameras orientiert sich Samsung am <a href=\"https:\/\/www.heise.de\/news\/Galaxy-Z-Fold7-Flip7-und-Flip7-FE-Samsung-macht-die-Foldables-platt-10479615.html\" target=\"_blank\" rel=\"noopener\">Galaxy Z Fold 7<\/a>: Es soll eine 200-MP-Hauptkamera, eine 12-MP-Ultraweitwinkel- und eine 10-MP-Telezoomkamera mit dreifachem optischem Zoom sowie eine 10-M-Selfie-Kamera an Bord haben.<\/p>\n<p>\u00c4hnlich wie das Modell von Huawei soll das &#8222;Galaxy G Fold&#8220; nicht sonderlich g\u00fcnstig sein. Derzeit macht ein Preis von vier Millionen Won \u2013 umgerechnet rund 2400 Euro \u2013 die Runde. Damit d\u00fcrfte eine potenzielle K\u00e4uferschicht relativ klein ausfallen.<\/p>\n<p>(<a class=\"redakteurskuerzel__link\" href=\"https:\/\/www.heise.de\/news\/mailto:afl@heise.de\" title=\"Andreas Floemer\" target=\"_blank\" rel=\"noopener\">afl<\/a>)<\/p>\n<p>\n      Dieser Link ist leider nicht mehr g\u00fcltig.\n    <\/p>\n<p>Links zu verschenkten Artikeln werden ung\u00fcltig,<br \/>\n      wenn diese \u00e4lter als 7\u00a0Tage sind oder zu oft aufgerufen wurden.\n    <\/p>\n<p><strong>Sie ben\u00f6tigen ein heise+ Paket, um diesen Artikel zu lesen. Jetzt eine Woche unverbindlich testen \u2013 ohne Verpflichtung!<\/strong><\/p>\n","protected":false},"excerpt":{"rendered":"Samsung hatte schon im Zuge des Galaxy-S25-Events Anfang des Jahres ein Foldable mit drei Bildschirmen und zweifacher Faltung&hellip;\n","protected":false},"author":2,"featured_media":257510,"comment_status":"","ping_status":"","sticky":false,"template":"","format":"standard","meta":{"footnotes":""},"categories":[135],"tags":[29,30,1273,363,5357,190,189,769,194,191,193,192],"class_list":{"0":"post-257509","1":"post","2":"type-post","3":"status-publish","4":"format-standard","5":"has-post-thumbnail","7":"category-wissenschaft-technik","8":"tag-deutschland","9":"tag-germany","10":"tag-mobiles","11":"tag-samsung","12":"tag-samsung-galaxy","13":"tag-science","14":"tag-science-technology","15":"tag-smartphone","16":"tag-technik","17":"tag-technology","18":"tag-wissenschaft","19":"tag-wissenschaft-technik"},"share_on_mastodon":{"url":"https:\/\/pubeurope.com\/@de\/114829535759076359","error":""},"_links":{"self":[{"href":"https:\/\/www.europesays.com\/de\/wp-json\/wp\/v2\/posts\/257509","targetHints":{"allow":["GET"]}}],"collection":[{"href":"https:\/\/www.europesays.com\/de\/wp-json\/wp\/v2\/posts"}],"about":[{"href":"https:\/\/www.europesays.com\/de\/wp-json\/wp\/v2\/types\/post"}],"author":[{"embeddable":true,"href":"https:\/\/www.europesays.com\/de\/wp-json\/wp\/v2\/users\/2"}],"replies":[{"embeddable":true,"href":"https:\/\/www.europesays.com\/de\/wp-json\/wp\/v2\/comments?post=257509"}],"version-history":[{"count":0,"href":"https:\/\/www.europesays.com\/de\/wp-json\/wp\/v2\/posts\/257509\/revisions"}],"wp:featuredmedia":[{"embeddable":true,"href":"https:\/\/www.europesays.com\/de\/wp-json\/wp\/v2\/media\/257510"}],"wp:attachment":[{"href":"https:\/\/www.europesays.com\/de\/wp-json\/wp\/v2\/media?parent=257509"}],"wp:term":[{"taxonomy":"category","embeddable":true,"href":"https:\/\/www.europesays.com\/de\/wp-json\/wp\/v2\/categories?post=257509"},{"taxonomy":"post_tag","embeddable":true,"href":"https:\/\/www.europesays.com\/de\/wp-json\/wp\/v2\/tags?post=257509"}],"curies":[{"name":"wp","href":"https:\/\/api.w.org\/{rel}","templated":true}]}}