{"id":257621,"date":"2025-07-10T15:58:11","date_gmt":"2025-07-10T15:58:11","guid":{"rendered":"https:\/\/www.europesays.com\/de\/257621\/"},"modified":"2025-07-10T15:58:11","modified_gmt":"2025-07-10T15:58:11","slug":"streit-um-die-deutzer-kirmes-gerichtstermin-im-april-2026","status":"publish","type":"post","link":"https:\/\/www.europesays.com\/de\/257621\/","title":{"rendered":"Streit um die Deutzer Kirmes: Gerichtstermin im April 2026"},"content":{"rendered":"<p class=\"small date article__date\">Ver\u00f6ffentlicht:\u00a0Donnerstag, 10.07.2025 17:50<\/p>\n<p>Der Streit um die Vergabe der Deutzer Kirmes sorgt weiterhin f\u00fcr Verz\u00f6gerungen. Der unterlegene Bewerber Wilfried Hoffmann hat erneut Beschwerde gegen die Vergabe an die Gemeinschaft K\u00f6lner Schausteller eingelegt. Das Oberlandesgericht D\u00fcsseldorf hat nun einen Verhandlungstermin f\u00fcr den 22. April 2026 angesetzt.\u00a0<\/p>\n<p><img decoding=\"async\" alt=\"\" src=\"https:\/\/www.europesays.com\/de\/wp-content\/uploads\/2025\/07\/image00010.jpeg&#038;crop=0x1290x1980x1238&#038;resize=1280x800&#038;dt=202410301040060.jpeg\" data-size=\"1280x800\"\/>\u00a9 Radio K\u00f6ln<\/p>\n<p>Urspr\u00fcnglich hatte das Gericht bereits im Juni zugunsten der Gemeinschaft K\u00f6lner Schausteller entschieden. Dennoch bringt der anhaltende Rechtsstreit die Kirmes an der Deutzer Werft f\u00fcr die Jahre 2025 und 2026 ins Wanken. Das ist besonders bitter f\u00fcr die vielen Schausteller, die auf die Einnahmen angewiesen sind \u2013 aber auch f\u00fcr die Stadt und ihre Besucher.<\/p>\n<p>Die Verantwortlichen fordern daher ein schnelles Ende des Streits, damit das Volksfest bald wieder wie gewohnt stattfinden kann. Schlie\u00dflich geh\u00f6rt die Kirmes zur Tradition und zum kulturellen Leben K\u00f6lns \u2013 darauf will niemand verzichten. (LE|PR|Archivbild)<\/p>\n","protected":false},"excerpt":{"rendered":"Ver\u00f6ffentlicht:\u00a0Donnerstag, 10.07.2025 17:50 Der Streit um die Vergabe der Deutzer Kirmes sorgt weiterhin f\u00fcr Verz\u00f6gerungen. Der unterlegene Bewerber&hellip;\n","protected":false},"author":2,"featured_media":257622,"comment_status":"","ping_status":"","sticky":false,"template":"","format":"standard","meta":{"footnotes":""},"categories":[1828],"tags":[2499,29,30,1420,1209],"class_list":{"0":"post-257621","1":"post","2":"type-post","3":"status-publish","4":"format-standard","5":"has-post-thumbnail","7":"category-koeln","8":"tag-kln","9":"tag-deutschland","10":"tag-germany","11":"tag-koeln","12":"tag-nordrhein-westfalen"},"share_on_mastodon":{"url":"https:\/\/pubeurope.com\/@de\/114829768539908086","error":""},"_links":{"self":[{"href":"https:\/\/www.europesays.com\/de\/wp-json\/wp\/v2\/posts\/257621","targetHints":{"allow":["GET"]}}],"collection":[{"href":"https:\/\/www.europesays.com\/de\/wp-json\/wp\/v2\/posts"}],"about":[{"href":"https:\/\/www.europesays.com\/de\/wp-json\/wp\/v2\/types\/post"}],"author":[{"embeddable":true,"href":"https:\/\/www.europesays.com\/de\/wp-json\/wp\/v2\/users\/2"}],"replies":[{"embeddable":true,"href":"https:\/\/www.europesays.com\/de\/wp-json\/wp\/v2\/comments?post=257621"}],"version-history":[{"count":0,"href":"https:\/\/www.europesays.com\/de\/wp-json\/wp\/v2\/posts\/257621\/revisions"}],"wp:featuredmedia":[{"embeddable":true,"href":"https:\/\/www.europesays.com\/de\/wp-json\/wp\/v2\/media\/257622"}],"wp:attachment":[{"href":"https:\/\/www.europesays.com\/de\/wp-json\/wp\/v2\/media?parent=257621"}],"wp:term":[{"taxonomy":"category","embeddable":true,"href":"https:\/\/www.europesays.com\/de\/wp-json\/wp\/v2\/categories?post=257621"},{"taxonomy":"post_tag","embeddable":true,"href":"https:\/\/www.europesays.com\/de\/wp-json\/wp\/v2\/tags?post=257621"}],"curies":[{"name":"wp","href":"https:\/\/api.w.org\/{rel}","templated":true}]}}