{"id":257714,"date":"2025-07-10T16:50:18","date_gmt":"2025-07-10T16:50:18","guid":{"rendered":"https:\/\/www.europesays.com\/de\/257714\/"},"modified":"2025-07-10T16:50:18","modified_gmt":"2025-07-10T16:50:18","slug":"ukraine-wiederaufbaukonferenz-europa-bekraeftigt-unterstuetzung-fuer-die-ukraine","status":"publish","type":"post","link":"https:\/\/www.europesays.com\/de\/257714\/","title":{"rendered":"Ukraine-Wiederaufbaukonferenz: Europa bekr\u00e4ftigt Unterst\u00fctzung f\u00fcr die Ukraine"},"content":{"rendered":"<p class=\"paragraph article__item\">Die europ\u00e4ischen Verb\u00fcndeten der <a class=\"rtr-entity\" href=\"https:\/\/www.zeit.de\/politik\/ausland\/ukraine-krieg-russland-newsblog-live\" target=\"_blank\" rel=\"noopener\">Ukraine<\/a> haben auf einer Wiederaufbaukonferenz in Rom ihre Unterst\u00fctzung f\u00fcr das angegriffene Land bekr\u00e4ftigt. So k\u00fcndigte die Europ\u00e4ische Union ein neues Finanzpaket f\u00fcr die Ukraine in H\u00f6he von 2,3 Milliarden Euro an. Es umfasst Kreditgarantien in H\u00f6he von 1,8 Milliarden Euro sowie mehr als 500 Millionen Euro an Zusch\u00fcssen.\n<\/p>\n<p class=\"paragraph article__item\">Mit dem Geld sollen Investitionen von mehr als zehn Milliarden Euro f\u00fcr &#8222;Wachstum, Erholung und Wiederaufbau&#8220; mobilisiert werden, sagte EU-Kommissionspr\u00e4sidentin Ursula von der Leyen zu Beginn der zweit\u00e4gigen Konferenz. Zudem plane die EU einen 220 Millionen Euro schweren &#8222;Europ\u00e4ischen Flaggschifffonds&#8220;, um private Investitionen zu f\u00f6rdern, insbesondere in den Bereichen Energie und Transport.\n<\/p>\n<p>                        &#8222;Bleiben Sie an der Seite der Europ\u00e4er&#8220;        <\/p>\n<p class=\"paragraph article__item\"><a href=\"https:\/\/www.zeit.de\/politik\/deutschland\/2025-05\/wolodymyr-selenskyj-friedrich-merz-berlin-ukraine-waffenstillstand\" class=\"\" target=\"_blank\" rel=\"noopener\">Bundeskanzler Friedrich Merz<\/a> (CDU) rief den US-Pr\u00e4sidenten <a class=\"rtr-entity\" href=\"https:\/\/www.zeit.de\/thema\/donald-trump\" target=\"_blank\" rel=\"noopener\">Donald Trump<\/a> auf, bei der <a href=\"https:\/\/www.zeit.de\/politik\/ausland\/2025-05\/ukraine-krieg-wolodymyr-selenskyj-friedrich-merz-berlin\" class=\"\" target=\"_blank\" rel=\"noopener\">Unterst\u00fctzung der Ukraine<\/a> weiter an der Seite der Europ\u00e4er zu stehen. In Rom hielt der Kanzler eine Rede auf Englisch und wandte sich darin direkt an Trump: &#8222;Bleiben Sie bei uns und bleiben Sie an der Seite der Europ\u00e4er.&#8220; Europa und die USA st\u00fcnden auf derselben Seite und wollten eine stabile politische Ordnung in dieser Welt, sagte Merz.\n<\/p>\n<p class=\"paragraph article__item\">Hinsichtlich der finanziellen Hilfen f\u00fcr die Ukraine sagte Merz, die Beteiligung privater Unternehmen sei wichtig, da die \u00f6ffentliche Hand die hohen Kosten des Wiederaufbaus nicht allein tragen k\u00f6nne. Bei den deutschen Unternehmen bestehe daran &#8222;enormes Interesse&#8220;. Deshalb unterst\u00fctze die Bundesregierung das Ziel, umfangreiche private Investitionen f\u00fcr den Wiederaufbau der Ukraine zu mobilisieren, &#8222;voll und ganz&#8220;.\n<\/p>\n<p>        Weiteres Sanktionspaket gegen Russland in Planung        <\/p>\n<p class=\"paragraph article__item\">Der Bundeskanzler verwies zudem auf die Bedeutung einer &#8222;erfolgreichen europ\u00e4ischen Integration der Ukraine&#8220;. Deutschland unterst\u00fctze die Ukraine auf ihrem Weg in die EU. Dieser beinhalte auch Reformen im Kampf gegen die Korruption und zur St\u00e4rkung des Rechtsstaats.\n<\/p>\n<p>                            \u00a9\u00a0Lea Dohle<\/p>\n<p>\n                                        Newsletter<br \/>\n                                        Was jetzt? \u2013 Der t\u00e4gliche Morgen\u00fcberblick<\/p>\n<p class=\"newsletter-signup__text\">Starten Sie mit unserem kurzen Nachrichten-Newsletter in den Tag. Erhalten Sie zudem freitags den US-Sonderletter &#8222;Was jetzt, America?&#8220; sowie das digitale Magazin ZEIT am Wochenende.<\/p>\n<p class=\"newsletter-signup__datapolicy\" hidden=\"\">\n            Mit Ihrer Registrierung nehmen Sie die <a href=\"https:\/\/datenschutz.zeit.de\/zon#Newsletter\" target=\"_blank\" rel=\"noopener\">Datenschutzerkl\u00e4rung<\/a> zur Kenntnis.\n        <\/p>\n<p>    Vielen Dank! Wir haben Ihnen eine E-Mail geschickt.<\/p>\n<p>Pr\u00fcfen Sie Ihr Postfach und best\u00e4tigen Sie das Newsletter-Abonnement.<\/p>\n<p class=\"paragraph article__item\">An den Aggressor Russland sowie den russischen Machthaber Wladimir Putin gerichtet, sagte Merz: &#8222;Wir werden nicht aufgeben.&#8220; Auf der gemeinsam von Italien und der Ukraine ausgerichteten Konferenz in Rom verwies der Kanzler darauf, dass die EU derzeit <a href=\"https:\/\/www.zeit.de\/politik\/ausland\/2025-05\/friedrich-merz-ukraine-krieg-russland-drohung-sanktionen\" class=\"\" target=\"_blank\" rel=\"noopener\">ein weiteres Sanktionspaket gegen Russland<\/a> vorbereite, nur die Zustimmung der Slowakei fehle noch.<br \/>\u00dcber die Entwicklungen im russischen Angriffskrieg gegen die Ukraine <a href=\"https:\/\/www.zeit.de\/politik\/ausland\/ukraine-krieg-news-liveblog\" class=\"\" target=\"_blank\" rel=\"noopener\">informieren wir Sie auch in unserem ZEIT-Liveblog<\/a>.\n<\/p>\n<p>Mehr zum Thema<\/p>\n<p>                <a href=\"https:\/\/www.zeit.de\/2025\/29\/leben-kyjiw-krieg-ukraine-alltag-ehe-baby\" data-ct-label=\"Leben in Kyjiw: Eine Hochzeit, gerade jetzt?\" target=\"_blank\" rel=\"noopener\"><\/p>\n<p>        Z+ (abopflichtiger Inhalt);<\/p>\n<p>    Leben in Kyjiw:<br \/>\n                        Eine Hochzeit, gerade jetzt?<\/p>\n<p>                <\/a><\/p>\n<p>                <a href=\"https:\/\/www.zeit.de\/politik\/ausland\/2025-06\/krieg-ukraine-hilfen-johann-wadephul-russland-5vor8\" data-ct-label=\"Krieg in der Ukraine: Was, wenn Putin die Nato testet?\" target=\"_blank\" rel=\"noopener\"><\/p>\n<p>        Z+ (abopflichtiger Inhalt);<\/p>\n<p>    Krieg in der Ukraine:<br \/>\n                        Was, wenn Putin die Nato testet?<\/p>\n<p>                <\/a><\/p>\n<p>                <a href=\"https:\/\/www.zeit.de\/politik\/ausland\/2025-07\/us-waffenlieferungen-ukraine-russland-krieg-militaer\" data-ct-label=\"US-Waffenlieferungen: Falls Trump sie h\u00e4ngen l\u00e4sst\" target=\"_blank\" rel=\"noopener\"><\/p>\n<p>        Z+ (abopflichtiger Inhalt);<\/p>\n<p>    US-Waffenlieferungen:<br \/>\n                        Falls Trump sie h\u00e4ngen l\u00e4sst<\/p>\n<p>                <\/a><\/p>\n","protected":false},"excerpt":{"rendered":"Die europ\u00e4ischen Verb\u00fcndeten der Ukraine haben auf einer Wiederaufbaukonferenz in Rom ihre Unterst\u00fctzung f\u00fcr das angegriffene Land bekr\u00e4ftigt.&hellip;\n","protected":false},"author":2,"featured_media":257715,"comment_status":"","ping_status":"","sticky":false,"template":"","format":"standard","meta":{"footnotes":""},"categories":[3933],"tags":[331,332,106,548,663,158,3934,3935,775,13,1435,14,15,16,307,9562,12,78574],"class_list":{"0":"post-257714","1":"post","2":"type-post","3":"status-publish","4":"format-standard","5":"has-post-thumbnail","7":"category-eu","8":"tag-aktuelle-nachrichten","9":"tag-aktuelle-news","10":"tag-donald-trump","11":"tag-eu","12":"tag-europa","13":"tag-europaeische-union","14":"tag-europe","15":"tag-european-union","16":"tag-friedrich-merz","17":"tag-headlines","18":"tag-krieg-in-der-ukraine","19":"tag-nachrichten","20":"tag-news","21":"tag-politik","22":"tag-russland","23":"tag-sanktion","24":"tag-schlagzeilen","25":"tag-ukraine-wiederaufbaukonferenz"},"share_on_mastodon":{"url":"https:\/\/pubeurope.com\/@de\/114829972146863495","error":""},"_links":{"self":[{"href":"https:\/\/www.europesays.com\/de\/wp-json\/wp\/v2\/posts\/257714","targetHints":{"allow":["GET"]}}],"collection":[{"href":"https:\/\/www.europesays.com\/de\/wp-json\/wp\/v2\/posts"}],"about":[{"href":"https:\/\/www.europesays.com\/de\/wp-json\/wp\/v2\/types\/post"}],"author":[{"embeddable":true,"href":"https:\/\/www.europesays.com\/de\/wp-json\/wp\/v2\/users\/2"}],"replies":[{"embeddable":true,"href":"https:\/\/www.europesays.com\/de\/wp-json\/wp\/v2\/comments?post=257714"}],"version-history":[{"count":0,"href":"https:\/\/www.europesays.com\/de\/wp-json\/wp\/v2\/posts\/257714\/revisions"}],"wp:featuredmedia":[{"embeddable":true,"href":"https:\/\/www.europesays.com\/de\/wp-json\/wp\/v2\/media\/257715"}],"wp:attachment":[{"href":"https:\/\/www.europesays.com\/de\/wp-json\/wp\/v2\/media?parent=257714"}],"wp:term":[{"taxonomy":"category","embeddable":true,"href":"https:\/\/www.europesays.com\/de\/wp-json\/wp\/v2\/categories?post=257714"},{"taxonomy":"post_tag","embeddable":true,"href":"https:\/\/www.europesays.com\/de\/wp-json\/wp\/v2\/tags?post=257714"}],"curies":[{"name":"wp","href":"https:\/\/api.w.org\/{rel}","templated":true}]}}