{"id":257716,"date":"2025-07-10T16:51:11","date_gmt":"2025-07-10T16:51:11","guid":{"rendered":"https:\/\/www.europesays.com\/de\/257716\/"},"modified":"2025-07-10T16:51:11","modified_gmt":"2025-07-10T16:51:11","slug":"kollektive-erneuerung-nach-nur-einem-jahr-carola-rackete-gibt-ihr-eu-mandat-auf","status":"publish","type":"post","link":"https:\/\/www.europesays.com\/de\/257716\/","title":{"rendered":"\u201eKollektive\u201c Erneuerung: Nach nur einem Jahr \u2013 Carola Rackete gibt ihr EU-Mandat auf"},"content":{"rendered":"<p>Carola Rackete verzichtet nach nur einem Jahr wieder auf ihren Parlamentssitz in Br\u00fcssel. Um die Fraktion der Partei konsequent zu erneuern, sei ein Mandatswechsel wichtig, so die fr\u00fchere Seenotretterin. Auf sie folgt nun ein Linke-Politiker aus Brandenburg.<\/p>\n<p class=\"is-first-paragraph\" data-external=\"Article.FirstParagraph\">Die fr\u00fchere Seenotrettungskapit\u00e4nin Carola Rackete gibt ihr Mandat im Europaparlament nach nur rund einem Jahr wieder auf.<\/p>\n<p>An ihrer Stelle zieht der Brandenburger Linke-Politiker Martin G\u00fcnther ins EU-Parlament ein, wie die Linksfraktion in Stra\u00dfburg am Mittwoch mitteilte. Rackete selbst ist parteilos, war bei der Europawahl im vergangenen Jahr aber f\u00fcr die Linke angetreten.<\/p>\n<p>\u201eMeine Kandidatur und mein Mandat hatten von Anfang an das Ziel, zur Erneuerung der Partei beizutragen\u201c, erkl\u00e4rte die 37-J\u00e4hrige. Als Mitglied sozialer Bewegungen h\u00e4tten sie und ihr Team von Beginn an dar\u00fcber diskutiert, das Mandat \u201ekollektiv\u201c zu gestalten. Das geschehe nun durch die Abgabe des Mandats, teilte sie weiter mit. Vor ihrem Einzug ins Parlament war Rackete unter anderem Kapit\u00e4nin des Seenotrettungschiffs \u201eSea-Watch 3\u201c aktiv.<\/p>\n<p>Ihr Nachfolger G\u00fcnther k\u00fcndigte an, insbesondere ihren \u201eKampf f\u00fcr Klimagerechtigkeit\u201c weiterzuf\u00fchren. \u201eEine sozialere und \u00f6kologischere EU wird es nur geben, wenn wir sie von den Superreichen und ihren Lobbyisten zur\u00fcckerobern\u201c, f\u00fcgte er hinzu. G\u00fcnther war bereits bei den Europawahlen im vergangenen Jahr f\u00fcr die Linke angetreten, allerdings auf einem hinteren Listenplatz.<\/p>\n<p>Was Carola Rackete als N\u00e4chstes plant, ist noch nicht \u00f6ffentlich bekannt.  <\/p>\n<p>AFP\/epd\/krott<\/p>\n","protected":false},"excerpt":{"rendered":"Carola Rackete verzichtet nach nur einem Jahr wieder auf ihren Parlamentssitz in Br\u00fcssel. Um die Fraktion der Partei&hellip;\n","protected":false},"author":2,"featured_media":257717,"comment_status":"","ping_status":"","sticky":false,"template":"","format":"standard","meta":{"footnotes":""},"categories":[3933],"tags":[331,332,16758,536,548,663,158,74329,78575,3934,3935,13,14,15,110,78576,12],"class_list":{"0":"post-257716","1":"post","2":"type-post","3":"status-publish","4":"format-standard","5":"has-post-thumbnail","7":"category-eu","8":"tag-aktuelle-nachrichten","9":"tag-aktuelle-news","10":"tag-carola","11":"tag-die-linke","12":"tag-eu","13":"tag-europa","14":"tag-europaeische-union","15":"tag-europaeisches-parlament-ks","16":"tag-europawahlen-ks","17":"tag-europe","18":"tag-european-union","19":"tag-headlines","20":"tag-nachrichten","21":"tag-news","22":"tag-newsteam","23":"tag-rackete","24":"tag-schlagzeilen"},"share_on_mastodon":{"url":"https:\/\/pubeurope.com\/@de\/114829976095254554","error":""},"_links":{"self":[{"href":"https:\/\/www.europesays.com\/de\/wp-json\/wp\/v2\/posts\/257716","targetHints":{"allow":["GET"]}}],"collection":[{"href":"https:\/\/www.europesays.com\/de\/wp-json\/wp\/v2\/posts"}],"about":[{"href":"https:\/\/www.europesays.com\/de\/wp-json\/wp\/v2\/types\/post"}],"author":[{"embeddable":true,"href":"https:\/\/www.europesays.com\/de\/wp-json\/wp\/v2\/users\/2"}],"replies":[{"embeddable":true,"href":"https:\/\/www.europesays.com\/de\/wp-json\/wp\/v2\/comments?post=257716"}],"version-history":[{"count":0,"href":"https:\/\/www.europesays.com\/de\/wp-json\/wp\/v2\/posts\/257716\/revisions"}],"wp:featuredmedia":[{"embeddable":true,"href":"https:\/\/www.europesays.com\/de\/wp-json\/wp\/v2\/media\/257717"}],"wp:attachment":[{"href":"https:\/\/www.europesays.com\/de\/wp-json\/wp\/v2\/media?parent=257716"}],"wp:term":[{"taxonomy":"category","embeddable":true,"href":"https:\/\/www.europesays.com\/de\/wp-json\/wp\/v2\/categories?post=257716"},{"taxonomy":"post_tag","embeddable":true,"href":"https:\/\/www.europesays.com\/de\/wp-json\/wp\/v2\/tags?post=257716"}],"curies":[{"name":"wp","href":"https:\/\/api.w.org\/{rel}","templated":true}]}}