{"id":257718,"date":"2025-07-10T16:52:15","date_gmt":"2025-07-10T16:52:15","guid":{"rendered":"https:\/\/www.europesays.com\/de\/257718\/"},"modified":"2025-07-10T16:52:15","modified_gmt":"2025-07-10T16:52:15","slug":"frauke-brosius-gersdorf-bischoefe-nennen-nominierung-radikalen-angriff-auf-fundamente-der-verfassung","status":"publish","type":"post","link":"https:\/\/www.europesays.com\/de\/257718\/","title":{"rendered":"Frauke Brosius-Gersdorf: Bisch\u00f6fe nennen Nominierung \u201eradikalen Angriff auf Fundamente der Verfassung\u201c"},"content":{"rendered":"<p>Am morgigen Freitag stimmt der Bundestag \u00fcber drei neue Richter f\u00fcr das Bundesverfassungsgericht ab. Dazu geh\u00f6rt auch die Juristin Brosius-Gersdorf. Das Zentralkomitee der Katholiken blickt mit tiefer Sorge auf deren Wahl.<\/p>\n<p class=\"is-first-paragraph\" data-external=\"Article.FirstParagraph\">Bundeskanzler Friedrich Merz (CDU) h\u00e4lt es f\u00fcr vertretbar, am Freitag die in Teilen der Union umstrittene Juristin Frauke Brosius-Gersdorf f\u00fcr das Amt einer Richterin am Bundesverfassungsgericht zu w\u00e4hlen \u2013\u00a0und bekommt daf\u00fcr Gegenwind, unter anderem von Kirchenvertretern. <\/p>\n<p>Auf die Frage der AfD-Bundestagsabgeordneten Beatrix von Storch, ob er es vor seinem Gewissen verantworten k\u00f6nne, Brosius-Gersdorf zu w\u00e4hlen, hatte Merz am Mittwoch im Bundestag knapp \u201eJa\u201c geantwortet.<\/p>\n<p>Brosius-Gersdorf war in der vergangenen Wahlperiode stellvertretende Koordinatorin einer von der Bundesregierung eingerichteten Kommission, die eine m\u00f6gliche Liberalisierung der Abtreibungsregelung pr\u00fcfen sollte. Sie hatte unter anderem erkl\u00e4rt, dass es gute Gr\u00fcnde daf\u00fcr gebe, dass die volle Garantie der Menschenw\u00fcrde erst ab der Geburt gelte. Die Wahl der insgesamt drei neuen Richter soll am Freitag stattfinden. <\/p>\n<p>\u201eRadikale Angriff auf die Fundamente unserer Verfassung\u201c<\/p>\n<p>Das Zentralkomitee der deutschen Katholiken (ZdK) \u00e4u\u00dfert sich besorgt \u00fcber die m\u00f6gliche Wahl. \u201eDass eine Kandidatin f\u00fcr das Amt der Bundesverfassungsrichterin \u00f6ffentlich erkl\u00e4rt, es gebe &#8218;gute Gr\u00fcnde daf\u00fcr, dass die Menschenw\u00fcrdegarantie erst ab Geburt gilt&#8216;, beunruhigt mich sehr\u201c, sagte ZdK-Pr\u00e4sidentin Irme Stetter-Karp. Und weiter: \u201eIch w\u00fcrde sie aufgrund dieser Position nicht w\u00e4hlen k\u00f6nnen.\u201c <\/p>\n<p>Die s\u00fcddeutschen Bisch\u00f6fe Stefan Oster und Rudolf Voderholzer <a class=\"is-link c-block-items__link is-external c-link--rich-text-renderer\" href=\"https:\/\/bistum-regensburg.de\/news\/bischof-dr-stefan-oster-sdb-und-bischof-dr-rudolf-voderholzer-zur-wahl-der-drei-richterinnen-und-richter-fuer-das-bundesverfassungsgericht\" title=\"(Link wird in einem neuen Tab ge\u00f6ffnet)\" rel=\"nofollow noopener\" data-internal-tracking-enabled=\"true\" data-internal-tracking=\"{&quot;action&quot;:&quot;click&quot;,&quot;label&quot;:&quot;link&quot;,&quot;name&quot;:&quot;Inline Element&quot;,&quot;data&quot;:{&quot;source&quot;:&quot;&quot;,&quot;target&quot;:&quot;https:\/\/bistum-regensburg.de\/news\/bischof-dr-stefan-oster-sdb-und-bischof-dr-rudolf-voderholzer-zur-wahl-der-drei-richterinnen-und-richter-fuer-das-bundesverfassungsgericht&quot;,&quot;trackingName&quot;:&quot;&quot;,&quot;trackingLabel&quot;:&quot;&quot;}}\" target=\"_blank\">kritisierten die Nominierung von Brosius-Gersdorf<\/a> ebenfalls. Wer die Ansicht vertrete, \u201edass der Embryo oder der F\u00f6tus im Mutterleib noch keine W\u00fcrde und nur ein geringeres Lebensrecht habe als der Mensch nach der Geburt\u201c, der vollziehe \u201eeinen radikalen Angriff auf die Fundamente unserer Verfassung\u201c, schreiben die beiden in einem Statement. <\/p>\n<p>Von Teilen der Union gibt es heftige Kritik an der Nominierung der Juristin. Union und SPD haben sich darauf verst\u00e4ndigt, dass Brosius-Gersdorf weder Pr\u00e4sidentin noch Vizepr\u00e4sidentin des Bundesverfassungsgerichts werden kann. F\u00fcr die Wahl der Richter am Freitag ist eine Zweidrittelmehrheit im Bundestag notwendig. Die Wahl ist geheim. Die beiden anderen Kandidaten sind die M\u00fcnchner Jura-Professorin Ann-Katrin Kaufhold und der Richter am Bundesarbeitsgericht, G\u00fcnter Spinner.<\/p>\n<p>KNA\/s\u00e4d\/jm<\/p>\n","protected":false},"excerpt":{"rendered":"Am morgigen Freitag stimmt der Bundestag \u00fcber drei neue Richter f\u00fcr das Bundesverfassungsgericht ab. Dazu geh\u00f6rt auch die&hellip;\n","protected":false},"author":2,"featured_media":257719,"comment_status":"","ping_status":"","sticky":false,"template":"","format":"standard","meta":{"footnotes":""},"categories":[5],"tags":[331,332,49688,49689,31,3364,29,30,13,8903,14,15,110,12,184],"class_list":{"0":"post-257718","1":"post","2":"type-post","3":"status-publish","4":"format-standard","5":"has-post-thumbnail","7":"category-nachrichten","8":"tag-aktuelle-nachrichten","9":"tag-aktuelle-news","10":"tag-bundestag-ks","11":"tag-bundesverfassungsgericht-bvg-ks","12":"tag-cdu","13":"tag-de","14":"tag-deutschland","15":"tag-germany","16":"tag-headlines","17":"tag-karlsruhe","18":"tag-nachrichten","19":"tag-news","20":"tag-newsteam","21":"tag-schlagzeilen","22":"tag-spd"},"share_on_mastodon":{"url":"https:\/\/pubeurope.com\/@de\/114829980029766956","error":""},"_links":{"self":[{"href":"https:\/\/www.europesays.com\/de\/wp-json\/wp\/v2\/posts\/257718","targetHints":{"allow":["GET"]}}],"collection":[{"href":"https:\/\/www.europesays.com\/de\/wp-json\/wp\/v2\/posts"}],"about":[{"href":"https:\/\/www.europesays.com\/de\/wp-json\/wp\/v2\/types\/post"}],"author":[{"embeddable":true,"href":"https:\/\/www.europesays.com\/de\/wp-json\/wp\/v2\/users\/2"}],"replies":[{"embeddable":true,"href":"https:\/\/www.europesays.com\/de\/wp-json\/wp\/v2\/comments?post=257718"}],"version-history":[{"count":0,"href":"https:\/\/www.europesays.com\/de\/wp-json\/wp\/v2\/posts\/257718\/revisions"}],"wp:featuredmedia":[{"embeddable":true,"href":"https:\/\/www.europesays.com\/de\/wp-json\/wp\/v2\/media\/257719"}],"wp:attachment":[{"href":"https:\/\/www.europesays.com\/de\/wp-json\/wp\/v2\/media?parent=257718"}],"wp:term":[{"taxonomy":"category","embeddable":true,"href":"https:\/\/www.europesays.com\/de\/wp-json\/wp\/v2\/categories?post=257718"},{"taxonomy":"post_tag","embeddable":true,"href":"https:\/\/www.europesays.com\/de\/wp-json\/wp\/v2\/tags?post=257718"}],"curies":[{"name":"wp","href":"https:\/\/api.w.org\/{rel}","templated":true}]}}