{"id":257760,"date":"2025-07-10T17:14:12","date_gmt":"2025-07-10T17:14:12","guid":{"rendered":"https:\/\/www.europesays.com\/de\/257760\/"},"modified":"2025-07-10T17:14:12","modified_gmt":"2025-07-10T17:14:12","slug":"gedenken-im-landtag-das-zeitlose-vermaechtnis-fritz-bauers-lautet-zivilcourage","status":"publish","type":"post","link":"https:\/\/www.europesays.com\/de\/257760\/","title":{"rendered":"Gedenken im Landtag: Das zeitlose Verm\u00e4chtnis Fritz Bauers lautet \u201eZivilcourage\u201c"},"content":{"rendered":"<p>Auf Initiative von Landtagspr\u00e4sidentin <a href=\"https:\/\/www.stuttgarter-zeitung.de\/thema\/Muhterem_Aras\" title=\"Muhterem Aras\" class=\"art_thema\" rel=\"nofollow noopener\" target=\"_blank\">Muhterem Aras<\/a> ist im <a href=\"https:\/\/www.stuttgarter-zeitung.de\/thema\/Landtag\" title=\"Landtag\" class=\"art_thema\" rel=\"nofollow noopener\" target=\"_blank\">Landtag<\/a> dem geb\u00fcrtigen Stuttgarter und langj\u00e4hrigen hessischen Generalstaatsanwalt und NS-Aufkl\u00e4rer Fritz Bauer (1903-1968) gedacht worden. An der Veranstaltung am Mittwochabend, an der mehr als 100 Sch\u00fclerinnen und Sch\u00fclern aus acht Schulen in Baden-W\u00fcrttemberg teilnahmen, w\u00fcrdigte Aras die Person und das Wirken des \u201eJuristen, Humanisten, wunderbaren Menschen und K\u00e4mpfers f\u00fcr Gerechtigkeit\u201c, der mit der Anklageerhebung gegen 22 NS-T\u00e4ter im Rahmen des Frankfurter Auschwitz-Prozesses 1963 \u201eden Mantel des Schweigens \u00fcber die Vergangenheit zerrissen hat\u201c und die deutsche Gesellschaft mit den Verbrechen des <a href=\"https:\/\/www.stuttgarter-zeitung.de\/thema\/Nationalsozialismus\" title=\"Nationalsozialismus\" class=\"art_thema\" rel=\"nofollow noopener\" target=\"_blank\">Nationalsozialismus<\/a> konfrontierte. <\/p>\n<p>Dass sich 80 Jahre nach Kriegsende in Deutschland die Ideen der Humanit\u00e4t, der Freiheit und der Demokratie durchgesetzt h\u00e4tten, \u201everdanken wir Menschen, wie Fritz Bauer, die sich unerm\u00fcdlich f\u00fcr diese Grundlagen des Zusammenlebens einsetzten\u201c, sagte Aras: \u201eOhne Fritz Bauer w\u00e4re die Bundesrepublik heute eine andere.\u201c <\/p>\n<p>  <img decoding=\"async\" loading=\"lazy\" src=\"https:\/\/www.europesays.com\/de\/wp-content\/uploads\/2025\/07\/media.media.12f795ad-9a06-427b-b560-e962de48e249.original1024.media.jpeg\"\/>     \u201eOhne Fritz Bauer g\u00e4be w\u00e4re die Bundesrepublik heute eine andere\u201c \u2013 Landtagspr\u00e4sidentin Muhterem Aras.    Foto: Lichtgut    <\/p>\n<p>Ronen Steinke, Bauer-Biograf und Journalist, betonte, Bauer habe sich als \u201eAufkl\u00e4rer und K\u00e4mpfer f\u00fcr Gerechtigkeit\u201c verstanden, nicht etwa als \u201ezorniger R\u00e4cher\u201c. F\u00fcr ihn sei zentral gewesen, durch die Strafverfolgung die W\u00fcrde der NS-Opfer wieder herzustellen und ihnen Gerechtigkeit widerfahren zu lassen. Dieser Gedanke sei auch bei der Ergreifung von Adolf Eichmann, dem Organisator des Holocaust, leitend gewesen. Bauer hatte zu dessen Festnahme in Argentinien durch den israelischen Mossad entscheidende Hinweise gegeben. Bauers \u201ezeitlose Botschaft\u201c besteht f\u00fcr seinen Biografen im \u201eMut zur Verweigerung\u201c und \u201eZivilcourage\u201c, die sich darin zeige, Nein sagen zu k\u00f6nnen, wenn sich Dinge in eine falsche Richtung entwickelten.<\/p>\n<p>Seit 2024 erinnert in der Wiederholdstra\u00dfe eine Stele an Fritz Bauer <\/p>\n<p>Steinke erinnerte im Landtag auch daran, wie schwer sich die bundesdeutsche Gesellschaft immer wieder mit der W\u00fcrdigung Bauers getan habe. Auch in seiner Geburtsstadt <a href=\"https:\/\/www.stuttgarter-zeitung.de\/thema\/Stuttgart\" title=\"Stuttgart\" class=\"art_thema\" rel=\"nofollow noopener\" target=\"_blank\">Stuttgart<\/a> waren Person und Erbe Fritz Bauers \u00fcber lange Phasen hinweg wenig wahrnehmbar. Das \u00e4nderte sich erst wieder mit dem 120. Geburtstag Bauers vor zwei Jahren und der begleitenden Berichterstattung. Erheblichen Anteil an der Wiederentdeckung Bauers in Stuttgart hatte auch eine Sch\u00fclerinnengruppe des Eberhard-Ludwigs-Gymnasiums, die sich auf Anregung ihrer Lehrer mit dem Leben des fr\u00fcheren Ebelu-Sch\u00fclers besch\u00e4ftigten und unter anderem einen Stadtspaziergang organisierten. Dabei machten sie auch auf Leerstellen der Erinnerung aufmerksam. Durch unsere Zeitung wurde die Forderung, diese Leerstelle zu f\u00fcllen, medial verst\u00e4rkt. In der Folge errichtete die Stadt f\u00fcr Fritz Bauer im April 2024 eine <a href=\"https:\/\/www.stuttgarter-nachrichten.de\/inhalt.erinnerungskultur-in-stuttgart-nazi-jaeger-fritz-bauer-ist-jetzt-sichtbar-in-der-stadt.c579df6d-6ad7-4150-9f2a-df44c79a2c1b.html\" target=\"_blank\" rel=\"nofollow noopener\">Stele<\/a> in der <a href=\"https:\/\/www.stuttgarter-zeitung.de\/inhalt.stuttgart-1942-so-sah-fritz-bauers-wohnhaus-aus.82f6e2cf-1afe-4734-968a-0d3cfda9a7b6.html\" target=\"_blank\" rel=\"nofollow noopener\">Wiederholdstra\u00dfe 10<\/a> im Stuttgarter Norden, wo die j\u00fcdische Familie in den 1930er Jahren gewohnt hatte.<\/p>\n<p>  <img decoding=\"async\" loading=\"lazy\" src=\"https:\/\/www.europesays.com\/de\/wp-content\/uploads\/2025\/07\/media.media.e300c68b-88e2-44d5-aa0b-ff1f95bcf8b9.original1024.media.jpeg\"\/>     Fritz-Bauer-Biograf Ronen Steinke    Foto: Lichtgut\/Julian Rettig    <\/p>\n<p>Eine der Sch\u00fclerinnen, Leonor Kessler, die inzwischen Abitur gemacht hat, sa\u00df als \u201eFritz-Bauer-Botschafterin\u201c mit auf dem Podium im Landtag. An Bauer beeindruckt sie vor allem \u201esein Mut und seine Entschlossenheit, jeden Tag Verantwortung zu \u00fcbernehmen\u201c, wie sie im Gespr\u00e4ch mit der Moderatorin Anna Koktsidou sagte. Die Besch\u00e4ftigung mit der Geschichte k\u00f6nne dabei helfen. \u201eEs geht auch darum, Lust auf Geschichte zu machen\u201c, meinte die junge Historikerin und Journalistin Leonie Sch\u00f6ler, die via Social Media versucht, junge Leute f\u00fcr Geschichte zu gewinnen.<\/p>\n<p>\u201eSelbst ins Aktive kommen\u201c <\/p>\n<p>\u201eBrauchen wir auch heute, wo die Demokratie Krisenerscheinungen zeigt, wieder einen Fritz Bauer?\u201c Leonor Kessler, die J\u00fcngste in der Runde, will nicht auf jemanden warten, der die Demokratie verteidigt und sich auch nicht \u201eauf der Verfassung ausruhen\u201c, sondern \u201e selbst ins Aktive kommen\u201c. Daf\u00fcr gab es viel Applaus. <\/p>\n<p>Bauers Stimme war an diesem Abend \u00fcbrigens auch zu h\u00f6ren. In einem Interviewausschnitt von 1967, ein Jahr vor seinem Tod, \u00e4u\u00dferte er den Wunsch, dass die Jugend den gleichen \u201eTraum von Recht bes\u00e4\u00dfe, den ich einmal hatte. Und dass sie das Gef\u00fchl hat, dass das Leben einen Sinn hat, wenn man f\u00fcr Freiheit, Recht und Br\u00fcderlichkeit eintritt. Das geht nicht, wenn man lediglich in einer Konsumgesellschaft lebt. Es erwirbt nur der das Leben und die Freiheit, der sich t\u00e4glich daf\u00fcr einsetzt.\u201c <\/p>\n","protected":false},"excerpt":{"rendered":"Auf Initiative von Landtagspr\u00e4sidentin Muhterem Aras ist im Landtag dem geb\u00fcrtigen Stuttgarter und langj\u00e4hrigen hessischen Generalstaatsanwalt und NS-Aufkl\u00e4rer&hellip;\n","protected":false},"author":2,"featured_media":257761,"comment_status":"","ping_status":"","sticky":false,"template":"","format":"standard","meta":{"footnotes":""},"categories":[1830],"tags":[1634,3364,29,15738,30731,30,1985,78584,57,78585,1441],"class_list":{"0":"post-257760","1":"post","2":"type-post","3":"status-publish","4":"format-standard","5":"has-post-thumbnail","7":"category-stuttgart","8":"tag-baden-wuerttemberg","9":"tag-de","10":"tag-deutschland","11":"tag-erinnerungskultur","12":"tag-fritz-bauer","13":"tag-germany","14":"tag-landtag","15":"tag-muhterem-aras","16":"tag-nationalsozialismus","17":"tag-ronen-steinke","18":"tag-stuttgart"},"share_on_mastodon":{"url":"https:\/\/pubeurope.com\/@de\/114830067361339054","error":""},"_links":{"self":[{"href":"https:\/\/www.europesays.com\/de\/wp-json\/wp\/v2\/posts\/257760","targetHints":{"allow":["GET"]}}],"collection":[{"href":"https:\/\/www.europesays.com\/de\/wp-json\/wp\/v2\/posts"}],"about":[{"href":"https:\/\/www.europesays.com\/de\/wp-json\/wp\/v2\/types\/post"}],"author":[{"embeddable":true,"href":"https:\/\/www.europesays.com\/de\/wp-json\/wp\/v2\/users\/2"}],"replies":[{"embeddable":true,"href":"https:\/\/www.europesays.com\/de\/wp-json\/wp\/v2\/comments?post=257760"}],"version-history":[{"count":0,"href":"https:\/\/www.europesays.com\/de\/wp-json\/wp\/v2\/posts\/257760\/revisions"}],"wp:featuredmedia":[{"embeddable":true,"href":"https:\/\/www.europesays.com\/de\/wp-json\/wp\/v2\/media\/257761"}],"wp:attachment":[{"href":"https:\/\/www.europesays.com\/de\/wp-json\/wp\/v2\/media?parent=257760"}],"wp:term":[{"taxonomy":"category","embeddable":true,"href":"https:\/\/www.europesays.com\/de\/wp-json\/wp\/v2\/categories?post=257760"},{"taxonomy":"post_tag","embeddable":true,"href":"https:\/\/www.europesays.com\/de\/wp-json\/wp\/v2\/tags?post=257760"}],"curies":[{"name":"wp","href":"https:\/\/api.w.org\/{rel}","templated":true}]}}