{"id":257762,"date":"2025-07-10T17:15:11","date_gmt":"2025-07-10T17:15:11","guid":{"rendered":"https:\/\/www.europesays.com\/de\/257762\/"},"modified":"2025-07-10T17:15:11","modified_gmt":"2025-07-10T17:15:11","slug":"neubau-merz-schule-stuttgart-neubau-der-merz-schule-transparente-architektur-mit-gruenem-wow-effekt-kultur","status":"publish","type":"post","link":"https:\/\/www.europesays.com\/de\/257762\/","title":{"rendered":"Neubau Merz-Schule Stuttgart: Neubau der Merz-Schule \u2013 transparente Architektur mit gr\u00fcnem Wow-Effekt &#8211; Kultur"},"content":{"rendered":"<p>Eine der bekanntesten Stuttgarter Privatschulen hat sich vergr\u00f6\u00dfert. Kann die Architektur des Neubaus der Merz-Schule mit der Natur an der Geroksruhe mithalten? Ein Rundgang.<\/p>\n<p>Das w\u00fcrde heute schwer genehmigt, damals aber schon: Ein Grundst\u00fcck kaufen f\u00fcr eine <a href=\"https:\/\/www.esslinger-zeitung.de\/thema\/Schule\" title=\"Schule\" class=\"art_thema\" target=\"_blank\" rel=\"noopener\">Schule<\/a>, die fast mitten im Wald und an einer Stra\u00dfenkreuzung steht, angrenzend ans heutige Naturschutzgebiet, das war Ende der 1960er Jahre m\u00f6glich. Und jetzt lernen die Grundsch\u00fclerinnen und Sch\u00fcler im j\u00fcngst fertig gestellten <a href=\"https:\/\/www.esslinger-zeitung.de\/thema\/Neubau\" title=\"Neubau\" class=\"art_thema\" target=\"_blank\" rel=\"noopener\">Neubau<\/a> der Merz-Schule in Klassenzimmern mit der wohl sch\u00f6nsten, zumindest einer, wenn nicht der gr\u00fcnsten Aussicht in <a href=\"https:\/\/www.esslinger-zeitung.de\/thema\/Stuttgart\" title=\"Stuttgart\" class=\"art_thema\" target=\"_blank\" rel=\"noopener\">Stuttgart<\/a> \u00fcberhaupt. Einerseits. <\/p>\n","protected":false},"excerpt":{"rendered":"Eine der bekanntesten Stuttgarter Privatschulen hat sich vergr\u00f6\u00dfert. Kann die Architektur des Neubaus der Merz-Schule mit der Natur&hellip;\n","protected":false},"author":2,"featured_media":257763,"comment_status":"","ping_status":"","sticky":false,"template":"","format":"standard","meta":{"footnotes":""},"categories":[1830],"tags":[2250,1634,7600,3364,29,30,80,78586,2190,966,1441],"class_list":{"0":"post-257762","1":"post","2":"type-post","3":"status-publish","4":"format-standard","5":"has-post-thumbnail","7":"category-stuttgart","8":"tag-architektur","9":"tag-baden-wuerttemberg","10":"tag-bauen","11":"tag-de","12":"tag-deutschland","13":"tag-germany","14":"tag-kultur","15":"tag-merz-schule","16":"tag-neubau","17":"tag-schule","18":"tag-stuttgart"},"share_on_mastodon":{"url":"https:\/\/pubeurope.com\/@de\/114830070470691856","error":""},"_links":{"self":[{"href":"https:\/\/www.europesays.com\/de\/wp-json\/wp\/v2\/posts\/257762","targetHints":{"allow":["GET"]}}],"collection":[{"href":"https:\/\/www.europesays.com\/de\/wp-json\/wp\/v2\/posts"}],"about":[{"href":"https:\/\/www.europesays.com\/de\/wp-json\/wp\/v2\/types\/post"}],"author":[{"embeddable":true,"href":"https:\/\/www.europesays.com\/de\/wp-json\/wp\/v2\/users\/2"}],"replies":[{"embeddable":true,"href":"https:\/\/www.europesays.com\/de\/wp-json\/wp\/v2\/comments?post=257762"}],"version-history":[{"count":0,"href":"https:\/\/www.europesays.com\/de\/wp-json\/wp\/v2\/posts\/257762\/revisions"}],"wp:featuredmedia":[{"embeddable":true,"href":"https:\/\/www.europesays.com\/de\/wp-json\/wp\/v2\/media\/257763"}],"wp:attachment":[{"href":"https:\/\/www.europesays.com\/de\/wp-json\/wp\/v2\/media?parent=257762"}],"wp:term":[{"taxonomy":"category","embeddable":true,"href":"https:\/\/www.europesays.com\/de\/wp-json\/wp\/v2\/categories?post=257762"},{"taxonomy":"post_tag","embeddable":true,"href":"https:\/\/www.europesays.com\/de\/wp-json\/wp\/v2\/tags?post=257762"}],"curies":[{"name":"wp","href":"https:\/\/api.w.org\/{rel}","templated":true}]}}