{"id":257784,"date":"2025-07-10T17:26:11","date_gmt":"2025-07-10T17:26:11","guid":{"rendered":"https:\/\/www.europesays.com\/de\/257784\/"},"modified":"2025-07-10T17:26:11","modified_gmt":"2025-07-10T17:26:11","slug":"verwirrung-um-planungsstopp-fuer-neue-berliner-s-bahn-linie","status":"publish","type":"post","link":"https:\/\/www.europesays.com\/de\/257784\/","title":{"rendered":"Verwirrung um Planungsstopp f\u00fcr neue Berliner S-Bahn-Linie"},"content":{"rendered":"<p class=\"tspAMht tspAMhu\">Kommt das Geld oder kommt es nicht? Der Planungsstopp beim von Verz\u00f6gerungen und Pannen begleiteten Berliner S-Bahnprojekt S21 sorgt f\u00fcr Verwirrung. Wie der Tagesspiegel berichtete, hat der schwarz-rote Senat f\u00fcr die Planung <strong>des dritten Bauabschnitts zwischen Potsdamer Platz und Yorckstra\u00dfe\/Gro\u00dfg\u00f6rschenstra\u00dfe<\/strong> noch keine Finanzierungsvereinbarung mit der Deutschen Bahn abgeschlossen.<\/p>\n","protected":false},"excerpt":{"rendered":"Kommt das Geld oder kommt es nicht? Der Planungsstopp beim von Verz\u00f6gerungen und Pannen begleiteten Berliner S-Bahnprojekt S21&hellip;\n","protected":false},"author":2,"featured_media":257785,"comment_status":"","ping_status":"","sticky":false,"template":"","format":"standard","meta":{"footnotes":""},"categories":[1825],"tags":[296,21,2236,31,2030,29,30,525,1949,528],"class_list":{"0":"post-257784","1":"post","2":"type-post","3":"status-publish","4":"format-standard","5":"has-post-thumbnail","7":"category-berlin","8":"tag-berlin","9":"tag-buendnis-90-die-gruenen","10":"tag-bvg","11":"tag-cdu","12":"tag-deutsche-bahn","13":"tag-deutschland","14":"tag-germany","15":"tag-mitte","16":"tag-s-bahn","17":"tag-tempelhof-schoeneberg"},"share_on_mastodon":{"url":"https:\/\/pubeurope.com\/@de\/114830113707305888","error":""},"_links":{"self":[{"href":"https:\/\/www.europesays.com\/de\/wp-json\/wp\/v2\/posts\/257784","targetHints":{"allow":["GET"]}}],"collection":[{"href":"https:\/\/www.europesays.com\/de\/wp-json\/wp\/v2\/posts"}],"about":[{"href":"https:\/\/www.europesays.com\/de\/wp-json\/wp\/v2\/types\/post"}],"author":[{"embeddable":true,"href":"https:\/\/www.europesays.com\/de\/wp-json\/wp\/v2\/users\/2"}],"replies":[{"embeddable":true,"href":"https:\/\/www.europesays.com\/de\/wp-json\/wp\/v2\/comments?post=257784"}],"version-history":[{"count":0,"href":"https:\/\/www.europesays.com\/de\/wp-json\/wp\/v2\/posts\/257784\/revisions"}],"wp:featuredmedia":[{"embeddable":true,"href":"https:\/\/www.europesays.com\/de\/wp-json\/wp\/v2\/media\/257785"}],"wp:attachment":[{"href":"https:\/\/www.europesays.com\/de\/wp-json\/wp\/v2\/media?parent=257784"}],"wp:term":[{"taxonomy":"category","embeddable":true,"href":"https:\/\/www.europesays.com\/de\/wp-json\/wp\/v2\/categories?post=257784"},{"taxonomy":"post_tag","embeddable":true,"href":"https:\/\/www.europesays.com\/de\/wp-json\/wp\/v2\/tags?post=257784"}],"curies":[{"name":"wp","href":"https:\/\/api.w.org\/{rel}","templated":true}]}}