{"id":257792,"date":"2025-07-10T17:30:10","date_gmt":"2025-07-10T17:30:10","guid":{"rendered":"https:\/\/www.europesays.com\/de\/257792\/"},"modified":"2025-07-10T17:30:10","modified_gmt":"2025-07-10T17:30:10","slug":"ist-das-shania-geiss-fans-wegen-frau-an-seite-von-realitystar-komplett-verwirrt","status":"publish","type":"post","link":"https:\/\/www.europesays.com\/de\/257792\/","title":{"rendered":"Ist das Shania Geiss? Fans wegen Frau an Seite von Realitystar komplett verwirrt"},"content":{"rendered":"<ol class=\"id-DonaldBreadcrumb lp_west_breadcrumb id-DonaldBreadcrumb--default\" data-k5a-pos=\"west_breadcrumb\">\n<li class=\"id-Breadcrumb-item\"><a href=\"https:\/\/www.wa.de\/\" class=\"id-Breadcrumb-link\" data-id-ec=\"{\" shn=\"\" textlink=\"\" data-k5a-pos=\"1_waDe\" rel=\"nofollow noopener\" target=\"_blank\">wa.de<\/a><\/li>\n<li class=\"id-Breadcrumb-item\"><a href=\"https:\/\/www.wa.de\/stars-tv\/\" class=\"id-Breadcrumb-link\" data-id-ec=\"{\" shn=\"\" textlink=\"\" tv=\"\" data-k5a-pos=\"2_starsTv\" rel=\"nofollow noopener\" target=\"_blank\">Stars &amp; TV<\/a><\/li>\n<\/ol>\n<p class=\"id-Story-timestamp id-Story-timestamp--default\">Stand: 10.07.2025, 19:00 Uhr<\/p>\n<p class=\"id-Story-interactionBar id-Story-interactionBar--default\">DruckenTeilen<\/p>\n<p class=\"id-StoryElement-leadText\">R\u00e4tselraten bei den Fans von Shania Geiss: Macht die Tochter von Robert und Carmen Geiss gemeinsame Sache mit einer TV-Bekanntheit? Ein Video sorgt f\u00fcr Verwirrung.<\/p>\n<p class=\"id-StoryElement-paragraph\">Monaco \u2013 Shania Geiss (20) pr\u00e4sentiert auf Instagram ihr luxuri\u00f6ses Leben: Mal zeigt sie sich in einem Privatjet, mal auf einer Yacht oder im <a href=\"https:\/\/www.24auto.de\/marken-modelle\/ferrari-org26966\/\" class=\"id-import-Link id-pageApi-Link--externalDomain\" title=\"Ferrari\" data-id-ec=\"{&quot;sht&quot;:&quot;Container&quot;,&quot;shn&quot;:&quot;Story&quot;,&quot;p&quot;:{&quot;containerType&quot;:&quot;Paragraph&quot;,&quot;displayType&quot;:&quot;Paragraph InlineLink&quot;,&quot;type&quot;:&quot;INLINE_LINK&quot;,&quot;value&quot;:&quot;Ferrari&quot;,&quot;variant&quot;:&quot;standardLink&quot;,&quot;sponsored&quot;:false,&quot;linkHref&quot;:&quot;https:\/\/www.24auto.de\/marken-modelle\/ferrari-org26966\/&quot;,&quot;storyElementPosition&quot;:8,&quot;storyElementCount&quot;:19}}\" rel=\"nofollow noopener\" target=\"_blank\">Ferrari<\/a>. Das hat sie ihren <a href=\"https:\/\/www.hallo-eltern.de\/eltern\/\" class=\"id-import-Link id-pageApi-Link--externalDomain\" title=\"Eltern\" data-id-ec=\"{&quot;sht&quot;:&quot;Container&quot;,&quot;shn&quot;:&quot;Story&quot;,&quot;p&quot;:{&quot;containerType&quot;:&quot;Paragraph&quot;,&quot;displayType&quot;:&quot;Paragraph InlineLink&quot;,&quot;type&quot;:&quot;INLINE_LINK&quot;,&quot;value&quot;:&quot;Eltern&quot;,&quot;variant&quot;:&quot;standardLink&quot;,&quot;sponsored&quot;:false,&quot;linkHref&quot;:&quot;https:\/\/www.hallo-eltern.de\/eltern\/&quot;,&quot;storyElementPosition&quot;:8,&quot;storyElementCount&quot;:19}}\" rel=\"nofollow noopener\" target=\"_blank\">Eltern<\/a> zu verdanken, mit denen sie auch regelm\u00e4\u00dfig Fotos postet. Nun soll sie sich an der Seite einer Reality-Pers\u00f6nlichkeit pr\u00e4sentiert haben \u2013 oder doch nicht?<\/p>\n<p><img decoding=\"async\" class=\"id-RatioPlaceholder-element wv_story_el_image\" src=\"https:\/\/www.europesays.com\/de\/wp-content\/uploads\/2025\/07\/37716780-davina-und-shania-geiss-starten-in-eine-neue-staffel-von-quotdavina-amp-shania-we-love-mona.jpeg\" loading=\"lazy\"   height=\"733\" width=\"1100\" alt=\"Davina und Shania Geiss starten in eine neue Staffel von &quot;Davina &amp; Shania - We Love Monaco&quot;.\"\/>Davina und Shania Geiss starten in eine neue Staffel von &#8222;Davina &amp; Shania &#8211; We Love Monaco&#8220;. \u00a9\u00a0RTLZWEITanzt Shania Geiss hier mit einem Realitystar?<\/p>\n<p class=\"id-StoryElement-paragraph\">Ein Clip sorgt bei Shanias Fans aktuell f\u00fcr Verwirrung. In einem Instagram-Video von Calvin Kleinen (33) ist eine Frau mit blonden Haaren zu sehen, die mit dem TV-Star und S\u00e4nger zu einem seiner Schlagerlieder tanzt und die Lippen bewegt. \u201eDanke @shaniageiss\u201c, schreibt Kleinen dazu. Doch hat er versehentlich die falsche Person markiert?<\/p>\n<p class=\"id-StoryElement-paragraph\">In den Kommentaren wundern sich User: \u201eDas ist doch niemals Shania?!\u201c. Zu Shanias scheinbarem Doppelg\u00e4nger schreibt eine weitere Person: \u201eShania auf Wish\u201c und erg\u00e4nzt einen lachenden Emoji. \u201eSie ist es zu 100% nicht\u201c, ist sich auch ein anderer Instagram-Nutzer sicher. Shania selbst \u00e4u\u00dferte sich bislang nicht dazu und auch Kleinen l\u00f6ste das R\u00e4tsel nicht auf.<\/p>\n<p>Shania Geiss lenkt sich mit Event von \u00dcberfall ab<\/p>\n<p class=\"id-StoryElement-paragraph\">Zuletzt teilte Shania einige Schnappsch\u00fcsse von einer Abendveranstaltung in Monaco. Die j\u00fcngere Tochter der Geissens warf sich daf\u00fcr in Schale: Ein schwarzes Neckholder-Top, Glitzershorts und High Heels w\u00e4hlte sie f\u00fcr den Anlass. Vor wenigen Tagen war Shania noch in Berlin. Mit Davina (22) besuchte sie ein Lascana-Event im Rahmen der Fashion Week.<\/p>\n<p class=\"id-StoryElement-paragraph\">Der <a href=\"https:\/\/www.hna.de\/leute\/brutaler-ueberfall-auf-die-geissens-davina-und-shania-tief-erschuettert-nirgends-mehr-sicher-93785456.html\" class=\"id-import-Link id-pageApi-Link--externalDomain\" data-id-ec=\"{&quot;sht&quot;:&quot;Container&quot;,&quot;shn&quot;:&quot;Story&quot;,&quot;p&quot;:{&quot;containerType&quot;:&quot;Paragraph&quot;,&quot;displayType&quot;:&quot;Paragraph InlineLink&quot;,&quot;type&quot;:&quot;INLINE_LINK&quot;,&quot;value&quot;:&quot;Raub&#xFC;berfall auf ihre Familie&quot;,&quot;variant&quot;:&quot;standardLink&quot;,&quot;sponsored&quot;:false,&quot;linkHref&quot;:&quot;https:\/\/www.hna.de\/leute\/brutaler-ueberfall-auf-die-geissens-davina-und-shania-tief-erschuettert-nirgends-mehr-sicher-93785456.html&quot;,&quot;storyElementPosition&quot;:19,&quot;storyElementCount&quot;:19}}\" rel=\"nofollow noopener\" target=\"_blank\">Raub\u00fcberfall auf ihre Familie<\/a> vor wenigen Wochen war ihnen nicht mehr anzusehen \u2013 f\u00fcr Fotos l\u00e4chelten sie in die Kamera. \u201eGott sei Dank waren wir beide nicht da. Das war schlimm f\u00fcr unsere Eltern, aber das Leben geht weiter\u201c, erkl\u00e4rte Shania der \u201eBild\u201c-Zeitung. \u201eWenn wir eine Einladung bekommen, gehen wir auch hin. Das hilft auch, uns abzulenken\u201c, betonte sie. <strong>Verwendete Quellen: <\/strong>instagram.com\/calvinkleinen, instagram.com\/shaniageiss, bild.de<\/p>\n<p><script async src=\"\/\/www.instagram.com\/embed.js\"><\/script><\/p>\n","protected":false},"excerpt":{"rendered":"wa.de Stars &amp; TV Stand: 10.07.2025, 19:00 Uhr DruckenTeilen R\u00e4tselraten bei den Fans von Shania Geiss: Macht die&hellip;\n","protected":false},"author":2,"featured_media":257793,"comment_status":"","ping_status":"","sticky":false,"template":"","format":"standard","meta":{"footnotes":""},"categories":[1776],"tags":[1801,29,214,30,1802,215],"class_list":{"0":"post-257792","1":"post","2":"type-post","3":"status-publish","4":"format-standard","5":"has-post-thumbnail","7":"category-prominente","8":"tag-celebrities","9":"tag-deutschland","10":"tag-entertainment","11":"tag-germany","12":"tag-prominente","13":"tag-unterhaltung"},"share_on_mastodon":{"url":"https:\/\/pubeurope.com\/@de\/114830129482296797","error":""},"_links":{"self":[{"href":"https:\/\/www.europesays.com\/de\/wp-json\/wp\/v2\/posts\/257792","targetHints":{"allow":["GET"]}}],"collection":[{"href":"https:\/\/www.europesays.com\/de\/wp-json\/wp\/v2\/posts"}],"about":[{"href":"https:\/\/www.europesays.com\/de\/wp-json\/wp\/v2\/types\/post"}],"author":[{"embeddable":true,"href":"https:\/\/www.europesays.com\/de\/wp-json\/wp\/v2\/users\/2"}],"replies":[{"embeddable":true,"href":"https:\/\/www.europesays.com\/de\/wp-json\/wp\/v2\/comments?post=257792"}],"version-history":[{"count":0,"href":"https:\/\/www.europesays.com\/de\/wp-json\/wp\/v2\/posts\/257792\/revisions"}],"wp:featuredmedia":[{"embeddable":true,"href":"https:\/\/www.europesays.com\/de\/wp-json\/wp\/v2\/media\/257793"}],"wp:attachment":[{"href":"https:\/\/www.europesays.com\/de\/wp-json\/wp\/v2\/media?parent=257792"}],"wp:term":[{"taxonomy":"category","embeddable":true,"href":"https:\/\/www.europesays.com\/de\/wp-json\/wp\/v2\/categories?post=257792"},{"taxonomy":"post_tag","embeddable":true,"href":"https:\/\/www.europesays.com\/de\/wp-json\/wp\/v2\/tags?post=257792"}],"curies":[{"name":"wp","href":"https:\/\/api.w.org\/{rel}","templated":true}]}}