{"id":257815,"date":"2025-07-10T17:43:15","date_gmt":"2025-07-10T17:43:15","guid":{"rendered":"https:\/\/www.europesays.com\/de\/257815\/"},"modified":"2025-07-10T17:43:15","modified_gmt":"2025-07-10T17:43:15","slug":"regenbogenflagge-bundestagsabgeordnete-muessen-regenbogenfahnen-in-ihren-bueros-abhaengen","status":"publish","type":"post","link":"https:\/\/www.europesays.com\/de\/257815\/","title":{"rendered":"Regenbogenflagge: Bundestagsabgeordnete m\u00fcssen Regenbogenfahnen in ihren B\u00fcros abh\u00e4ngen"},"content":{"rendered":"<p class=\"paragraph article__item\">Die <a href=\"https:\/\/www.zeit.de\/thema\/bundestag\" class=\"\" target=\"_blank\" rel=\"nofollow noopener\">Bundestagsverwaltung<\/a> hat mehrere Abgeordnete dazu<br \/>\naufgefordert, an ihren B\u00fcros angebrachte Regenbogenfahnen zu entfernen. Begr\u00fcndet<br \/>\nwird das mit der Hausordnung des Parlaments. Demnach sei das Anbringen von<br \/>\nFahnen &#8222;grunds\u00e4tzlich und unabh\u00e4ngig von der konkreten Symbolik nicht<br \/>\ngestattet&#8220;, sagte ein Sprecher des Bundestags.\n<\/p>\n<p class=\"paragraph article__item\">Die Aufforderung an die <a href=\"https:\/\/www.zeit.de\/politik\/deutschland\/2025-06\/abgeordnete-protestieren-gegen-queerfeindlichkeit\" class=\"\" target=\"_blank\" rel=\"nofollow noopener\">Abgeordneten<\/a> war Anfang der Woche<br \/>\nergangen. Zuerst hatte der Tagesspiegel dar\u00fcber berichtet. Der Sprecher<br \/>\nbetonte, dass es sich um einen Routinevorgang handele und es &#8222;nicht konkret um<br \/>\ndie Kontrolle von Regenbogenfahnen&#8220; gehe. \u00c4hnliche F\u00e4lle gebe es ihm zufolge immer<br \/>\nwieder. Es bestehe ein generelles Verbot, das etwa auch Deutschland- oder<br \/>\nEuropafahnen sowie auch andere Fahnen und Aush\u00e4nge betreffe.\n<\/p>\n<p class=\"paragraph article__item\">Die Bundestagsverwaltung war nach Angaben des Sprechers<br \/>\nk\u00fcrzlich von Abgeordneten darauf hingewiesen worden, dass in von au\u00dfen<br \/>\nsichtbaren Fenstern von Abgeordnetenb\u00fcros die Regenbogenflaggen, die ein <a href=\"https:\/\/www.zeit.de\/thema\/queerness\" class=\"\" target=\"_blank\" rel=\"nofollow noopener\">Symbol<br \/>\nder queeren Community<\/a>\u00a0sind, angebracht waren.\n<\/p>\n<p>        Bundestagspolizei wurde alarmiert        <\/p>\n<p class=\"paragraph article__item\">Auch die Linkenabgeordnete Stella Merendino hatte eine solche<br \/>\nPride-Flagge in ihr B\u00fcro geh\u00e4ngt. &#8222;Wegen der Regenbogenflagge an meinem B\u00fcro im<br \/>\nBundestag wurde die Bundestagspolizei gerufen&#8220;, schrieb sie auf Instagram.\n<\/p>\n<p class=\"paragraph article__item\">Das sei nach Angaben des Bundestagssprechers ein g\u00e4ngiges<br \/>\nVorgehen. Wenn die Bundestagsverwaltung den Sachverhalt gepr\u00fcft habe, &#8222;wird<br \/>\ndies im Regelfall durch die Bundestagspolizei und das Referat f\u00fcr<br \/>\nZutrittsangelegenheiten umgesetzt&#8220;. Die Hausordnung sei allen Abgeordneten<br \/>\nbekannt.\u00a0\n<\/p>\n<p>        Kl\u00f6ckner will Regenbogenfahne nicht hissen        <\/p>\n<p class=\"paragraph article__item\">In Paragraf 4 der Hausordnung hei\u00dft es: &#8222;Das Anbringen von<br \/>\nAush\u00e4ngen, insbesondere von Plakaten, Postern, Schildern und Aufklebern an<br \/>\nT\u00fcren, W\u00e4nden oder Fenstern in den allgemein zug\u00e4nglichen Geb\u00e4uden des<br \/>\nDeutschen Bundestages sowie an Fenstern und Fassaden dieser Geb\u00e4ude, die von<br \/>\nau\u00dfen sichtbar sind, ist ausnahmslos nicht gestattet.&#8220;\n<\/p>\n<p>                            \u00a9\u00a0Lea Dohle<\/p>\n<p>\n                                        Newsletter<br \/>\n                                        Was jetzt? \u2013 Der t\u00e4gliche Morgen\u00fcberblick<\/p>\n<p class=\"newsletter-signup__text\">Starten Sie mit unserem kurzen Nachrichten-Newsletter in den Tag. Erhalten Sie zudem freitags den US-Sonderletter &#8222;Was jetzt, America?&#8220; sowie das digitale Magazin ZEIT am Wochenende.<\/p>\n<p class=\"newsletter-signup__datapolicy\" hidden=\"\">\n            Mit Ihrer Registrierung nehmen Sie die <a href=\"https:\/\/datenschutz.zeit.de\/zon#Newsletter\" target=\"_blank\" rel=\"nofollow noopener\">Datenschutzerkl\u00e4rung<\/a> zur Kenntnis.\n        <\/p>\n<p>    Vielen Dank! Wir haben Ihnen eine E-Mail geschickt.<\/p>\n<p>Pr\u00fcfen Sie Ihr Postfach und best\u00e4tigen Sie das Newsletter-Abonnement.<\/p>\n<p class=\"paragraph article__item\">Bundestagspr\u00e4sidentin <a href=\"https:\/\/www.zeit.de\/thema\/julia-kloeckner\" class=\"\" target=\"_blank\" rel=\"nofollow noopener\">Julia Kl\u00f6ckner<\/a> (CDU) hatte angeordnet,<br \/>\ndie Regenbogenfahne nur noch zum Internationalen Tag gegen Homophobie am 17.<br \/>\nMai auf dem Reichstagsgeb\u00e4ude hissen zu lassen, nicht mehr zum Berliner CSD am<br \/>\n26. Juli. Kl\u00f6ckner begr\u00fcndete das mit <a href=\"https:\/\/www.zeit.de\/politik\/deutschland\/2025-06\/bundestag-schwertner-linke-kritisiert-kloeckner\" class=\"\" target=\"_blank\" rel=\"nofollow noopener\">Neutralit\u00e4tsgr\u00fcnden<\/a> und wurde f\u00fcr ihre<br \/>\nEntscheidung vielfach <a href=\"https:\/\/www.zeit.de\/politik\/2025-07\/friedrich-merz-zirkuszelt-regenbogenflagge-kritik\" class=\"\" target=\"_blank\" rel=\"nofollow noopener\">kritisiert<\/a>.\n<\/p>\n<p class=\"paragraph article__item\">Die Debatte wurde durch eine Aussage von Bundeskanzler Friedrich Merz (CDU) weiter befeuert. Auf die Frage, wie er es finde, dass Kl\u00f6ckner die<br \/>\nRegenbogenfahne zum CSD nicht auf dem <a class=\"rtr-entity\" href=\"https:\/\/www.zeit.de\/thema\/bundestag\" rel=\"nofollow noopener\" target=\"_blank\">Bundestag<\/a> hissen will, <a href=\"https:\/\/www.zeit.de\/politik\/deutschland\/2025-07\/kanzler-friedrich-merz-entscheidung-csd-julia-kloeckner-bundestag-regenbogenflagge\" class=\"\" target=\"_blank\" rel=\"nofollow noopener\">sagte er in der<br \/>\nARD<\/a>: &#8222;Der Bundestag ist ja nun kein Zirkuszelt&#8220;, auf das man beliebig Fahnen<br \/>\nhisse.\u00a0\n<\/p>\n<p>            Regenbogenfahne        <\/p>\n<p>Mehr zum Thema<\/p>\n<p>                <a href=\"https:\/\/www.zeit.de\/kultur\/2025-06\/neutralitaetspflicht-csd-beamte-julia-kloeckner-bundestag\" data-ct-label=\"Neutralit\u00e4tspflicht: Wer ist hier bitte nicht neutral?\" rel=\"nofollow noopener\" target=\"_blank\"><\/p>\n<p>        Z+ (abopflichtiger Inhalt);<\/p>\n<p>    Neutralit\u00e4tspflicht:<br \/>\n                        Wer ist hier bitte nicht neutral?<\/p>\n<p>                <\/a><\/p>\n<p>                <a href=\"https:\/\/www.zeit.de\/gesellschaft\/2025-06\/queere-rechte-sexualitaet-gender-diskriminierung\" data-ct-label=\"LGBTQ-Rechte: Pride ist immer\" rel=\"nofollow noopener\" target=\"_blank\"><\/p>\n<p>                        LGBTQ-Rechte:<br \/>\n                        Pride ist immer<\/p>\n<p>                <\/a><\/p>\n<p>                <a href=\"https:\/\/www.zeit.de\/politik\/deutschland\/2025-07\/regenbogenfahne-csd-berlin-verbot-bundestag-campact-kloeckner\" data-ct-label=\"Christopher Street Day in Berlin: Tausende Menschen fordern Regenbogenfahne am Bundestag\" rel=\"nofollow noopener\" target=\"_blank\"><\/p>\n<p>                        Christopher Street Day in Berlin:<br \/>\n                        Tausende Menschen fordern Regenbogenfahne am Bundestag<\/p>\n<p>                <\/a><\/p>\n","protected":false},"excerpt":{"rendered":"Die Bundestagsverwaltung hat mehrere Abgeordnete dazu aufgefordert, an ihren B\u00fcros angebrachte Regenbogenfahnen zu entfernen. Begr\u00fcndet wird das mit&hellip;\n","protected":false},"author":2,"featured_media":257816,"comment_status":"","ping_status":"","sticky":false,"template":"","format":"standard","meta":{"footnotes":""},"categories":[5],"tags":[44399,43,13,28296,14,15,16,121,33550,14037,12,10,8,9,11],"class_list":{"0":"post-257815","1":"post","2":"type-post","3":"status-publish","4":"format-standard","5":"has-post-thumbnail","7":"category-nachrichten","8":"tag-regenbogenflagge","9":"tag-deutscher-bundestag","10":"tag-headlines","11":"tag-julia-kloeckner","12":"tag-nachrichten","13":"tag-news","14":"tag-politik","15":"tag-polizei","16":"tag-queerfeindlichkeit","17":"tag-queerness","18":"tag-schlagzeilen","19":"tag-top-news","20":"tag-top-meldungen","21":"tag-topmeldungen","22":"tag-topnews"},"share_on_mastodon":{"url":"https:\/\/pubeurope.com\/@de\/114830180579311724","error":""},"_links":{"self":[{"href":"https:\/\/www.europesays.com\/de\/wp-json\/wp\/v2\/posts\/257815","targetHints":{"allow":["GET"]}}],"collection":[{"href":"https:\/\/www.europesays.com\/de\/wp-json\/wp\/v2\/posts"}],"about":[{"href":"https:\/\/www.europesays.com\/de\/wp-json\/wp\/v2\/types\/post"}],"author":[{"embeddable":true,"href":"https:\/\/www.europesays.com\/de\/wp-json\/wp\/v2\/users\/2"}],"replies":[{"embeddable":true,"href":"https:\/\/www.europesays.com\/de\/wp-json\/wp\/v2\/comments?post=257815"}],"version-history":[{"count":0,"href":"https:\/\/www.europesays.com\/de\/wp-json\/wp\/v2\/posts\/257815\/revisions"}],"wp:featuredmedia":[{"embeddable":true,"href":"https:\/\/www.europesays.com\/de\/wp-json\/wp\/v2\/media\/257816"}],"wp:attachment":[{"href":"https:\/\/www.europesays.com\/de\/wp-json\/wp\/v2\/media?parent=257815"}],"wp:term":[{"taxonomy":"category","embeddable":true,"href":"https:\/\/www.europesays.com\/de\/wp-json\/wp\/v2\/categories?post=257815"},{"taxonomy":"post_tag","embeddable":true,"href":"https:\/\/www.europesays.com\/de\/wp-json\/wp\/v2\/tags?post=257815"}],"curies":[{"name":"wp","href":"https:\/\/api.w.org\/{rel}","templated":true}]}}