{"id":257821,"date":"2025-07-10T17:47:11","date_gmt":"2025-07-10T17:47:11","guid":{"rendered":"https:\/\/www.europesays.com\/de\/257821\/"},"modified":"2025-07-10T17:47:11","modified_gmt":"2025-07-10T17:47:11","slug":"mitarbeiter-sollen-unnoetige-dienstleistungen-beauftragt-haben","status":"publish","type":"post","link":"https:\/\/www.europesays.com\/de\/257821\/","title":{"rendered":"Mitarbeiter sollen unn\u00f6tige Dienstleistungen beauftragt haben"},"content":{"rendered":"<p class=\"bold\">\n\t\t\t\t\t\t\t\t\t\t300.000 Euro f\u00fcr Dokumentationen und \u00dcbersetzungen, die eigentlich schon vorlagen. Mit dieser Betrugsmasche sollen sich drei Angeklagte bereichert haben.\t\t\t\t<\/p>\n<p>\t\t\t\t Dass Anw\u00e4lte mit Rollkoffern einen Verhandlungssaal betreten, kommt am Chemnitzer Amtsgericht nicht gerade oft vor. Genau wie die F\u00e4lle, auf die das Klischee am besten passt: Wirtschaftskriminalit\u00e4t. Vertreter aus diesen Gefilden haben f\u00fcr hiesige Verh\u00e4ltnisse offenbar besondere Anspr\u00fcche: Den Wunsch der Juristen aus Bayern nach einer&#8230;<\/p>\n<p>\t\t<img decoding=\"async\" class=\"fp-plus-logo\" src=\"https:\/\/www.freiepresse.de\/img\/fpplus.svg\" alt=\"Freie Presse plus Logo\"\/><\/p>\n<p>Registrieren und testen.<\/p>\n<p>Jetzt mit Ihrer Registrierung 1 Monat gratis testen und alle Beitr\u00e4ge lesen.<\/p>\n<p>Schon Abonnent? Melden Sie sich mit ihren Zugangsdaten an.<\/p>\n","protected":false},"excerpt":{"rendered":"300.000 Euro f\u00fcr Dokumentationen und \u00dcbersetzungen, die eigentlich schon vorlagen. Mit dieser Betrugsmasche sollen sich drei Angeklagte bereichert&hellip;\n","protected":false},"author":2,"featured_media":257822,"comment_status":"","ping_status":"","sticky":false,"template":"","format":"standard","meta":{"footnotes":""},"categories":[1851],"tags":[2770,3364,29,548,663,3934,18853,30,13,14,15,859,12],"class_list":{"0":"post-257821","1":"post","2":"type-post","3":"status-publish","4":"format-standard","5":"has-post-thumbnail","7":"category-chemnitz","8":"tag-chemnitz","9":"tag-de","10":"tag-deutschland","11":"tag-eu","12":"tag-europa","13":"tag-europe","14":"tag-gericht-rechtsstreit","15":"tag-germany","16":"tag-headlines","17":"tag-nachrichten","18":"tag-news","19":"tag-sachsen","20":"tag-schlagzeilen"},"share_on_mastodon":{"url":"https:\/\/pubeurope.com\/@de\/114830196372075312","error":""},"_links":{"self":[{"href":"https:\/\/www.europesays.com\/de\/wp-json\/wp\/v2\/posts\/257821","targetHints":{"allow":["GET"]}}],"collection":[{"href":"https:\/\/www.europesays.com\/de\/wp-json\/wp\/v2\/posts"}],"about":[{"href":"https:\/\/www.europesays.com\/de\/wp-json\/wp\/v2\/types\/post"}],"author":[{"embeddable":true,"href":"https:\/\/www.europesays.com\/de\/wp-json\/wp\/v2\/users\/2"}],"replies":[{"embeddable":true,"href":"https:\/\/www.europesays.com\/de\/wp-json\/wp\/v2\/comments?post=257821"}],"version-history":[{"count":0,"href":"https:\/\/www.europesays.com\/de\/wp-json\/wp\/v2\/posts\/257821\/revisions"}],"wp:featuredmedia":[{"embeddable":true,"href":"https:\/\/www.europesays.com\/de\/wp-json\/wp\/v2\/media\/257822"}],"wp:attachment":[{"href":"https:\/\/www.europesays.com\/de\/wp-json\/wp\/v2\/media?parent=257821"}],"wp:term":[{"taxonomy":"category","embeddable":true,"href":"https:\/\/www.europesays.com\/de\/wp-json\/wp\/v2\/categories?post=257821"},{"taxonomy":"post_tag","embeddable":true,"href":"https:\/\/www.europesays.com\/de\/wp-json\/wp\/v2\/tags?post=257821"}],"curies":[{"name":"wp","href":"https:\/\/api.w.org\/{rel}","templated":true}]}}