{"id":258572,"date":"2025-07-11T00:40:18","date_gmt":"2025-07-11T00:40:18","guid":{"rendered":"https:\/\/www.europesays.com\/de\/258572\/"},"modified":"2025-07-11T00:40:18","modified_gmt":"2025-07-11T00:40:18","slug":"wetter-easy-listening-nrwision","status":"publish","type":"post","link":"https:\/\/www.europesays.com\/de\/258572\/","title":{"rendered":"Wetter | Easy Listening | NRWision"},"content":{"rendered":"<p class=\"card__subtitle\"> Musiksendung von Ralf Clausen und Uschi Heeke &#8211; produziert beim medienforum m\u00fcnster e. V. <\/p>\n<p>Die Hitzewelle mit Temperaturen nahe 40 Grad hat NRW fest im Griff. Das nimmt Moderator Ralf Clausen zum Anlass, um \u00fcber das Wetter zu sprechen. Was ist nach den hei\u00dfen Tagen noch vom Sommer 2025 zu erwarten? Wird das Wetter in den n\u00e4chsten Wochen doch eher durchwachsen? Und stimmt es eigentlich, dass es in M\u00fcnster h\u00e4ufiger regnet als anderswo? Diese und weitere Fragen beantwortet Ralf Clausen in seiner Musiksendung &#8222;Easy Listening&#8220;. Passend dazu pr\u00e4sentiert er Songs und Schallplatten rund ums Wetter. Unter anderem spielt Ralf Clausen die Songs &#8222;On a Clear Day You Can See Forever&#8220; vom britischen Trio &#8222;The Peddlers&#8220;, &#8222;I Can&#8217;t Stand The Rain&#8220; von der amerikanischen S\u00e4ngerin Ann Peebles und &#8222;Steam Heat&#8220; von der amerikanischen Jazzs\u00e4ngerin Ella Fitzgerald.<\/p>\n","protected":false},"excerpt":{"rendered":"Musiksendung von Ralf Clausen und Uschi Heeke &#8211; produziert beim medienforum m\u00fcnster e. V. Die Hitzewelle mit Temperaturen&hellip;\n","protected":false},"author":2,"featured_media":258573,"comment_status":"","ping_status":"","sticky":false,"template":"","format":"standard","meta":{"footnotes":""},"categories":[1843],"tags":[3364,29,30,11607,14084,1563,8970,810,1209,10328,78762,4747,6848,15477,1973],"class_list":{"0":"post-258572","1":"post","2":"type-post","3":"status-publish","4":"format-standard","5":"has-post-thumbnail","7":"category-muenster","8":"tag-de","9":"tag-deutschland","10":"tag-germany","11":"tag-hitze","12":"tag-jazz","13":"tag-klima","14":"tag-muenster","15":"tag-musik","16":"tag-nordrhein-westfalen","17":"tag-regen","18":"tag-schallplatte","19":"tag-sonne","20":"tag-temperatur","21":"tag-vinyl","22":"tag-wetter"},"share_on_mastodon":{"url":"https:\/\/pubeurope.com\/@de\/114831820284825324","error":""},"_links":{"self":[{"href":"https:\/\/www.europesays.com\/de\/wp-json\/wp\/v2\/posts\/258572","targetHints":{"allow":["GET"]}}],"collection":[{"href":"https:\/\/www.europesays.com\/de\/wp-json\/wp\/v2\/posts"}],"about":[{"href":"https:\/\/www.europesays.com\/de\/wp-json\/wp\/v2\/types\/post"}],"author":[{"embeddable":true,"href":"https:\/\/www.europesays.com\/de\/wp-json\/wp\/v2\/users\/2"}],"replies":[{"embeddable":true,"href":"https:\/\/www.europesays.com\/de\/wp-json\/wp\/v2\/comments?post=258572"}],"version-history":[{"count":0,"href":"https:\/\/www.europesays.com\/de\/wp-json\/wp\/v2\/posts\/258572\/revisions"}],"wp:featuredmedia":[{"embeddable":true,"href":"https:\/\/www.europesays.com\/de\/wp-json\/wp\/v2\/media\/258573"}],"wp:attachment":[{"href":"https:\/\/www.europesays.com\/de\/wp-json\/wp\/v2\/media?parent=258572"}],"wp:term":[{"taxonomy":"category","embeddable":true,"href":"https:\/\/www.europesays.com\/de\/wp-json\/wp\/v2\/categories?post=258572"},{"taxonomy":"post_tag","embeddable":true,"href":"https:\/\/www.europesays.com\/de\/wp-json\/wp\/v2\/tags?post=258572"}],"curies":[{"name":"wp","href":"https:\/\/api.w.org\/{rel}","templated":true}]}}