{"id":258603,"date":"2025-07-11T00:57:16","date_gmt":"2025-07-11T00:57:16","guid":{"rendered":"https:\/\/www.europesays.com\/de\/258603\/"},"modified":"2025-07-11T00:57:16","modified_gmt":"2025-07-11T00:57:16","slug":"waldbraende-in-europa-fluege-von-deutschland-nach-sardinien-wegen-waldbrandes-umgeleitet","status":"publish","type":"post","link":"https:\/\/www.europesays.com\/de\/258603\/","title":{"rendered":"Waldbr\u00e4nde in Europa: Fl\u00fcge von Deutschland nach Sardinien wegen Waldbrandes umgeleitet"},"content":{"rendered":"<p class=\"paragraph article__item\">Drei Flugzeuge aus Deutschland sind wegen eines gro\u00dffl\u00e4chigen <a class=\"rtr-entity\" href=\"https:\/\/www.zeit.de\/thema\/waldbrand\" rel=\"nofollow noopener\" target=\"_blank\">Waldbrandes<\/a> nahe dem Flughafen im Norden der Mittelmeerinsel Sardinien umgeleitet worden. Betroffen waren zwei Maschinen aus M\u00fcnchen sowie ein Flug aus Berlin, wie die italienische Nachrichtenagentur Ansa berichtet.\u00a0Statt in Olbia zu landen, wo der Luftraum zeitweise gesperrt war, flogen sie demnach nach Cagliari im S\u00fcden der Insel.\u00a0\n<\/p>\n<p class=\"paragraph article__item\">Der Flughafen Costa Smeralda blieb zwar ge\u00f6ffnet, ankommende Maschinen konnten jedoch bis abends nicht landen. Abfl\u00fcge waren demnach weiterhin m\u00f6glich. Laut der Betreiberfirma\u00a0Geasar\u00a0wurden neun Fl\u00fcge umgeleitet und zehn gestrichen, am Abend wurde der Flugraum wieder freigegeben.\u00a0Ausl\u00f6ser der Einschr\u00e4nkungen war ein Waldbrand in der N\u00e4he der Schnellstra\u00dfe Sassari\u2013Olbia im Gebiet von su Trambuccone.\u00a0\n<\/p>\n<p>                        Brand auch auf Festland        <\/p>\n<p class=\"paragraph article__item\">Auch an der italienischen Westk\u00fcste in der Toskana hat es einen gro\u00dfen Waldbrand gegeben.\u00a0Wie die <a class=\"rtr-entity\" href=\"https:\/\/www.zeit.de\/thema\/feuerwehr\" rel=\"nofollow noopener\" target=\"_blank\">Feuerwehr<\/a> auf X mitteilte, konnten die Flammen\u00a0in der N\u00e4he eines Campingplatzes\u00a0in Rocchette bei Castiglione della Pescaia (Provinz Grosseto) am Abend gel\u00f6scht werden. Rund 600 Menschen wurden in Sicherheit gebracht, nachdem das Feuer auf Pinienw\u00e4lder und die Ferienanlage \u00fcbergegriffen hatte. Nun seien Aufr\u00e4umarbeiten im Gange. Nach derzeitigem Kenntnisstand gebe es keine Verletzten.<\/p>\n<p class=\"paragraph article__item\">Der\u00a0Brand\u00a0soll\u00a0Medienberichten zufolge am Nachmittag durch einen Defekt an einer Entsalzungsanlage ausgel\u00f6st worden sein. Die Touristen wurden in einer nahegelegenen Sporthalle untergebracht, wo sie die Nacht verbringen sollten. Im Einsatz waren Feuerwehr, Forstkorps, Freiwillige sowie mehrere L\u00f6schhubschrauber. Auch die Armee schickte Tankfahrzeuge mit Wasser in die K\u00fcstenstadt.\n<\/p>\n<p>        Feuerwehrmann stirbt in Spanien        <\/p>\n<p class=\"paragraph article__item\">Im\u00a0Nordosten\u00a0<a class=\"rtr-entity\" href=\"https:\/\/www.zeit.de\/thema\/spanien\" rel=\"nofollow noopener\" target=\"_blank\">Spaniens<\/a> ist ein Feuerwehrmann im <a href=\"https:\/\/www.zeit.de\/video\/2025-07\/waldbraende-hitze-feuer-video\" class=\"\" target=\"_blank\" rel=\"nofollow noopener\">Einsatz gegen einen\u00a0Waldbrand<\/a> gestorben.\u00a0Der Mann geh\u00f6rte nach Beh\u00f6rdenangaben einer Einheit der Feuerwehr an, die unter anderem f\u00fcr das Entfernen von Gestr\u00fcpp und die K\u00fchlung des Bodens zust\u00e4ndig ist. Er sei nach einem Unfall mit einem Rettungshubschrauber in ein Krankenhaus geflogen worden, dort aber gestorben.\n<\/p>\n<p>                            \u00a9\u00a0Lea Dohle<\/p>\n<p>\n                                        Newsletter<br \/>\n                                        Was jetzt? \u2013 Der t\u00e4gliche Morgen\u00fcberblick<\/p>\n<p class=\"newsletter-signup__text\">Starten Sie mit unserem kurzen Nachrichten-Newsletter in den Tag. Erhalten Sie zudem freitags den US-Sonderletter &#8222;Was jetzt, America?&#8220; sowie das digitale Magazin ZEIT am Wochenende.<\/p>\n<p class=\"newsletter-signup__datapolicy\" hidden=\"\">\n            Mit Ihrer Registrierung nehmen Sie die <a href=\"https:\/\/datenschutz.zeit.de\/zon#Newsletter\" target=\"_blank\" rel=\"nofollow noopener\">Datenschutzerkl\u00e4rung<\/a> zur Kenntnis.\n        <\/p>\n<p>    Vielen Dank! Wir haben Ihnen eine E-Mail geschickt.<\/p>\n<p>Pr\u00fcfen Sie Ihr Postfach und best\u00e4tigen Sie das Newsletter-Abonnement.<\/p>\n<p class=\"paragraph article__item\">Der Waldbrand war am Montag in der Umgebung der Stadt Tarragona in Katalonien ausgebrochen und hat nach Angaben der Forstbeh\u00f6rde seitdem rund 3.300 Hektar Land zerst\u00f6rt, unter anderem im Naturpark Els Ports in Pa\u00fcls. Am Mittwoch gelang es der Feuerwehr, den\u00a0Brand\u00a0weitgehend unter Kontrolle zu bringen.\n<\/p>\n<p class=\"paragraph article__item\">Durch die Trockenheit der B\u00f6den hat sich die\u00a0Brandgefahr in Spanien zuletzt erh\u00f6ht. Umweltministerin Sara Aagesen hatte vor einigen Tagen gesagt, mit Blick auf die Waldbr\u00e4nde sei mit <a href=\"https:\/\/www.zeit.de\/wissen\/2025-04\/sommer-hitzerekorde-trockenheit-dauerregen-klimawandel-wetterexperten\" class=\"\" target=\"_blank\" rel=\"nofollow noopener\">einem &#8222;sehr problematischen&#8220; Sommer<\/a> zu rechnen.\u00a0Nach Angaben des Europ\u00e4ischen Waldbrand-Informationssystems (Effis) war Spanien 2022 mit rund 500 Br\u00e4nden und mehr als 300.000 Hektar verbrannter Fl\u00e4che das am st\u00e4rksten von Waldbr\u00e4nden betroffene Land in <a class=\"rtr-entity\" href=\"https:\/\/www.zeit.de\/thema\/europa\" rel=\"nofollow noopener\" target=\"_blank\">Europa<\/a>. In diesem Jahr wurden bisher rund 24.000 Hektar Land zerst\u00f6rt.\n<\/p>\n<p>                        Griechenland meldet mehr als 50 Br\u00e4nde an einem Tag        <\/p>\n<p class=\"paragraph article__item\">Auch die griechischen Beh\u00f6rden k\u00e4mpfen gegen Br\u00e4nde.\u00a0In den zur\u00fcckliegenden 24 Stunden seien landesweit weitere 55 Wald- und Buschbr\u00e4nde ausgebrochen, sagte der Sprecher der Feuerwehrgewerkschaft, Kostas Tsigas, am Donnerstagmorgen im griechischen Rundfunk. &#8222;Wir m\u00fcssen jetzt mit dem Tageslicht und mithilfe der L\u00f6schhubschrauber schnell die letzten\u00a0Brandherde\u00a0l\u00f6schen, sp\u00e4ter werden n\u00e4mlich starke Winde einsetzen&#8220;, sagte Tsigas.\n<\/p>\n<p class=\"paragraph article__item\">Ein gro\u00dfer\u00a0Brand\u00a0brach unter anderem auf der Ferieninsel Thasos aus. Wie \u00f6rtliche Medien berichteten, musste dort vorsorglich wegen der starken Rauchentwicklung ein Hotel evakuiert werden. Auch in Nordmazedonien seien zahlreiche Br\u00e4nde ausgebrochen, berichtete der griechische Rundfunk. <a class=\"rtr-entity\" href=\"https:\/\/www.zeit.de\/thema\/griechenland\" rel=\"nofollow noopener\" target=\"_blank\">Griechenland<\/a> unterst\u00fctzt das Nachbarland mit zwei L\u00f6schflugzeugen und Feuerwehrleuten.\n<\/p>\n<p>            Hitze        <\/p>\n<p>Mehr zum Thema<\/p>\n<p>                <a href=\"https:\/\/www.zeit.de\/wissen\/2024-12\/deutschland-2050-klimawandel-hitze-gesundheit-tigermuecke-video\" data-ct-label=\"Klimawandel in Deutschland: K\u00f6rper am Limit \u2013 was Hitze mit unserer Gesundheit macht\" rel=\"nofollow noopener\" target=\"_blank\"><\/p>\n<p>                        Klimawandel in Deutschland:<br \/>\n                        K\u00f6rper am Limit \u2013 was Hitze mit unserer Gesundheit macht<\/p>\n<p>                <\/a><\/p>\n<p>                <a href=\"https:\/\/www.zeit.de\/kultur\/2025-07\/klimaveraenderungen-hitze-eiszeit-geschichte-menschen-klimawandel\" data-ct-label=\"Klimaver\u00e4nderungen: Das Grad zu einer anderen Welt\" rel=\"nofollow noopener\" target=\"_blank\"><\/p>\n<p>        Z+ (abopflichtiger Inhalt);<\/p>\n<p>    Klimaver\u00e4nderungen:<br \/>\n                        Das Grad zu einer anderen Welt<\/p>\n<p>                <\/a><\/p>\n<p>                <a href=\"https:\/\/www.zeit.de\/mobilitaet\/2025-06\/forgotten-baby-syndrome-auto-kinder-child-presence-detection-warnsysteme\" data-ct-label=\"Forgotten Baby Syndrome: Bei 56 Grad im Kindersitz\" rel=\"nofollow noopener\" target=\"_blank\"><\/p>\n<p>        Z+ (abopflichtiger Inhalt);<\/p>\n<p>    Forgotten Baby Syndrome:<br \/>\n                        Bei 56 Grad im Kindersitz<\/p>\n<p>                <\/a><\/p>\n","protected":false},"excerpt":{"rendered":"Drei Flugzeuge aus Deutschland sind wegen eines gro\u00dffl\u00e4chigen Waldbrandes nahe dem Flughafen im Norden der Mittelmeerinsel Sardinien umgeleitet&hellip;\n","protected":false},"author":2,"featured_media":258604,"comment_status":"","ping_status":"","sticky":false,"template":"","format":"standard","meta":{"footnotes":""},"categories":[2],"tags":[331,3924,332,3922,296,78755,3364,29,663,30,1724,1565,13,1268,14,3923,15,3921,36090,32405,78768,12,4026,78767,78766],"class_list":{"0":"post-258603","1":"post","2":"type-post","3":"status-publish","4":"format-standard","5":"has-post-thumbnail","7":"category-deutschland","8":"tag-aktuelle-nachrichten","9":"tag-aktuelle-nachrichten-aus-deutschland","10":"tag-aktuelle-news","11":"tag-aktuelle-news-aus-deutschland","12":"tag-berlin","13":"tag-cagliari","14":"tag-de","15":"tag-deutschland","16":"tag-europa","17":"tag-germany","18":"tag-gesellschaft","19":"tag-griechenland","20":"tag-headlines","21":"tag-muenchen","22":"tag-nachrichten","23":"tag-nachrichten-aus-deutschland","24":"tag-news","25":"tag-news-aus-deutschland","26":"tag-olbia","27":"tag-sardinien","28":"tag-sassari","29":"tag-schlagzeilen","30":"tag-spanien","31":"tag-toskana","32":"tag-waldbraende-in-europa"},"share_on_mastodon":{"url":"https:\/\/pubeurope.com\/@de\/114831887174079941","error":""},"_links":{"self":[{"href":"https:\/\/www.europesays.com\/de\/wp-json\/wp\/v2\/posts\/258603","targetHints":{"allow":["GET"]}}],"collection":[{"href":"https:\/\/www.europesays.com\/de\/wp-json\/wp\/v2\/posts"}],"about":[{"href":"https:\/\/www.europesays.com\/de\/wp-json\/wp\/v2\/types\/post"}],"author":[{"embeddable":true,"href":"https:\/\/www.europesays.com\/de\/wp-json\/wp\/v2\/users\/2"}],"replies":[{"embeddable":true,"href":"https:\/\/www.europesays.com\/de\/wp-json\/wp\/v2\/comments?post=258603"}],"version-history":[{"count":0,"href":"https:\/\/www.europesays.com\/de\/wp-json\/wp\/v2\/posts\/258603\/revisions"}],"wp:featuredmedia":[{"embeddable":true,"href":"https:\/\/www.europesays.com\/de\/wp-json\/wp\/v2\/media\/258604"}],"wp:attachment":[{"href":"https:\/\/www.europesays.com\/de\/wp-json\/wp\/v2\/media?parent=258603"}],"wp:term":[{"taxonomy":"category","embeddable":true,"href":"https:\/\/www.europesays.com\/de\/wp-json\/wp\/v2\/categories?post=258603"},{"taxonomy":"post_tag","embeddable":true,"href":"https:\/\/www.europesays.com\/de\/wp-json\/wp\/v2\/tags?post=258603"}],"curies":[{"name":"wp","href":"https:\/\/api.w.org\/{rel}","templated":true}]}}