{"id":258695,"date":"2025-07-11T01:48:18","date_gmt":"2025-07-11T01:48:18","guid":{"rendered":"https:\/\/www.europesays.com\/de\/258695\/"},"modified":"2025-07-11T01:48:18","modified_gmt":"2025-07-11T01:48:18","slug":"take-off-ausstellung-der-burg-meisterschuelerinnen-oeffnet-im-volkspark-du-bist-halle","status":"publish","type":"post","link":"https:\/\/www.europesays.com\/de\/258695\/","title":{"rendered":"\u201eTake Off\u201c-Ausstellung der Burg-Meistersch\u00fcler*innen \u00f6ffnet im Volkspark \u2013 Du bist Halle"},"content":{"rendered":"<p>Die BURG Giebichenstein Kunsthochschule Halle pr\u00e4sentiert in ihrer Jahresausstellung heute Abend um 18 Uhr im Foyer des Volksparks ihr j\u00fcngstes Highlight: \u201eTake Off\u202f2025 \u2013 Meistersch\u00fcler*innen der BURG\u201c. Unter der Leitung von Rektorin\u202fProf. Bettina\u202fErzgr\u00e4ber und Prorektor\u202fProf. Tilo\u202fBaumg\u00e4rtel leiten Dekanin Prof. Dr. Sara\u202fBurkhardt und Kuratorin Dr. Jule\u202fReuter durch die spannende Er\u00f6ffnung. Um 20 Uhr folgt eine gro\u00dfe Mode-Werkschau auf dem Gel\u00e4nde des k\u00fcnftigen Neubaus Kunst an der Seebener Stra\u00dfe \u2013 symboltr\u00e4chtig f\u00fcr den Hochschulaufbruch .<\/p>\n<p>Sieben Meistersch\u00fcler*innen pr\u00e4sentieren Arbeiten, die insbesondere durch installative Raumgestaltung beeindrucken \u2013 ein Zusammenspiel verschiedener Medien und Mehrsensibilit\u00e4t .<\/p>\n<p>Sophia Roggenkamp bringt eine duftende Installation mit Heu- und Strohballen: Der Geruch ruraler Herkunft trifft auf Sprachfragmente und wird mit gro\u00dfformatigen Fotografien \u00fcber industrielle Ver\u00e4nderungen im l\u00e4ndlichen Raum kombiniert. Diese Arbeit hinterfragt die Schnittstelle st\u00e4dtisch\u2011l\u00e4ndlicher Biographien und weckt einen Sinn f\u00fcr kulturelle Transformation.<\/p>\n<p>Gesa Wagner arbeitet mit Fischernetzen aus Marseille, kombiniert Skulptur, Zeichnung und Installation und thematisiert, wie Erinnerungen in Materialien eingeschrieben bleiben, trotz deren Umgestaltung.<\/p>\n<p>Paul\u2011Jakob Meussling setzt in seinen gro\u00dffl\u00e4chigen Graphitzeichnungen Sch\u00e4del und Skelette ein, interpretiert den Totentanz neu und lotet den schmalen Grat zwischen makaberem Humor und existenzieller Ernsthaftigkeit aus<\/p>\n<p>Weitere Arbeiten setzen sich mit Verg\u00e4nglichkeit, Endlichkeit, gesellschaftlichen \u00c4ngsten, dem Verlust kindlicher Ideale und dem Widerstand gegen Krisen auseinander<\/p>\n<p>Rahmendaten im \u00dcberblick<br \/>Ausstellungszeitraum: 12. Juli \u2013 3. August 2025<br \/>Ort: Burg Galerie im Volkspark (Schleifweg 8a, Halle)<br \/>\u00d6ffnungszeiten: t\u00e4glich 14\u201319\u202fUhr (am 12.\u201313. Juli bereits ab 10\u202fUhr)<br \/>Eintritt: frei<\/p>\n<p>Begleitprogramm<br \/>16. Juli, 17\u202fUhr: Artist Talk mit Roggenkamp, Meussling und Anne\u202fPruy, moderiert von Jule\u202fReuter und Luise von Cossart<br \/>27. Juli, 15\u202fUhr: \u00d6ffentliche F\u00fchrungen von Studierenden der Kunstp\u00e4dagogik und Kunstwissenschaften (kostenfrei, ohne Anmeldung)<\/p>\n<p>+2<\/p>\n<p>burg-halle.de<\/p>\n<p>+2<\/p>\n<p>burg-halle.de<\/p>\n<p>+2<\/p>\n<p>27. Juli, 15\u202fUhr: \u00d6ffentliche F\u00fchrungen von Studierenden der Kunstp\u00e4dagogik und Kunstwissenschaften (kostenfrei, ohne Anmeldung)<\/p>\n<p>Seit 2021 dokumentiert die Ausstellungsreihe \u201eTake Off\u201c j\u00e4hrlich die Abschlusswerke der Meistersch\u00fcler*innen. Ein begleitender Katalog erscheint traditionell im Hochschulverlag.<\/p>\n<p>+2<\/p>\n<p>burg-halle.de<\/p>\n<p>+2<\/p>\n<p>burg-halle.de<\/p>\n<p>+2<\/p>\n<p>Kontext &amp; Bedeutung<\/p>\n<p>Seit 2021 dokumentiert die Ausstellungsreihe \u201eTake Off\u201c j\u00e4hrlich die Abschlusswerke der Meistersch\u00fcler*innen. Ein begleitender Katalog erscheint traditionell im Hochschulverlag<\/p>\n<p><a href=\"https:\/\/dubisthalle.de\/wp-content\/uploads\/2025\/07\/18082084-f301-4ac9-88d5-e66661ca27a8.jpeg\" data-slb-active=\"1\" data-slb-asset=\"1363609160\" data-slb-internal=\"0\" data-slb-group=\"322249\" rel=\"nofollow noopener\" target=\"_blank\"><img decoding=\"async\" loading=\"lazy\" width=\"1200\" height=\"676\" data-id=\"322257\" src=\"https:\/\/www.europesays.com\/de\/wp-content\/uploads\/2025\/07\/18082084-f301-4ac9-88d5-e66661ca27a8-1200x676.jpeg\" alt=\"\" class=\"wp-image-322257\"  \/><\/a><\/p>\n<p><a href=\"https:\/\/dubisthalle.de\/wp-content\/uploads\/2025\/07\/70908a86-7aa2-4ec0-bce2-5bfbc5a542c2.jpeg\" data-slb-active=\"1\" data-slb-asset=\"654402725\" data-slb-internal=\"0\" data-slb-group=\"322249\" rel=\"nofollow noopener\" target=\"_blank\"><img decoding=\"async\" loading=\"lazy\" width=\"1200\" height=\"676\" data-id=\"322253\" src=\"https:\/\/www.europesays.com\/de\/wp-content\/uploads\/2025\/07\/70908a86-7aa2-4ec0-bce2-5bfbc5a542c2-1200x676.jpeg\" alt=\"\" class=\"wp-image-322253\"  \/><\/a><\/p>\n<p><a href=\"https:\/\/dubisthalle.de\/wp-content\/uploads\/2025\/07\/975d5ca5-8f30-45cf-adea-4834d1d4cf8d.jpeg\" data-slb-active=\"1\" data-slb-asset=\"1665277827\" data-slb-internal=\"0\" data-slb-group=\"322249\" rel=\"nofollow noopener\" target=\"_blank\"><img decoding=\"async\" loading=\"lazy\" width=\"1200\" height=\"676\" data-id=\"322259\" src=\"https:\/\/www.europesays.com\/de\/wp-content\/uploads\/2025\/07\/975d5ca5-8f30-45cf-adea-4834d1d4cf8d-1200x676.jpeg\" alt=\"\" class=\"wp-image-322259\"  \/><\/a><\/p>\n<p><a href=\"https:\/\/dubisthalle.de\/wp-content\/uploads\/2025\/07\/3ccac98b-7ace-459c-b3e3-3ca791426877.jpeg\" data-slb-active=\"1\" data-slb-asset=\"400214025\" data-slb-internal=\"0\" data-slb-group=\"322249\" rel=\"nofollow noopener\" target=\"_blank\"><img decoding=\"async\" loading=\"lazy\" width=\"1200\" height=\"676\" data-id=\"322261\" src=\"https:\/\/www.europesays.com\/de\/wp-content\/uploads\/2025\/07\/3ccac98b-7ace-459c-b3e3-3ca791426877-1200x676.jpeg\" alt=\"\" class=\"wp-image-322261\"  \/><\/a><\/p>\n<p><a href=\"https:\/\/dubisthalle.de\/wp-content\/uploads\/2025\/07\/13f519b8-ccfb-4406-9901-d19f1dab0494.jpeg\" data-slb-active=\"1\" data-slb-asset=\"1817791580\" data-slb-internal=\"0\" data-slb-group=\"322249\" rel=\"nofollow noopener\" target=\"_blank\"><img decoding=\"async\" loading=\"lazy\" width=\"1200\" height=\"676\" data-id=\"322258\" src=\"https:\/\/www.europesays.com\/de\/wp-content\/uploads\/2025\/07\/13f519b8-ccfb-4406-9901-d19f1dab0494-1200x676.jpeg\" alt=\"\" class=\"wp-image-322258\"  \/><\/a><\/p>\n<p><a href=\"https:\/\/dubisthalle.de\/wp-content\/uploads\/2025\/07\/ff040ae9-2257-4c14-95a5-5b97c41c76fe.jpeg\" data-slb-active=\"1\" data-slb-asset=\"1602730887\" data-slb-internal=\"0\" data-slb-group=\"322249\" rel=\"nofollow noopener\" target=\"_blank\"><img decoding=\"async\" loading=\"lazy\" width=\"1200\" height=\"676\" data-id=\"322250\" src=\"https:\/\/www.europesays.com\/de\/wp-content\/uploads\/2025\/07\/ff040ae9-2257-4c14-95a5-5b97c41c76fe-1200x676.jpeg\" alt=\"\" class=\"wp-image-322250\"  \/><\/a><\/p>\n<p><a href=\"https:\/\/dubisthalle.de\/wp-content\/uploads\/2025\/07\/9ef0c90d-b002-4290-862a-13165483a381.jpeg\" data-slb-active=\"1\" data-slb-asset=\"1354310064\" data-slb-internal=\"0\" data-slb-group=\"322249\" rel=\"nofollow noopener\" target=\"_blank\"><img decoding=\"async\" loading=\"lazy\" width=\"1200\" height=\"676\" data-id=\"322254\" src=\"https:\/\/www.europesays.com\/de\/wp-content\/uploads\/2025\/07\/9ef0c90d-b002-4290-862a-13165483a381-1200x676.jpeg\" alt=\"\" class=\"wp-image-322254\"  \/><\/a><\/p>\n<p><a href=\"https:\/\/dubisthalle.de\/wp-content\/uploads\/2025\/07\/dea692c5-ec1a-4f55-821d-d7fd60748ad6.jpeg\" data-slb-active=\"1\" data-slb-asset=\"1058718642\" data-slb-internal=\"0\" data-slb-group=\"322249\" rel=\"nofollow noopener\" target=\"_blank\"><img decoding=\"async\" loading=\"lazy\" width=\"577\" height=\"1024\" data-id=\"322260\" src=\"https:\/\/www.europesays.com\/de\/wp-content\/uploads\/2025\/07\/dea692c5-ec1a-4f55-821d-d7fd60748ad6-577x1024.jpeg\" alt=\"\" class=\"wp-image-322260\"  \/><\/a><\/p>\n<p><a href=\"https:\/\/dubisthalle.de\/wp-content\/uploads\/2025\/07\/3d5b3d8e-eb2b-475c-a42b-87469cf4e5aa.jpeg\" data-slb-active=\"1\" data-slb-asset=\"1637075363\" data-slb-internal=\"0\" data-slb-group=\"322249\" rel=\"nofollow noopener\" target=\"_blank\"><img decoding=\"async\" loading=\"lazy\" width=\"577\" height=\"1024\" data-id=\"322252\" src=\"https:\/\/www.europesays.com\/de\/wp-content\/uploads\/2025\/07\/3d5b3d8e-eb2b-475c-a42b-87469cf4e5aa-577x1024.jpeg\" alt=\"\" class=\"wp-image-322252\"  \/><\/a><\/p>\n<p><a href=\"https:\/\/dubisthalle.de\/wp-content\/uploads\/2025\/07\/73ee7b22-3e3d-48f7-9fe7-c886d6de28d4.jpeg\" data-slb-active=\"1\" data-slb-asset=\"271999610\" data-slb-internal=\"0\" data-slb-group=\"322249\" rel=\"nofollow noopener\" target=\"_blank\"><img decoding=\"async\" loading=\"lazy\" width=\"1200\" height=\"676\" data-id=\"322251\" src=\"https:\/\/www.europesays.com\/de\/wp-content\/uploads\/2025\/07\/73ee7b22-3e3d-48f7-9fe7-c886d6de28d4-1200x676.jpeg\" alt=\"\" class=\"wp-image-322251\"  \/><\/a><\/p>\n<p><a href=\"https:\/\/dubisthalle.de\/wp-content\/uploads\/2025\/07\/0ef930e7-cb83-4138-9aa1-5480d6715a78.jpeg\" data-slb-active=\"1\" data-slb-asset=\"887366103\" data-slb-internal=\"0\" data-slb-group=\"322249\" rel=\"nofollow noopener\" target=\"_blank\"><img decoding=\"async\" loading=\"lazy\" width=\"577\" height=\"1024\" data-id=\"322256\" src=\"https:\/\/www.europesays.com\/de\/wp-content\/uploads\/2025\/07\/0ef930e7-cb83-4138-9aa1-5480d6715a78-577x1024.jpeg\" alt=\"\" class=\"wp-image-322256\"  \/><\/a><\/p>\n<p><a href=\"https:\/\/dubisthalle.de\/wp-content\/uploads\/2025\/07\/84ccda04-3f32-427c-bed8-97ed73197cab.jpeg\" data-slb-active=\"1\" data-slb-asset=\"663786939\" data-slb-internal=\"0\" data-slb-group=\"322249\" rel=\"nofollow noopener\" target=\"_blank\"><img decoding=\"async\" loading=\"lazy\" width=\"1200\" height=\"676\" data-id=\"322255\" src=\"https:\/\/www.europesays.com\/de\/wp-content\/uploads\/2025\/07\/84ccda04-3f32-427c-bed8-97ed73197cab-1200x676.jpeg\" alt=\"\" class=\"wp-image-322255\"  \/><\/a><\/p>\n","protected":false},"excerpt":{"rendered":"Die BURG Giebichenstein Kunsthochschule Halle pr\u00e4sentiert in ihrer Jahresausstellung heute Abend um 18 Uhr im Foyer des Volksparks&hellip;\n","protected":false},"author":2,"featured_media":258696,"comment_status":"","ping_status":"","sticky":false,"template":"","format":"standard","meta":{"footnotes":""},"categories":[1860],"tags":[3364,29,548,663,3934,30,4062,17332,13,14,15,17331,860,12],"class_list":{"0":"post-258695","1":"post","2":"type-post","3":"status-publish","4":"format-standard","5":"has-post-thumbnail","7":"category-halle-saale","8":"tag-de","9":"tag-deutschland","10":"tag-eu","11":"tag-europa","12":"tag-europe","13":"tag-germany","14":"tag-halle","15":"tag-halle-saale","16":"tag-headlines","17":"tag-nachrichten","18":"tag-news","19":"tag-saale","20":"tag-sachsen-anhalt","21":"tag-schlagzeilen"},"share_on_mastodon":{"url":"https:\/\/pubeurope.com\/@de\/114832088298541325","error":""},"_links":{"self":[{"href":"https:\/\/www.europesays.com\/de\/wp-json\/wp\/v2\/posts\/258695","targetHints":{"allow":["GET"]}}],"collection":[{"href":"https:\/\/www.europesays.com\/de\/wp-json\/wp\/v2\/posts"}],"about":[{"href":"https:\/\/www.europesays.com\/de\/wp-json\/wp\/v2\/types\/post"}],"author":[{"embeddable":true,"href":"https:\/\/www.europesays.com\/de\/wp-json\/wp\/v2\/users\/2"}],"replies":[{"embeddable":true,"href":"https:\/\/www.europesays.com\/de\/wp-json\/wp\/v2\/comments?post=258695"}],"version-history":[{"count":0,"href":"https:\/\/www.europesays.com\/de\/wp-json\/wp\/v2\/posts\/258695\/revisions"}],"wp:featuredmedia":[{"embeddable":true,"href":"https:\/\/www.europesays.com\/de\/wp-json\/wp\/v2\/media\/258696"}],"wp:attachment":[{"href":"https:\/\/www.europesays.com\/de\/wp-json\/wp\/v2\/media?parent=258695"}],"wp:term":[{"taxonomy":"category","embeddable":true,"href":"https:\/\/www.europesays.com\/de\/wp-json\/wp\/v2\/categories?post=258695"},{"taxonomy":"post_tag","embeddable":true,"href":"https:\/\/www.europesays.com\/de\/wp-json\/wp\/v2\/tags?post=258695"}],"curies":[{"name":"wp","href":"https:\/\/api.w.org\/{rel}","templated":true}]}}