{"id":258813,"date":"2025-07-11T02:50:13","date_gmt":"2025-07-11T02:50:13","guid":{"rendered":"https:\/\/www.europesays.com\/de\/258813\/"},"modified":"2025-07-11T02:50:13","modified_gmt":"2025-07-11T02:50:13","slug":"strassensperrungen-wegen-technoparade-rave-the-planet","status":"publish","type":"post","link":"https:\/\/www.europesays.com\/de\/258813\/","title":{"rendered":"Stra\u00dfensperrungen wegen Technoparade \u201eRave the Planet\u201c"},"content":{"rendered":"<p class=\"paragraph tw-mx-auto tw-mb-6\">Wegen der gro\u00dfen Technoparade \u201eRave the Planet\u201c sind von Freitagabend bis Sonntagmorgen zahlreiche Stra\u00dfen im Bereich des Tiergartens gesperrt. Autofahrer m\u00fcssen sich auf Umleitungen und Staus einstellen. Sperrungen gibt es am Wochenende auch am Olympiastadion, dort findet das Festival Lollapalooza statt.\u00a0<\/p>\n<p class=\"paragraph tw-mx-auto tw-mb-6\">Die Parade \u201eRave the Planet\u201c, die als Demonstration und nicht als Party angemeldet ist, beginnt am Samstag um 14.00 Uhr auf der Stra\u00dfe des 17. Juni zwischen Gro\u00dfem Stern und Brandenburger Tor. Ab Freitagabend ist die Stra\u00dfe des 17. Juni gesperrt. Die umliegenden Stra\u00dfen werden dann von Samstagvormittag bis nach Mitternacht geschlossen. Ab Sonntagvormittag soll der gesamte Bereich wieder frei sein.\u00a0<\/p>\n<p class=\"paragraph tw-mx-auto tw-mb-6\">Am Samstagnachmittag und Abend k\u00f6nnten wegen des Andrangs auch die U-Bahnh\u00f6fe Brandenburger Tor und Bundestag geschlossen werden. Ob weitere Bahnh\u00f6fe betroffen sind, stand noch nicht fest.<\/p>\n","protected":false},"excerpt":{"rendered":"Wegen der gro\u00dfen Technoparade \u201eRave the Planet\u201c sind von Freitagabend bis Sonntagmorgen zahlreiche Stra\u00dfen im Bereich des Tiergartens&hellip;\n","protected":false},"author":2,"featured_media":258814,"comment_status":"","ping_status":"","sticky":false,"template":"","format":"standard","meta":{"footnotes":""},"categories":[1825],"tags":[296,29,30,601],"class_list":{"0":"post-258813","1":"post","2":"type-post","3":"status-publish","4":"format-standard","5":"has-post-thumbnail","7":"category-berlin","8":"tag-berlin","9":"tag-deutschland","10":"tag-germany","11":"tag-verkehr"},"share_on_mastodon":{"url":"https:\/\/pubeurope.com\/@de\/114832331522027888","error":""},"_links":{"self":[{"href":"https:\/\/www.europesays.com\/de\/wp-json\/wp\/v2\/posts\/258813","targetHints":{"allow":["GET"]}}],"collection":[{"href":"https:\/\/www.europesays.com\/de\/wp-json\/wp\/v2\/posts"}],"about":[{"href":"https:\/\/www.europesays.com\/de\/wp-json\/wp\/v2\/types\/post"}],"author":[{"embeddable":true,"href":"https:\/\/www.europesays.com\/de\/wp-json\/wp\/v2\/users\/2"}],"replies":[{"embeddable":true,"href":"https:\/\/www.europesays.com\/de\/wp-json\/wp\/v2\/comments?post=258813"}],"version-history":[{"count":0,"href":"https:\/\/www.europesays.com\/de\/wp-json\/wp\/v2\/posts\/258813\/revisions"}],"wp:featuredmedia":[{"embeddable":true,"href":"https:\/\/www.europesays.com\/de\/wp-json\/wp\/v2\/media\/258814"}],"wp:attachment":[{"href":"https:\/\/www.europesays.com\/de\/wp-json\/wp\/v2\/media?parent=258813"}],"wp:term":[{"taxonomy":"category","embeddable":true,"href":"https:\/\/www.europesays.com\/de\/wp-json\/wp\/v2\/categories?post=258813"},{"taxonomy":"post_tag","embeddable":true,"href":"https:\/\/www.europesays.com\/de\/wp-json\/wp\/v2\/tags?post=258813"}],"curies":[{"name":"wp","href":"https:\/\/api.w.org\/{rel}","templated":true}]}}