{"id":258815,"date":"2025-07-11T02:51:39","date_gmt":"2025-07-11T02:51:39","guid":{"rendered":"https:\/\/www.europesays.com\/de\/258815\/"},"modified":"2025-07-11T02:51:39","modified_gmt":"2025-07-11T02:51:39","slug":"union-berlin-worauf-baumgart-ab-sofort-grossen-wert-legt-sport","status":"publish","type":"post","link":"https:\/\/www.europesays.com\/de\/258815\/","title":{"rendered":"Union Berlin: Worauf Baumgart ab sofort gro\u00dfen Wert legt | Sport"},"content":{"rendered":"<p>Neue Saison, neues Feuer! <\/p>\n<p><b>Steffen Baumgart (53) hat am Mittwochmorgen sein erstes Training beim<\/b><a href=\"https:\/\/www.bild.de\/sport\/fussball\/union-berlin\/startseite-union-31148690.bild.html\" class=\"text-link\" target=\"_blank\" rel=\"noopener\"><b> 1. FC Union Berlin<\/b><\/a><b> geleitet. 850 Fans wollten sich das Spektakel im Stadion An der Alten F\u00f6rsterei nicht entgehen lassen. Mit viel Beifall wurden Team und Coach empfangen. Klub-Boss Dirk Zingler (60) verfolgte die Einheit von der Trib\u00fcne aus.<\/b><\/p>\n<p>Falls Kim den Klub verl\u00e4sst: Bayern hat Chelsea-Star auf dem Radar<a href=\"https:\/\/www.bild.de\/sport\/falls-kim-bayern-verlaesst-eberl-hat-star-vom-fc-chelsea-auf-dem-radar-686d0225d1592e395c9d44fa\" class=\"anchor\" target=\"_blank\" rel=\"noopener\"><img decoding=\"async\" width=\"992\" height=\"558\" alt=\"FC Bayern: Wenn Kim geht \u2013 Eberl hat Chelsea-Star Renato Veiga im Blick\" src=\"https:\/\/www.europesays.com\/de\/wp-content\/uploads\/2025\/07\/6eca36071d7b6a3c8c7274e067d2034f-landscape,54b4df9c\"   class=\"landscape teaser__image\" loading=\"lazy\"\/><\/a><\/p>\n<p>Quelle: BILD09.07.2025<\/p>\n<p>Trotz Nieselregen herrschte gespannte Vorfreude. Noch vor dem ersten Ballkontakt versammelte Baumgart seine Mannschaft f\u00fcr eine kurze Ansprache im Mittelkreis. Dann ging\u2019s los: laut, intensiv, fokussiert.<\/p>\n<p>Im Mittelpunkt der rund 75-min\u00fctigen Einheit stand vor allem das Kurzpassspiel \u2013 schnelle Kombinationen, sauberes Timing, pr\u00e4zises Zusammenspiel. Baumgart gab st\u00e4ndig Anweisungen und trieb sein Team immer wieder an.<\/p>\n<p>Zum Abschluss wurde in drei Teams im Modus 9 gegen 9 auf verk\u00fcrztem Feld gespielt \u2013 hohes Tempo, viele Zweik\u00e4mpfe, direkter Zug zum Tor. Worauf Baumgart ab sofort gro\u00dfen Wert legt, ist sofort zu erkennen.<\/p>\n<p>Lesen Sie auch<\/p>\n<p>Auf dem Platz standen mehrere neue Gesichter: <b>Oliver Burke<\/b> (28, abl\u00f6sefrei aus Bremen), <b>Ilyas Ansah<\/b> (20, f\u00fcr 4 Mio. aus Paderborn) und Offensiv-Juwel <b>Livan Burcu<\/b> (20, nach Madgeburg-Leihe zur\u00fcck) mischten von Anfang an mit. Auch die Leih-R\u00fcckkehrer <b>Paul Jaeckel<\/b> (26, Braunschweig) und <b>Alex Kr\u00e1l<\/b> (27, Espanyol Barcelona) waren (vorerst) wieder dabei. Insgesamt 25 Feldspieler (darunter zwei Jugendspieler) und vier Torh\u00fcter schwitzten unter Baumgarts Kommando.<\/p>\n<p>Auch interessant<\/p>\n<p>Anzeige<\/p>\n<p>Auch interessant<\/p>\n<p>Anzeige<\/p>\n<p><b>Aljoscha Kemlein (20) trainierte nach seiner Knieverletzung noch individuell. Woo-yeong Jeong (25) fehlt weiterhin \u2013 der Offensivmann leistet derzeit seinen Milit\u00e4rdienst in S\u00fcdkorea, wird am Sonntag zur\u00fcckerwartet.<\/b><\/p>\n<p>Am Wochenende steigt der erste Testspiel-Doppelpack: Am Samstag tritt <a href=\"https:\/\/www.bild.de\/sport\/fussball\/union-berlin\/startseite-union-31148690.bild.html\" class=\"text-link\" target=\"_blank\" rel=\"noopener\">Union<\/a> beim Brandenburger SC S\u00fcd an, am Sonntag geht\u2019s zu Gr\u00fcn-Wei\u00df Ahrensfelde.<\/p>\n<p>\u2605\u2605\u2605\u2605\u2605<\/p>\n<p>Torh\u00fcter Lennart Grill (26) verl\u00e4sst Union Berlin und schlie\u00dft sich Zweitliga-Aufsteiger Dynamo Dresden an. Zuletzt war der Keeper an Greuther F\u00fcrth ausgeliehen. Seit seinem Wechsel zu den Eisernen im Sommer 2022 (zun\u00e4chst auf Leihbasis) konnte sich Grill nie als Stammkraft etablieren, absolvierte lediglich acht Pflichtspiele und wurde in dieser Zeit dreimal verliehen.<\/p>\n","protected":false},"excerpt":{"rendered":"Neue Saison, neues Feuer! Steffen Baumgart (53) hat am Mittwochmorgen sein erstes Training beim 1. FC Union Berlin&hellip;\n","protected":false},"author":2,"featured_media":258816,"comment_status":"","ping_status":"","sticky":false,"template":"","format":"standard","meta":{"footnotes":""},"categories":[1825],"tags":[297,1740,296,29,538,347,30,806,45],"class_list":{"0":"post-258815","1":"post","2":"type-post","3":"status-publish","4":"format-standard","5":"has-post-thumbnail","7":"category-berlin","8":"tag-1-fc-union-berlin","9":"tag-baumgart-steffen","10":"tag-berlin","11":"tag-deutschland","12":"tag-erste-bundesliga","13":"tag-fussball","14":"tag-germany","15":"tag-sport-leuchtturm-berlin","16":"tag-texttospeech"},"share_on_mastodon":{"url":"https:\/\/pubeurope.com\/@de\/114832335438395381","error":""},"_links":{"self":[{"href":"https:\/\/www.europesays.com\/de\/wp-json\/wp\/v2\/posts\/258815","targetHints":{"allow":["GET"]}}],"collection":[{"href":"https:\/\/www.europesays.com\/de\/wp-json\/wp\/v2\/posts"}],"about":[{"href":"https:\/\/www.europesays.com\/de\/wp-json\/wp\/v2\/types\/post"}],"author":[{"embeddable":true,"href":"https:\/\/www.europesays.com\/de\/wp-json\/wp\/v2\/users\/2"}],"replies":[{"embeddable":true,"href":"https:\/\/www.europesays.com\/de\/wp-json\/wp\/v2\/comments?post=258815"}],"version-history":[{"count":0,"href":"https:\/\/www.europesays.com\/de\/wp-json\/wp\/v2\/posts\/258815\/revisions"}],"wp:featuredmedia":[{"embeddable":true,"href":"https:\/\/www.europesays.com\/de\/wp-json\/wp\/v2\/media\/258816"}],"wp:attachment":[{"href":"https:\/\/www.europesays.com\/de\/wp-json\/wp\/v2\/media?parent=258815"}],"wp:term":[{"taxonomy":"category","embeddable":true,"href":"https:\/\/www.europesays.com\/de\/wp-json\/wp\/v2\/categories?post=258815"},{"taxonomy":"post_tag","embeddable":true,"href":"https:\/\/www.europesays.com\/de\/wp-json\/wp\/v2\/tags?post=258815"}],"curies":[{"name":"wp","href":"https:\/\/api.w.org\/{rel}","templated":true}]}}