{"id":258826,"date":"2025-07-11T02:57:14","date_gmt":"2025-07-11T02:57:14","guid":{"rendered":"https:\/\/www.europesays.com\/de\/258826\/"},"modified":"2025-07-11T02:57:14","modified_gmt":"2025-07-11T02:57:14","slug":"beauty-the-nerd-max-vergnuegt-sich-mit-maria","status":"publish","type":"post","link":"https:\/\/www.europesays.com\/de\/258826\/","title":{"rendered":"&#8222;Beauty &#038; The Nerd&#8220;-Max vergn\u00fcgt sich mit Maria"},"content":{"rendered":"<p style=\"order:0\" class=\"spanFix max-w-[750px] leading-[30px] sm:text-[22px] sm:leading-[38px] sm:text-[22px] sm:leading-[38px]\"><a target=\"_self\" data-google-interstitial=\"true\" href=\"https:\/\/www.promiflash.de\/thema\/max-bornmann\/\" rel=\"nofollow noopener\">Max Bornmann<\/a> sorgt in der aktuellen <a target=\"_self\" data-google-interstitial=\"true\" href=\"https:\/\/www.promiflash.de\/thema\/beauty-und-the-nerd\/\" rel=\"nofollow noopener\">Beauty &amp; The Nerd<\/a>-Folge erneut <a target=\"_self\" data-google-interstitial=\"true\" href=\"https:\/\/www.promiflash.de\/news\/2025\/07\/10\/im-team-es-kommt-zum-ersten-kuss-bei-beauty-und-the-nerd.html\" rel=\"nofollow noopener\">f\u00fcr Wirbel<\/a>. Der flirtfreudige Kandidat nimmt in der neuen Episode seine Mitstreiterin <a target=\"_self\" data-google-interstitial=\"true\" href=\"https:\/\/www.promiflash.de\/thema\/maria-bell\/\" rel=\"nofollow noopener\">Maria Bell<\/a> ins Visier. Zun\u00e4chst kommen sich die beiden am Pool n\u00e4her, wo es zwischen Max und Maria heftig knistert. Doch dabei bleibt es nicht: Maria l\u00e4sst ihre Mitstreiterinnen wissen, dass sie sp\u00e4ter unter die Dusche gehen werde \u2013 und zwar mit Max. Gesagt, getan: <b>Das Paar wird schlie\u00dflich unter der Dusche miteinander intim, und Maria kommt aus dem Strahlen nicht mehr heraus.<\/b><\/p>\n<p style=\"order:3\" class=\"spanFix max-w-[750px] leading-[30px] sm:text-[22px] sm:leading-[38px] sm:text-[22px] sm:leading-[38px]\">Die Ann\u00e4herung zwischen Max und Maria k\u00f6nnte auch in den kommenden Tagen f\u00fcr Spannungen sorgen. Max ist sich bewusst, dass Maria, die ganz offensichtlich schon Feuer und Flamme f\u00fcr ihn ist, eine eifers\u00fcchtige Ader haben k\u00f6nnte. &#8222;Ich k\u00f6nnte mir schon vorstellen, dass ich n\u00e4chste Woche \u00c4rger mit Maria bekomme&#8220;, merkt Max augenzwinkernd an. Doch der Reality-Star hat schon eine Strategie: <b>&#8222;Aber wenn es so weit kommt, machen wir es einfach mit Vers\u00f6hnungssex wieder gut.&#8220;<\/b><\/p>\n<p style=\"order:6\" class=\"spanFix max-w-[750px] leading-[30px] sm:text-[22px] sm:leading-[38px] sm:text-[22px] sm:leading-[38px]\">Max ist f\u00fcr seine Flirt-Attacken in der Villa l\u00e4ngst bekannt. In der neuen Folge lockte er auch <a target=\"_self\" data-google-interstitial=\"true\" href=\"https:\/\/www.promiflash.de\/thema\/laura-maria-lettgen\/\" rel=\"nofollow noopener\">Laura Maria Lettgen<\/a> unter die Dusche. Zwischen den beiden blieb es jedoch beim harmlosen gegenseitigen Einseifen. Auch bei <a target=\"_self\" data-google-interstitial=\"true\" href=\"https:\/\/www.promiflash.de\/thema\/elsa-latifaj\/\" rel=\"nofollow noopener\">Elsa Latifaj<\/a> versuchte der ehemalige <a target=\"_self\" data-google-interstitial=\"true\" href=\"https:\/\/www.promiflash.de\/thema\/make-love-fake-love\/\" rel=\"nofollow noopener\">Make Love, Fake Love<\/a>-Kandidat sein Gl\u00fcck. Elsa zeigte sich anfangs nicht ganz abgeneigt, doch als sie von Max und Maria mitbekam, war die Sache f\u00fcr sie gegessen: <b>&#8222;Ich habe kein Interesse an M\u00e4nnern, die wirklich mit allen rummachen.&#8220;<\/b><\/p>\n<p><img class=\"top-0  absolute h-full w-full object-cover\" alt=\"Collage: Max Bornmann und Maria Bell, &quot;Beauty &amp; The Nerd&quot;-Beautys\" width=\"854\" height=\"480\" decoding=\"async\"  loading=\"lazy\" style=\"background-size:cover;background-position:50% 50%;background-repeat:no-repeat;background-image:url(&quot;data:image\/svg+xml;charset=utf-8,%3Csvg xmlns='http:\/\/www.w3.org\/2000\/svg' viewBox='0 0 640 640'%3E%3Cfilter id='b' color-interpolation-filters='sRGB'%3E%3CfeGaussianBlur stdDeviation='20'\/%3E%3CfeColorMatrix values='1 0 0 0 0 0 1 0 0 0 0 0 1 0 0 0 0 0 100 -1' result='s'\/%3E%3CfeFlood x='0' y='0' width='100%25' height='100%25'\/%3E%3CfeComposite operator='out' in='s'\/%3E%3CfeComposite in2='SourceGraphic'\/%3E%3CfeGaussianBlur stdDeviation='20'\/%3E%3C\/filter%3E%3Cimage width='100%25' height='100%25' x='0' y='0' preserveAspectRatio='none' style='filter: url(%23b);' href='data:image\/png;base64,iVBORw0KGgoAAAANSUhEUgAAABAAAAAQCAYAAAAf8\/9hAAAEG0lEQVR4AQEQBO\/7AACXv\/8Alr\/\/AJW\/\/xiTv\/8lkb\/\/JY\/A\/xWOwP8AjsD\/AIy\/\/wCKu\/8AhbT\/AH2p\/wBzmv8AZoj\/HFl2\/zNOZ\/8AF5rA\/x6ZwP8pmL\/\/M5W\/\/ziTv\/82kb\/\/KpDA\/wOPwP8Ajr7\/AIu6\/wCHs\/8Af6j\/AHWZ\/wxpiP80XHb\/RFJn\/wBUosD\/VaLA\/1igwP9anb\/\/Wpq\/\/1WYv\/9LlsD\/OpS\/\/x+Tvf8AkLn\/AIux\/wCEpv8se5f\/Rm+G\/1lkdP9jW2b\/AH2twf99rMH\/farA\/3ynwP95pMD\/c6HA\/2mev\/9bnL7\/TJq8\/z+Wt\/89kq\/\/SIuk\/1mClf9reIT\/eW9z\/4JoZf8AnLfA\/5y2wP+btMD\/mbLB\/5Wuwf+Oq8H\/g6jA\/3elvv9qorv\/Yp61\/2GYrP9qkqH\/eIqS\/4eCg\/+Ue3P\/nXVn\/wCzvr7\/s76+\/7K9wP+wu8H\/q7jD\/6S2w\/+assL\/j67A\/4Oqu\/97pbT\/e5+q\/4KYnv+PkpD\/nYuC\/6mGdf+ygmz\/AMLCuv\/Cwrv\/wsK+\/8DCwv+9wcX\/t7\/H\/668xv+it8P\/l7G8\/4+rs\/+Oo6j\/k52b\/5+Xj\/+sk4P\/uJB5\/8COc\/8Ay8K1\/8vCt\/\/MxLz\/zMfC\/8rIyP\/FyMv\/vcXL\/7K\/xv+nuL7\/n6+z\/5ynpv+gn5n\/qpuO\/7aYhf\/CmH\/\/yph8\/wDNvq\/\/zsCy\/9DEuf\/SycP\/0s3L\/8\/O0P\/JzND\/v8bK\/7S9wf+qsrP\/pail\/6igl\/+wnI3\/vJyH\/8eehf\/PoYX\/AMy5qf\/OvK3\/0cK3\/9bKw\/\/Y0M3\/19PT\/9LR0\/\/Iy83\/vcDC\/7Kzs\/+sqKP\/rKCV\/7OdjP++n4n\/yaOL\/9Cojf8AybWl\/8u4qf\/RwLX\/18rD\/9vSz\/\/c1tX\/2NXW\/8\/Oz\/\/DwsL\/t7Sy\/6+noP+unpL\/tJyL\/76hiv\/Jp47\/0K2T\/wDGsqL\/yLWn\/8+\/tP\/XysL\/3dTP\/9\/Y1v\/c19b\/08\/O\/8fCwf+6s6\/\/saWd\/66cjv+znIj\/vaGK\/8iqkP\/QsJb\/AMSxov\/Htaf\/zr+0\/9fLwv\/e1c7\/4dnV\/97Y1P\/Vz8z\/ycK9\/7uyq\/+xo5j\/rpuK\/7ObhP+9ooj\/yKyP\/9Gzlv8Aw7Kk\/8e2qf\/PwLT\/2MzC\/+DVzf\/i2dL\/39fR\/9bPyP\/Jwbn\/u7Cm\/7Cik\/+tmoX\/s5uA\/72jhP\/JrY3\/0rWU\/wDEtaf\/x7mr\/8\/Ctf\/ZzcH\/4NbL\/+PZ0P\/g183\/1s7E\/8nAtP+6r6H\/sKGO\/62ZgP+zm3z\/vqOB\/8quiv\/TtpL\/AMW3qf\/Iu63\/0MO2\/9rOwf\/h1sr\/49nO\/+DWy\/\/WzcH\/yL+x\/7qunf+voIr\/rJl8\/7Obef+\/pH7\/zK6I\/9W2j\/9\/Tu0J2RQMpwAAAABJRU5ErkJggg=='\/%3E%3C\/svg%3E&quot;)\" src=\"https:\/\/www.europesays.com\/de\/wp-content\/uploads\/2025\/07\/collage-von-max-bornmann-und-maria-bell.jpg\" fetchpriority=\"auto\"\/>Collage: Joyn\/Benjamin Kis, Joyn\/ Benjamin Kis<img decoding=\"async\" alt=\"Bilder Gallerie Button\" class=\"absolute bottom-[7px] right-[3px] w-[54px] h-[54px] group-hover:scale-110 transition-transform duration-300\" src=\"https:\/\/www.europesays.com\/de\/wp-content\/uploads\/2025\/03\/galerie_button.png\" loading=\"lazy\"\/>Collage: Max Bornmann und Maria Bell, &#8222;Beauty &amp; The Nerd&#8220;-Beautys<img class=\"top-0  absolute h-full w-full object-cover\" alt=\"Maria Bell im Juni 2023\" width=\"854\" height=\"480\" decoding=\"async\"  loading=\"lazy\" style=\"background-size:cover;background-position:50% 50%;background-repeat:no-repeat;background-image:url(&quot;data:image\/svg+xml;charset=utf-8,%3Csvg xmlns='http:\/\/www.w3.org\/2000\/svg' viewBox='0 0 640 640'%3E%3Cfilter id='b' color-interpolation-filters='sRGB'%3E%3CfeGaussianBlur stdDeviation='20'\/%3E%3CfeColorMatrix values='1 0 0 0 0 0 1 0 0 0 0 0 1 0 0 0 0 0 100 -1' result='s'\/%3E%3CfeFlood x='0' y='0' width='100%25' height='100%25'\/%3E%3CfeComposite operator='out' in='s'\/%3E%3CfeComposite in2='SourceGraphic'\/%3E%3CfeGaussianBlur stdDeviation='20'\/%3E%3C\/filter%3E%3Cimage width='100%25' height='100%25' x='0' y='0' preserveAspectRatio='none' style='filter: url(%23b);' href='data:image\/png;base64,iVBORw0KGgoAAAANSUhEUgAAABAAAAAQCAYAAAAf8\/9hAAAEG0lEQVR4AQEQBO\/7AIhOAP+JUAD\/ilYA\/4teIP+OZzP\/kW5A\/5R0SP+YeE3\/m3pQ\/516UP+eeU\/\/n3hO\/552TP+ddUv\/m3RL\/5pzSv8AilIA\/4tUAP+MWhL\/jmIq\/5BqOv+TcUb\/lndO\/5l7U\/+cfVX\/nn1W\/6B8Vf+ge1P\/oHpR\/595UP+eeFD\/nXdP\/wCQWxv\/kF0i\/5FjL\/+Taz7\/lnNK\/5h6VP+bf1z\/noJg\/6CEYv+ihWL\/pIRh\/6SDYP+lg17\/pYJd\/6WCXP+kglv\/AJZmN\/+XaDv\/mG1E\/5p1T\/+cfFr\/noNj\/6GIav+ji27\/pY1w\/6eNcP+ojW\/\/qo1t\/6uNbP+sjWr\/rY5p\/66OaP8AnW9H\/51xSv+edlL\/oH1c\/6GEZf+jim7\/pY51\/6eSef+ok3v\/qpR7\/62Uev+vlXj\/sZV2\/7OXdP+1mHP\/tphy\/wCidU\/\/ondS\/6J7Wf+igGH\/o4Zr\/6SMc\/+lkHn\/p5N+\/6mVgP+sl4H\/r5iA\/7KZfv+1mnz\/t5x6\/7mdeP+7nnf\/AKR3UP+jeFP\/ontY\/6F\/YP+ghGn\/oIhx\/6CMd\/+ij3z\/ppJ\/\/6qUgP+uloD\/sph\/\/7WafP+4nHr\/up54\/7yfd\/8Ao3VL\/6J2Tf+fd1L\/nHlZ\/5h8YP+Wf2j\/l4Jv\/5qGdP+eiXj\/pI16\/6qQev+vk3n\/s5Z3\/7aYdf+3mnL\/uJtx\/wCfcED\/nnBC\/5lvRv+Tb0v\/jW9S\/4lwWv+Jc2H\/jXdn\/5R8bP+cgW\/\/pIZw\/6qKcP+ujm\/\/sJBs\/7GRaf+xkmf\/AJpqNP+YaTX\/kWY4\/4ljPP+AYEL\/eV9J\/3lhUP9\/Zlj\/iG1e\/5N1Y\/+ce2b\/o4Fm\/6eEZf+ohmP\/qIdg\/6eIXv8AlGQu\/5FjLv+KXi\/\/flkx\/3NTNf9rUDz\/alJE\/3FZTP99YVT\/imta\/5VzXv+ceWD\/oHxg\/6B+Xv+ff1v\/nX9Z\/wCOYjT\/i2A0\/4NbM\/93VTT\/ak43\/2JLPP9hTUP\/aVRM\/3ZdVP+EZ1r\/j3Bf\/5Z2Yf+ZeWL\/mXth\/5d7X\/+Vel3\/AIpkQ\/+HYkP\/gF5D\/3RZQ\/9pVEb\/YFJK\/2BUUP9oWlf\/dWNd\/4FsY\/+Mc2f\/knlq\/5V8a\/+VfWr\/kn1p\/5B8aP8AiGhT\/4VnU\/9\/ZVT\/dmJV\/2xfWP9mX1z\/ZmJh\/21oZ\/93b2z\/gnZx\/4t7dP+RgHb\/k4J3\/5ODd\/+Rg3f\/j4N2\/wCHbWH\/hW1h\/4BsY\/95a2X\/cmto\/25tbP9vcHD\/dHV1\/3x6ef+FgH3\/jISA\/5GIgv+TioP\/k4uD\/5KLg\/+QioP\/AIZxav+FcWr\/gXJs\/3xyb\/93dHL\/dXZ2\/3Z6e\/96fn\/\/gIOD\/4eHhv+Ni4j\/kY6K\/5OPi\/+UkIv\/k5CL\/5KQi\/\/NTmru0OA7zQAAAABJRU5ErkJggg=='\/%3E%3C\/svg%3E&quot;)\" src=\"https:\/\/www.europesays.com\/de\/wp-content\/uploads\/2025\/07\/maria-bell-posiert.jpg\" fetchpriority=\"auto\"\/>Instagram \/ mariabell_official<img decoding=\"async\" alt=\"Bilder Gallerie Button\" class=\"absolute bottom-[7px] right-[3px] w-[54px] h-[54px] group-hover:scale-110 transition-transform duration-300\" src=\"https:\/\/www.europesays.com\/de\/wp-content\/uploads\/2025\/03\/galerie_button.png\" loading=\"lazy\"\/>Maria Bell im Juni 2023<img class=\"top-0  absolute h-full w-full object-cover\" alt=\"Max Bornmann, Reality-TV-Star\" width=\"854\" height=\"480\" decoding=\"async\"  loading=\"lazy\" style=\"background-size:cover;background-position:50% 50%;background-repeat:no-repeat;background-image:url(&quot;data:image\/svg+xml;charset=utf-8,%3Csvg xmlns='http:\/\/www.w3.org\/2000\/svg' viewBox='0 0 640 640'%3E%3Cfilter id='b' color-interpolation-filters='sRGB'%3E%3CfeGaussianBlur stdDeviation='20'\/%3E%3CfeColorMatrix values='1 0 0 0 0 0 1 0 0 0 0 0 1 0 0 0 0 0 100 -1' result='s'\/%3E%3CfeFlood x='0' y='0' width='100%25' height='100%25'\/%3E%3CfeComposite operator='out' in='s'\/%3E%3CfeComposite in2='SourceGraphic'\/%3E%3CfeGaussianBlur stdDeviation='20'\/%3E%3C\/filter%3E%3Cimage width='100%25' height='100%25' x='0' y='0' preserveAspectRatio='none' style='filter: url(%23b);' href='data:image\/png;base64,iVBORw0KGgoAAAANSUhEUgAAABAAAAAQCAYAAAAf8\/9hAAAEG0lEQVR4AQEQBO\/7AMCchf\/Bn4n\/xamU\/8q0oP\/Ovan\/z8Gt\/8zAq\/\/GuqT\/v7Gb\/7ipk\/+0p5L\/tKya\/7m3qv\/Bxrz\/ydTN\/8\/d1\/8AvZqD\/7+diP\/Dp5L\/yLKe\/8y7p\/\/Nv6v\/yr6p\/8S3ov+8rpj\/taaP\/7Gjjv+xqJf\/t7Sn\/7\/Euv\/H0sv\/zdvW\/wC3k37\/uZeC\/72gjf\/Cq5j\/xrSh\/8e4pf\/EtqL\/va+a\/7Wlj\/+tnIX\/qZmE\/6mejv+vrKD\/uLy0\/8HLxf\/H1dH\/AK2Kdv+vjnr\/s5eF\/7mikP+8qpn\/va2c\/7qqmP+zoo7\/qZaB\/6GMdv+ciHX\/nY+B\/6Oflf+tsav\/t8K9\/77Nyv8Aon9t\/6ODcv+ojHz\/rZeH\/7Gej\/+xoZH\/rZyL\/6WSgP+ahHD\/kXhj\/4t0Yv+NfnH\/lZCJ\/6Glof+st7X\/tMPC\/wCWdGb\/mHhq\/5yBdP+hjH\/\/pJKG\/6SThv+fjYD\/lYFy\/4lxYP9+Y1H\/eWBR\/3xsZP+Hg3\/\/lZqa\/6Gur\/+qu73\/AIxtYv+OcGb\/knlv\/5aCef+YiH\/\/l4h+\/5CAd\/+Fc2j\/eGFV\/2xRRv9nT0j\/bGBe\/3p6e\/+KlJb\/mais\/6O2uf8Ah2lh\/4htZP+LdG3\/jnx1\/46Aev+Lf3r\/g3dy\/3dpZP9oV1P\/XElH\/1hKTP9hXmL\/cnh9\/4SSl\/+Upqz\/nrO5\/wCFamL\/hWxl\/4dybP+IeXT\/h3x4\/4J6eP94c3H\/a2Zm\/1xWWf9QTFL\/T1BY\/1tja\/9ufIP\/gpSa\/5Knrf+ds7n\/AIZsZP+Gbmb\/hnNs\/4V4c\/+Cenf\/e3h3\/3Fxc\/9iZ2r\/VFth\/0pVXv9MW2T\/W2x1\/2+Cif+Dl57\/kqmu\/520uf8AiG5j\/4dvZf+Hc2v\/hHdx\/394df93d3b\/a3Fz\/11pbf9QYWj\/SF5n\/01lbv9dc3z\/cIaN\/4OZn\/+SqK3\/nLK2\/wCJbl\/\/iW9h\/4dyZv+DdGz\/fXZw\/3R0cv9ocHH\/Wmpu\/05ka\/9JZGz\/T2py\/193fv9xh43\/g5eb\/5GkqP+arbD\/AIprV\/+JbFn\/hm5e\/4FwZP96cWn\/cXBr\/2Rsa\/9YaGr\/TWRp\/0pka\/9RanH\/X3Z7\/3CEh\/+AkZT\/jZ2e\/5Wkpf8AiWZL\/4hmTf+FaFL\/f2pY\/3hqXv9uaWL\/YmZj\/1ZjY\/9MYGP\/SmFl\/1Bna\/9dcHP\/bXx+\/3yIiP+HkpH\/j5iX\/wCHXzv\/hmA+\/4JhRP99Y0v\/dWNS\/2tiVv9fYFn\/U11a\/0tbW\/9IXF3\/T2Bi\/1tpaf9pc3L\/dn17\/4GGgv+Ii4f\/AIVaLP+EWzD\/gVw3\/3tdQP9zXUf\/aVxN\/11aUP9SWFL\/SVZU\/0dWVv9NWlr\/WGJg\/2VraP9ydHD\/fHx2\/4KBe\/8UgoxP2ohB+gAAAABJRU5ErkJggg=='\/%3E%3C\/svg%3E&quot;)\" src=\"https:\/\/www.europesays.com\/de\/wp-content\/uploads\/2025\/07\/max-bornmann-posiert-12.jpg\" fetchpriority=\"auto\"\/>Instagram \/ max_bornmann<img decoding=\"async\" alt=\"Bilder Gallerie Button\" class=\"absolute bottom-[7px] right-[3px] w-[54px] h-[54px] group-hover:scale-110 transition-transform duration-300\" src=\"https:\/\/www.europesays.com\/de\/wp-content\/uploads\/2025\/03\/galerie_button.png\" loading=\"lazy\"\/>Max Bornmann, Reality-TV-Star<\/p>\n<p>Das hei\u00dfe Flirten zwischen Max und Maria \u2013 was denkt ihr dar\u00fcber?<\/p>\n<p>Ergebnis anzeigen<\/p>\n","protected":false},"excerpt":{"rendered":"Max Bornmann sorgt in der aktuellen Beauty &amp; The Nerd-Folge erneut f\u00fcr Wirbel. Der flirtfreudige Kandidat nimmt in&hellip;\n","protected":false},"author":2,"featured_media":258827,"comment_status":"","ping_status":"","sticky":false,"template":"","format":"standard","meta":{"footnotes":""},"categories":[1773],"tags":[29,214,30,471,1780,215],"class_list":{"0":"post-258826","1":"post","2":"type-post","3":"status-publish","4":"format-standard","5":"has-post-thumbnail","7":"category-serien","8":"tag-deutschland","9":"tag-entertainment","10":"tag-germany","11":"tag-serien","12":"tag-series","13":"tag-unterhaltung"},"share_on_mastodon":{"url":"https:\/\/pubeurope.com\/@de\/114832359317811781","error":""},"_links":{"self":[{"href":"https:\/\/www.europesays.com\/de\/wp-json\/wp\/v2\/posts\/258826","targetHints":{"allow":["GET"]}}],"collection":[{"href":"https:\/\/www.europesays.com\/de\/wp-json\/wp\/v2\/posts"}],"about":[{"href":"https:\/\/www.europesays.com\/de\/wp-json\/wp\/v2\/types\/post"}],"author":[{"embeddable":true,"href":"https:\/\/www.europesays.com\/de\/wp-json\/wp\/v2\/users\/2"}],"replies":[{"embeddable":true,"href":"https:\/\/www.europesays.com\/de\/wp-json\/wp\/v2\/comments?post=258826"}],"version-history":[{"count":0,"href":"https:\/\/www.europesays.com\/de\/wp-json\/wp\/v2\/posts\/258826\/revisions"}],"wp:featuredmedia":[{"embeddable":true,"href":"https:\/\/www.europesays.com\/de\/wp-json\/wp\/v2\/media\/258827"}],"wp:attachment":[{"href":"https:\/\/www.europesays.com\/de\/wp-json\/wp\/v2\/media?parent=258826"}],"wp:term":[{"taxonomy":"category","embeddable":true,"href":"https:\/\/www.europesays.com\/de\/wp-json\/wp\/v2\/categories?post=258826"},{"taxonomy":"post_tag","embeddable":true,"href":"https:\/\/www.europesays.com\/de\/wp-json\/wp\/v2\/tags?post=258826"}],"curies":[{"name":"wp","href":"https:\/\/api.w.org\/{rel}","templated":true}]}}