{"id":258856,"date":"2025-07-11T03:13:14","date_gmt":"2025-07-11T03:13:14","guid":{"rendered":"https:\/\/www.europesays.com\/de\/258856\/"},"modified":"2025-07-11T03:13:14","modified_gmt":"2025-07-11T03:13:14","slug":"goldene-hochzeit-von-christiane-und-helmut-kraft","status":"publish","type":"post","link":"https:\/\/www.europesays.com\/de\/258856\/","title":{"rendered":"Goldene Hochzeit von Christiane und Helmut Kraft"},"content":{"rendered":"<p class=\"text_ohne_einzug richtext text-em-55 !leading-serif mx-6 desktop:mx-0\">  Das Fest der Goldenen Hochzeit k\u00f6nnen Christiane (72) und Helmut Kraft (78) aus dem Korschenbroicher Ortsteil Raderbroich feiern. Am 11. Juli 1975 gaben sie einander im K\u00f6lner Standesamt das Ja-Wort, die kirchliche Trauung erfolgte gleich am n\u00e4chsten Tag. Zu den Gratulanten z\u00e4hlen die drei Kinder des Paares, sowie sechs Enkelkinder.<\/p>\n","protected":false},"excerpt":{"rendered":"Das Fest der Goldenen Hochzeit k\u00f6nnen Christiane (72) und Helmut Kraft (78) aus dem Korschenbroicher Ortsteil Raderbroich feiern.&hellip;\n","protected":false},"author":2,"featured_media":258857,"comment_status":"","ping_status":"","sticky":false,"template":"","format":"standard","meta":{"footnotes":""},"categories":[1849],"tags":[39429,3364,29,78832,548,663,3934,30,13,78831,5316,15146,4455,14,15,1209,12,20953],"class_list":{"0":"post-258856","1":"post","2":"type-post","3":"status-publish","4":"format-standard","5":"has-post-thumbnail","7":"category-moenchengladbach","8":"tag-christiane","9":"tag-de","10":"tag-deutschland","11":"tag-einander","12":"tag-eu","13":"tag-europa","14":"tag-europe","15":"tag-germany","16":"tag-headlines","17":"tag-helmut","18":"tag-kraft","19":"tag-luecke","20":"tag-moenchengladbach","21":"tag-nachrichten","22":"tag-news","23":"tag-nordrhein-westfalen","24":"tag-schlagzeilen","25":"tag-uniklinik"},"share_on_mastodon":{"url":"https:\/\/pubeurope.com\/@de\/114832422264833525","error":""},"_links":{"self":[{"href":"https:\/\/www.europesays.com\/de\/wp-json\/wp\/v2\/posts\/258856","targetHints":{"allow":["GET"]}}],"collection":[{"href":"https:\/\/www.europesays.com\/de\/wp-json\/wp\/v2\/posts"}],"about":[{"href":"https:\/\/www.europesays.com\/de\/wp-json\/wp\/v2\/types\/post"}],"author":[{"embeddable":true,"href":"https:\/\/www.europesays.com\/de\/wp-json\/wp\/v2\/users\/2"}],"replies":[{"embeddable":true,"href":"https:\/\/www.europesays.com\/de\/wp-json\/wp\/v2\/comments?post=258856"}],"version-history":[{"count":0,"href":"https:\/\/www.europesays.com\/de\/wp-json\/wp\/v2\/posts\/258856\/revisions"}],"wp:featuredmedia":[{"embeddable":true,"href":"https:\/\/www.europesays.com\/de\/wp-json\/wp\/v2\/media\/258857"}],"wp:attachment":[{"href":"https:\/\/www.europesays.com\/de\/wp-json\/wp\/v2\/media?parent=258856"}],"wp:term":[{"taxonomy":"category","embeddable":true,"href":"https:\/\/www.europesays.com\/de\/wp-json\/wp\/v2\/categories?post=258856"},{"taxonomy":"post_tag","embeddable":true,"href":"https:\/\/www.europesays.com\/de\/wp-json\/wp\/v2\/tags?post=258856"}],"curies":[{"name":"wp","href":"https:\/\/api.w.org\/{rel}","templated":true}]}}